{"id":3593,"date":"2018-11-16T13:29:10","date_gmt":"2018-11-16T12:29:10","guid":{"rendered":"https:\/\/www.notebook.hu\/blog\/?p=3593"},"modified":"2018-11-23T09:42:48","modified_gmt":"2018-11-23T08:42:48","slug":"huawei-mate-20-pro-teszt","status":"publish","type":"post","link":"https:\/\/www.notebook.hu\/blog\/huawei-mate-20-pro-teszt\/","title":{"rendered":"Huawei Mate 20 Pro Teszt | Az \u00c9V LEGJOBB telefonja!"},"content":{"rendered":"<p><a href=\"https:\/\/www.notebook.hu\/blog\/wp-content\/uploads\/2018\/11\/HuaweiMate20Pro_Blog.png\"><img decoding=\"async\" src=\"https:\/\/www.notebook.hu\/blog\/wp-content\/uploads\/2018\/11\/HuaweiMate20Pro_Blog-1024x536.png\" alt=\"\" width=\"412\" \/><\/a><\/p>\n<p><strong>T\u0171nhet k\u00f6lt\u0151i t\u00falz\u00e1snak, vagy az internetes tartalomgy\u00e1rt\u00e1st m\u00e1r r\u00e9gmegfert\u0151z\u0151 \u201eclickbait\u201d c\u00edmad\u00e1snak a fenti, de ez\u00fattal van m\u00f6g\u00f6tte b\u0151ven tartalom. A Huawei egy olyan telefont rakott \u00f6ssze, ami mindenben maradand\u00f3t alkotott, s ha csak nem \u00e9rkezik meglepet\u00e9s m\u00e9g decemberben, sz\u00e1momra biztosan ez lesz az \u00e9v cs\u00facs mobilja!<\/strong><\/p>\n<p><strong>K\u00fcls\u0151 \u00e9s eszk\u00f6zt\u00e1r | Pr\u00e9mium diz\u00e1jn<\/strong><\/p>\n<p>Ny\u00e1lcsorgat\u00e1sra felk\u00e9sz\u00fclni\u2026 3\u2026 2\u2026 1! A telefon nagy, sz\u00e9p \u00e9s sikaml\u00f3s. Igen, ha tetszik, ha nem ennyi negat\u00edvumot m\u00e9g gyorsan, az elej\u00e9n le kell sz\u00f6gezni (sok am\u00fagy sem lesz a tov\u00e1bbiakban, sz\u00f3val a pesszimist\u00e1knak is jusson valami). Amikor egy ilyen \u00e9rt\u00e9k\u0171 telefon van a kezemben tok \u00e9s mindenf\u00e9le v\u00e9delem n\u00e9lk\u00fcl, bekapcsol egyfajta paranoid \u00e9rzet, hogy \u201eha ezt elejted, a pokolban \u00faj bugyrot nyitnak neked a c\u00e9gvezet\u0151k\u201d. Az \u00fcveg el\u0151-h\u00e1tlap miatt cs\u00fasz\u00f3s, sikaml\u00f3s \u00e9rzet csak \u00fagy k\u00e9zben tartani a Huawei Mate 20 Prot, de annyira rossz \u00e9rz\u00e9s lenne szilikon, vagy b\u0151rtokba rejteni ezt a k\u00fcls\u0151t! A h\u00e1rmas sz\u00edn\u00e1tmenetet produk\u00e1l\u00f3 h\u00e1tlap (k\u00e9k-lila-fekete) egyszer\u0171en zseni\u00e1lisan n\u00e9z ki, a h\u00e1tlapra kialak\u00edtott kamera panel a v\u00e1rtn\u00e1l sokkal eleg\u00e1nsabb \u00f6sszk\u00e9pet hoz, amire a halv\u00e1ny, abszol\u00fat nem hivalkod\u00f3 Huawei \u00e9s Leica brandingek is eleg\u00e1nsan lettek elhelyezve. Oldalt folytat\u00f3dik a sz\u00ednorgia, amit az expon\u00e1l\u00f3 gombk\u00e9nt is funkcion\u00e1l\u00f3 lock piros fest\u00e9se f\u0171szerez meg. El\u00fct, de m\u00e9gis j\u00f3l mutat \u00f6sszhat\u00e1s\u00e1ban ez az elem, az el\u0151lap fel\u00e9 haladva az eleg\u00e1ns feketes\u00e9gben, amit csak egy apr\u00f3cska kamera \u00e9s hangsz\u00f3r\u00f3 t\u00f6r meg, sejtelmesen megb\u00fajik a m\u00e9retes kijelz\u0151. A lez\u00faz\u00e1s\u00e1t\u00f3l val\u00f3 paranoi\u00e1t lek\u00fczdve, iszony\u00faan j\u00f3 \u00e9rz\u00e9s k\u00e9zben tartani ezt a m\u00e9retes telefont. L\u00e9v\u00e9n Mate-sz\u00e9ri\u00e1r\u00f3l besz\u00e9l\u00fcnk, a k\u00e9sz\u00fcl\u00e9k 157.8 x 72.3 x 8.6 mm-es dimenzi\u00f3i egy izmosabb phablet m\u00e9reteinek felelnek meg. Elism\u00e9telhetj\u00fck a szok\u00e1sos passzusokat, hogy kisebb kez\u0171 felhaszn\u00e1l\u00f3knak kev\u00e9ss\u00e9 lesz k\u00e9nyelmes, illetve hogy ez egy igazi k\u00e9t kezes telefon, de aki a Mate-sz\u00e9ri\u00e1t ismeri (vagy a Samsungn\u00e1l a Note-ot), az m\u00e1r elve sz\u00e1m\u00edt arra, hogy nagydarab eszk\u00f6zr\u0151l van sz\u00f3. M\u00e9retei ellen\u00e9re nem nevezhet\u0151 s\u00falyosnak, a maga 189 grammos m\u00e9rlegel\u00e9s\u00e9vel, ami\u00e9rt pacsi a m\u00e9rn\u00f6k\u00f6knek.<\/p>\n<p><a href=\"https:\/\/www.notebook.hu\/blog\/wp-content\/uploads\/2018\/11\/HuaweiMte20Pro_04.png\"><img loading=\"lazy\" decoding=\"async\" data-attachment-id=\"3597\" data-permalink=\"https:\/\/www.notebook.hu\/blog\/huawei-mate-20-pro-teszt\/huaweimte20pro_04\/\" data-orig-file=\"https:\/\/www.notebook.hu\/blog\/wp-content\/uploads\/2018\/11\/HuaweiMte20Pro_04.png\" data-orig-size=\"1920,1080\" data-comments-opened=\"0\" data-image-meta=\"{&quot;aperture&quot;:&quot;0&quot;,&quot;credit&quot;:&quot;&quot;,&quot;camera&quot;:&quot;&quot;,&quot;caption&quot;:&quot;&quot;,&quot;created_timestamp&quot;:&quot;0&quot;,&quot;copyright&quot;:&quot;&quot;,&quot;focal_length&quot;:&quot;0&quot;,&quot;iso&quot;:&quot;0&quot;,&quot;shutter_speed&quot;:&quot;0&quot;,&quot;title&quot;:&quot;&quot;,&quot;orientation&quot;:&quot;0&quot;}\" data-image-title=\"HuaweiMte20Pro_04\" data-image-description=\"\" data-image-caption=\"\" data-medium-file=\"https:\/\/www.notebook.hu\/blog\/wp-content\/uploads\/2018\/11\/HuaweiMte20Pro_04-300x169.png\" data-large-file=\"https:\/\/www.notebook.hu\/blog\/wp-content\/uploads\/2018\/11\/HuaweiMte20Pro_04-1024x576.png\" class=\"alignnone size-large wp-image-3597\" src=\"https:\/\/www.notebook.hu\/blog\/wp-content\/uploads\/2018\/11\/HuaweiMte20Pro_04-1024x576.png\" alt=\"\" width=\"618\" height=\"348\" srcset=\"https:\/\/www.notebook.hu\/blog\/wp-content\/uploads\/2018\/11\/HuaweiMte20Pro_04-1024x576.png 1024w, https:\/\/www.notebook.hu\/blog\/wp-content\/uploads\/2018\/11\/HuaweiMte20Pro_04-300x169.png 300w, https:\/\/www.notebook.hu\/blog\/wp-content\/uploads\/2018\/11\/HuaweiMte20Pro_04-768x432.png 768w, https:\/\/www.notebook.hu\/blog\/wp-content\/uploads\/2018\/11\/HuaweiMte20Pro_04.png 1920w\" sizes=\"auto, (max-width: 618px) 100vw, 618px\" \/><\/a><\/p>\n<p>Nagy a telefon, nagy a kijelz\u0151 is, nyilv\u00e1n. A panel 87.9% kijelz\u0151-test ar\u00e1nya impoz\u00e1ns, h\u00e1t m\u00e9g a t\u00e9nyek, hogy AMOLED-r\u0151l besz\u00e9l\u00fcnk, 16 milli\u00f3 sz\u00edn megjelen\u00edt\u00e9s\u00e9re k\u00e9pes \u00e9s 6.39 inches. A kijelz\u0151 \u00edgy 1440 x 3120 pixel felbont\u00e1s\u00fa, 19.5:9 k\u00e9par\u00e1nnyal rendelkezik \u00e9s 538 ppi-s pixels\u0171r\u0171s\u00e9ggel. Hogy milyen a min\u0151s\u00e9ge? Gy\u00f6ny\u00f6r\u0171 sz\u00ednek, hib\u00e1tlan flow-\u00e9lm\u00e9ny az anim\u00e1ci\u00f3kban (err\u0151l term\u00e9szetesen a processzor is tehet) \u00e9s igazi ny\u00e1lcsorgat\u00e1s egy jobb min\u0151s\u00e9g\u0171 vide\u00f3 megtekint\u00e9se k\u00f6zben. Notch van, a sima verzi\u00f3n\u00e1l kisebb, a Pro verzi\u00f3n\u00e1l nagyobb\u2026 \u00e9n kedvelem ezt a megold\u00e1st, aki nem, az meg k\u00e9nytelen lesz elfogadni, vagy haszn\u00e1lni az erre dedik\u00e1lt \u201eelt\u00fcntet\u0151\u201d men\u00fcpontot, amivel az AMOLED kijelz\u0151 adott r\u00e9sze kit\u00f6lti az \u00f6rd\u00f6gszarvakat a notch-nak megfelel\u0151 fekete sz\u00ednnel, \u00edgy azt a hat\u00e1st keltve, mintha ott nem folytat\u00f3dna a kijelz\u0151. \u00a0Ellenpontnak felhozhat\u00f3, hogy a kijelz\u0151 m\u00e9rete miatt t\u00f6bbsz\u00f6r is \u201ebel\u00f3gott\u201d a tenyerem a kapacit\u00edv \u00e9rint\u0151gombokhoz, ha d\u00f6ntve haszn\u00e1ltam a telefont, pl. j\u00e1t\u00e9k k\u00f6zben. Ugyan f\u00e9ltettem az eszk\u00f6zt a \u201epof\u00e1ra es\u00e9st\u0151l\u201d, a Huawei gondoskodott n\u00e9mi v\u00e9delemr\u0151l is, hiszen a kijelz\u0151 el\u00e9 Gorilla Glass \u00fcveget tett (hogy pontosan milyet, arr\u00f3l nincs info), valamint az IP68-as szabv\u00e1nynak h\u00e1la por-, \u00e9s bizonyos m\u00e9rt\u00e9kig v\u00edz\u00e1ll\u00f3. A legszexibb eleme, a combos teljes\u00edtm\u00e9ny mellett, itt tal\u00e1lhat\u00f3 az el\u0151lapnak, ami nem m\u00e1s, mint a k\u00e9perny\u0151be \u00e9p\u00edtett ujjlenyomat szkenner! Nem tudom, hogy a t\u00e9li id\u0151szakban hogy fog viselkedni, de jelen k\u00f6r\u00fclm\u00e9nyek k\u00f6zt egy, nagyon max k\u00e9t alkalom volt, hogy nem \u00e9rz\u00e9kelte els\u0151 pr\u00f3b\u00e1lkoz\u00e1sra a tapint\u00e1somat. Prec\u00edz, pontos \u00edgy a 3D-s arcfelismer\u00e9s igaz\u00e1n nem is hi\u00e1nyzik, annak ellen\u00e9re, hogy van r\u00e1 lehet\u0151s\u00e9g\u00fcnk.<\/p>\n<p><a href=\"https:\/\/www.notebook.hu\/blog\/wp-content\/uploads\/2018\/11\/HuaweiMte20Pro_05.jpg\"><img loading=\"lazy\" decoding=\"async\" data-attachment-id=\"3600\" data-permalink=\"https:\/\/www.notebook.hu\/blog\/huawei-mate-20-pro-teszt\/huaweimte20pro_05\/\" data-orig-file=\"https:\/\/www.notebook.hu\/blog\/wp-content\/uploads\/2018\/11\/HuaweiMte20Pro_05.jpg\" data-orig-size=\"1920,1080\" data-comments-opened=\"0\" data-image-meta=\"{&quot;aperture&quot;:&quot;0&quot;,&quot;credit&quot;:&quot;&quot;,&quot;camera&quot;:&quot;&quot;,&quot;caption&quot;:&quot;&quot;,&quot;created_timestamp&quot;:&quot;0&quot;,&quot;copyright&quot;:&quot;&quot;,&quot;focal_length&quot;:&quot;0&quot;,&quot;iso&quot;:&quot;0&quot;,&quot;shutter_speed&quot;:&quot;0&quot;,&quot;title&quot;:&quot;&quot;,&quot;orientation&quot;:&quot;0&quot;}\" data-image-title=\"HuaweiMte20Pro_05\" data-image-description=\"\" data-image-caption=\"\" data-medium-file=\"https:\/\/www.notebook.hu\/blog\/wp-content\/uploads\/2018\/11\/HuaweiMte20Pro_05-300x169.jpg\" data-large-file=\"https:\/\/www.notebook.hu\/blog\/wp-content\/uploads\/2018\/11\/HuaweiMte20Pro_05-1024x576.jpg\" class=\"alignnone size-large wp-image-3600\" src=\"https:\/\/www.notebook.hu\/blog\/wp-content\/uploads\/2018\/11\/HuaweiMte20Pro_05-1024x576.jpg\" alt=\"\" width=\"618\" height=\"348\" srcset=\"https:\/\/www.notebook.hu\/blog\/wp-content\/uploads\/2018\/11\/HuaweiMte20Pro_05-1024x576.jpg 1024w, https:\/\/www.notebook.hu\/blog\/wp-content\/uploads\/2018\/11\/HuaweiMte20Pro_05-300x169.jpg 300w, https:\/\/www.notebook.hu\/blog\/wp-content\/uploads\/2018\/11\/HuaweiMte20Pro_05-768x432.jpg 768w, https:\/\/www.notebook.hu\/blog\/wp-content\/uploads\/2018\/11\/HuaweiMte20Pro_05.jpg 1920w\" sizes=\"auto, (max-width: 618px) 100vw, 618px\" \/><\/a><\/p>\n<p>Az eszk\u00f6zt\u00e1rr\u00f3l m\u00e9g ejten\u00fcnk kell egy p\u00e1r sz\u00f3t. A standard portok k\u00f6z\u00fcl a jack hi\u00e1nyzik, viszont kaptunk egy \u00e1talak\u00edt\u00f3t, amivel a megl\u00e9v\u0151 USB 3.1 Type-C-b\u0151l tudunk 3.5-es combo-audio portot var\u00e1zsolni. Be\u00e9p\u00edtett\u00e9k a megszokott egys\u00e9geket, mint az 5.0\u00e1s Bluetooth port, vagy a Wi-Fi-vev\u0151 802.11 a\/b\/g\/n\/ac-szabv\u00e1nnyal, illetve t\u00e1mogatja a GLONASS, NFC \u00e9s Galileo lehet\u0151s\u00e9geket, na meg egy infra jelad\u00f3t is tal\u00e1lunk. Hang\u00e9lm\u00e9ny ter\u00e9n sem lehet panaszunk a Mate 20 Pro-ra, hiszen a sztereo hangsz\u00f3r\u00f3k remek min\u0151s\u00e9g\u0171 hull\u00e1mokkal rezegtetik meg dobh\u00e1rty\u00e1nk hall\u00f3idegeit (ez van, amikor a \u201ehang\u201d-ra m\u00e1r nem tal\u00e1lsz megfelel\u0151 szinonim\u00e1t\u2026).<\/p>\n<p><em>K\u00edv\u00e1ncsi lenn\u00e9l egy vide\u00f3s term\u00e9kbemutat\u00f3ra? N\u00e9zd meg most a HUAWEI Mate 20 Pro-t a YouTube-csatorn\u00e1nkra k\u00e9sz\u00fclt vide\u00f3n kereszt\u00fcl is!<\/em><\/p>\n<p><iframe loading=\"lazy\" src=\"https:\/\/www.youtube.com\/embed\/qW-kJhq45ng\" width=\"560\" height=\"315\" frameborder=\"0\" allowfullscreen=\"allowfullscreen\"><\/iframe><\/p>\n<p><strong>Teljes\u00edtm\u00e9ny | 99%<\/strong><\/p>\n<p>Mit is takar ez az alc\u00edm? Lem\u00e9rtem az AnTuTu Benchmarkon a Huawei Mate 20 Pro teljes\u00edtm\u00e9ny\u00e9t \u00e9s az app a teszt lefuttat\u00e1sa ut\u00e1n 311566 pontot \u00edrt ki, illetve alatta egy kis megjegyz\u00e9st: \u201eEz az eredm\u00e9ny a kor\u00e1bbi tesztek 99%-\u00e1n\u00e1l jobb\u201d. Kell-e ett\u0151l komolyabb magyar\u00e1zat arra, hogy milyen iszony\u00fa er\u0151 lakozik a k\u00e9t \u00fcveglap k\u00f6z\u00e9 z\u00e1rva? Az AnTuTu nem csak a j\u00e1t\u00e9kok futtat\u00e1s\u00e1ra, de a h\u00e9tk\u00f6znapibb appok m\u0171k\u00f6d\u00e9s\u00e9re is haszn\u00e1l m\u00e9r\u00e9seket \u00e9s ezeket \u00f6sszegezte \u00edgy\u2026 nem csak j\u00e1t\u00e9kra van optimaliz\u00e1lva teh\u00e1t a Mate 20, hanem minden program \u00e9s futtatni val\u00f3 applik\u00e1ci\u00f3 k\u00f6nnyeden elfut majd rajta. Mi produk\u00e1lja benne ezt a brut\u00e1lis teljes\u00edtm\u00e9nyt? Egy 7 nm-es HiSilicon Kirin 980-as processzor, ami a maga nyolc magj\u00e1val (2 darab 2.6 GHz Cortex-A76-os, szint\u00e9n 2 db 1.92 GHz Cortex-A76-os \u00e9s 4 darab 1.8 GHz Cortex-A55-es) \u00e9s Mali-G76 MP10-es GPU-ja tehet arr\u00f3l, hogy a Mate 20 Pro lesz a megugrand\u00f3 l\u00e9c a j\u00f6v\u0151ben. Ehhez hozz\u00e1ad\u00f3dik m\u00e9g 6 GB RAM, ami t\u00f6k\u00e9letesen illik az el\u0151bbi p\u00e1roshoz, de aki szeretne, tal\u00e1lhat bel\u0151le majd 8GB-s v\u00e1ltozatot is. Ahogy a mem\u00f3ri\u00e1b\u00f3l k\u00e9t v\u00e1ltozat van, \u00fagy h\u00e1tt\u00e9rt\u00e1rb\u00f3l is kaptunk k\u00e9t v\u00e1ltozatot: a \u201ekisebb\u201d 128GB-os, a nagyobb 256 GB-s. A t\u00e1rhely am\u00fagy eg\u00e9szen eddig b\u0151v\u00edthet\u0151 a 128 GB-s v\u00e1ltozatn\u00e1l, a SIM-t\u00e1lca dual kioszt\u00e1s\u00e1nak k\u00f6sz\u00f6nhet\u0151en. OS-k\u00e9nt a leg\u00fajabb Android 9 Pie dolgozott, annak is a 9.0-\u00e1s EMUI v\u00e1ltozat\u00e1val, a tesztid\u0151szakunk alatt hib\u00e1tlanul. A pr\u00f3bak\u00f6rb\u0151l term\u00e9szetesen a j\u00e1t\u00e9kokat nem hagyhattuk ki, na meg a t\u00f6bbi tesztprogramot sem: a 3DMark 4204 \u00e9s 4297 pontot produk\u00e1lt, ami 96-99%-os gy\u0151zelmi r\u00e1t\u00e1t produk\u00e1lt a t\u00f6bbi m\u00e9r\u00e9ssel szemben, az AnTuTu-hoz hasonl\u00f3an. A Geekbench 4 Single-Core eredm\u00e9nye 3379 pont, a Multi-Core pedig 10175 lett (itt csak tavalyi telefonhoz tudok viszony\u00edtani, a Galaxy Note 8-hoz k\u00e9pest 1400 ponttal \u00e9s 3700 ponttal kapott t\u00f6bbet a k\u00fcl\u00f6n kateg\u00f3ri\u00e1kban a Mate 20 Pro). Na \u00e9s akkor t\u00e9rj\u00fcnk r\u00e1 a j\u00e1t\u00e9kokra: PUBG Mobile, Breakneck \u00e9s Need for Speed No Limits. Term\u00e9szetesen ezek sem okoztak k\u00fcl\u00f6n\u00f6sebb probl\u00e9m\u00e1t a tesztalanyunknak, sz\u00f3val aki j\u00e1t\u00e9kra akarja f\u0151leg haszn\u00e1lni, annak nem lesz rossz szava a Mate 20 Pro-ra. A kijelz\u0151 \u00e9s a h\u00e1zban rejl\u0151 er\u0151 energiaell\u00e1t\u00e1s\u00e1r\u00f3l egy 4200 mAh-s akku dolgozik, ami ak\u00e1r k\u00e9t intenz\u00edvebb napot is kib\u00edr t\u00f6lt\u00e9s n\u00e9lk\u00fcl (gyorst\u00f6lt\u00e9sre alkalmas a csomagban rejl\u0151 t\u00f6lt\u0151, \u00fagyhogy nem kell sokat v\u00e1rnunk a koppra mer\u00fcl\u00e9s \u00e9s a 100% k\u00f6z\u00f6tt \u2013 nagyj\u00e1b\u00f3l m\u00e1sf\u00e9l \u00f3ra).<\/p>\n<p><a href=\"https:\/\/www.notebook.hu\/blog\/wp-content\/uploads\/2018\/11\/HuaweiMte20Pro_01.jpg\"><img loading=\"lazy\" decoding=\"async\" data-attachment-id=\"3601\" data-permalink=\"https:\/\/www.notebook.hu\/blog\/huawei-mate-20-pro-teszt\/huaweimte20pro_01\/\" data-orig-file=\"https:\/\/www.notebook.hu\/blog\/wp-content\/uploads\/2018\/11\/HuaweiMte20Pro_01.jpg\" data-orig-size=\"1920,1080\" data-comments-opened=\"0\" data-image-meta=\"{&quot;aperture&quot;:&quot;0&quot;,&quot;credit&quot;:&quot;&quot;,&quot;camera&quot;:&quot;&quot;,&quot;caption&quot;:&quot;&quot;,&quot;created_timestamp&quot;:&quot;0&quot;,&quot;copyright&quot;:&quot;&quot;,&quot;focal_length&quot;:&quot;0&quot;,&quot;iso&quot;:&quot;0&quot;,&quot;shutter_speed&quot;:&quot;0&quot;,&quot;title&quot;:&quot;&quot;,&quot;orientation&quot;:&quot;0&quot;}\" data-image-title=\"HuaweiMte20Pro_01\" data-image-description=\"\" data-image-caption=\"\" data-medium-file=\"https:\/\/www.notebook.hu\/blog\/wp-content\/uploads\/2018\/11\/HuaweiMte20Pro_01-300x169.jpg\" data-large-file=\"https:\/\/www.notebook.hu\/blog\/wp-content\/uploads\/2018\/11\/HuaweiMte20Pro_01-1024x576.jpg\" class=\"alignnone size-large wp-image-3601\" src=\"https:\/\/www.notebook.hu\/blog\/wp-content\/uploads\/2018\/11\/HuaweiMte20Pro_01-1024x576.jpg\" alt=\"\" width=\"618\" height=\"348\" srcset=\"https:\/\/www.notebook.hu\/blog\/wp-content\/uploads\/2018\/11\/HuaweiMte20Pro_01-1024x576.jpg 1024w, https:\/\/www.notebook.hu\/blog\/wp-content\/uploads\/2018\/11\/HuaweiMte20Pro_01-300x169.jpg 300w, https:\/\/www.notebook.hu\/blog\/wp-content\/uploads\/2018\/11\/HuaweiMte20Pro_01-768x432.jpg 768w, https:\/\/www.notebook.hu\/blog\/wp-content\/uploads\/2018\/11\/HuaweiMte20Pro_01.jpg 1920w\" sizes=\"auto, (max-width: 618px) 100vw, 618px\" \/><\/a><\/p>\n<p><strong>Kamera | H\u00e1rom a k\u00ednai igazs\u00e1g<\/strong><\/p>\n<p>Alig 1-2 \u00e9ve ismert\u00fck meg a dual kamerarendszert, lassan ott tartunk, hogy a telefongy\u00e1rt\u00f3k kimaxolj\u00e1k a szimpla \u00e9s dupla kamer\u00e1s megold\u00e1sokat \u00e9s r\u00e1t\u00e9rnek a tripl\u00e1z\u00e1sra. Ahogy a Samsung az A-sz\u00e9ri\u00e1n\u00e1l elkezdte bevetni a h\u00e1rom \u00e9s n\u00e9gy kamer\u00e1s kialak\u00edt\u00e1st, \u00fagy a Huawei is alkalmazni kezdte a kamera-triumvir\u00e1tus gondolat\u00e1t, ez\u00fattal a Mate 20 Pro-n\u00e1l. Adott a csomagban egy 40 MP-es, f\/1.8-as, 27mm-es nagy l\u00e1t\u00f3sz\u00f6g\u0171; egy 20 MP-es, f\/2.2-es rekesz\u0171, 16mm-es extra sz\u00e9les l\u00e1t\u00f3sz\u00f6g\u0171 \u00e9s egy 8 megapixeles, f\/2.4-es, 80mm-es tele lencse. Ez a komb\u00f3, megsp\u00e9kelve a Huawei kamera szoftver\u00e9vel zseni\u00e1lis egy\u00fcttm\u0171k\u00f6d\u00e9sre k\u00e9pes. A vide\u00f3s fronton ez a k\u00f6vetkez\u0151 felbont\u00e1sokra k\u00e9pes: 4K-s felbont\u00e1sban 30fps, 1080p-n 60 \u00e9s 30fps-ra, valamint k\u00e9pes a szuperlass\u00edt\u00e1sra, azaz a 720p-n 960 k\u00e9pkocka per m\u00e1sodpercre. A vide\u00f3kn\u00e1l alkalmazhat\u00f3 a H.265-\u00f6s t\u00f6m\u00f6r\u00edt\u00e9si be\u00e1ll\u00edt\u00e1s, ami cs\u00f6kkenti a felvett vide\u00f3k m\u00e9ret\u00e9t, ezzel pedig helyet sp\u00f3rolhatunk, az am\u00fagy termetes h\u00e1tt\u00e9rt\u00e1ron. Az automata \u00e9s a Pro m\u00f3d mellett szerepel term\u00e9szetesen a HDR funkci\u00f3, az AR, Time-lapse, a dokumentumok beolvas\u00e1sa, vagy a 3D panor\u00e1ma. K\u00fcl\u00f6n m\u00f3duszt kapott a Rekesz\u00e9rt\u00e9k \u00e9s a Portr\u00e9 m\u00f3d, el\u0151bbin\u00e9l gy\u00f6ny\u00f6r\u0171 fot\u00f3kat lehet \u00f6sszehozni az elhom\u00e1lyos\u00edtott h\u00e1tt\u00e9rb\u0151l kiemelked\u0151 elemekkel, ut\u00f3bbin\u00e1l pedig egy\u00e9ni megvil\u00e1g\u00edt\u00e1si m\u00f3dokat v\u00e1laszthatunk, valamint szerepel a beauty effect is. A zoomol\u00e1sn\u00e1l 4 szint \u00e9rhet\u0151 el: az alap, a h\u00e1romszoros, az \u00f6tsz\u00f6r zoom, valamint a 0.6-os opci\u00f3, ami egy enyhe halszem optika-szer\u0171en t\u00e1g\u00edtja a k\u00e9p sz\u00e9leit, ezzel nagyobb l\u00e1t\u00f3sz\u00f6get biztos\u00edtva (bevallom, nekem ez a kedvenc m\u00f3dom, a saj\u00e1t telefonomn\u00e1l ezt egy k\u00fcls\u0151 lencs\u00e9vel tudom el\u00e9rni). Ezek \u201ecsak\u201d az optikai zoom opci\u00f3k voltak, ugyanis digit\u00e1lisan ezt 10-szeresig fel lehet m\u00e9g h\u00fazni, az el\u0151n\u00e9zet pedig a be\u00e9p\u00edtett stabiliz\u00e1tornak h\u00e1la, m\u00e9g ekkora k\u00f6zel\u00edt\u00e9sn\u00e9l sem lesz brut\u00e1lisan remeg\u0151s. Az esti m\u00f3d a P20 Pro-hoz hasonl\u00f3an remek\u00fcl dolgozik, \u00e9les \u00e9s sz\u00e9p k\u00e9peket tudunk produk\u00e1lni, ha \u00edgy haszn\u00e1ljuk a telefont gyeng\u00e9bb f\u00e9nyk\u00f6r\u00fclm\u00e9nyek k\u00f6zt. K\u00e9pmin\u0151s\u00e9gben pazar, amit a Leica \u00e9s a Huawei \u00f6sszehozott, a c\u00e9gt\u0151l megszokott, nem t\u00falszatur\u00e1lt, kellemes sz\u00edneket hozza a Mate 20 Pro, a rengeteg be\u00e9p\u00edtett funkci\u00f3nak h\u00e1la pedig az \u00e1tlag felhaszn\u00e1l\u00f3 is k\u00f6nnyen k\u00e9sz\u00edthet l\u00e1tv\u00e1nyos \u00e9s izgalmas fot\u00f3kat, ut\u00f3munk\u00e1s ismeretek n\u00e9lk\u00fcl. Essen m\u00e9g sz\u00f3 az el\u0151lapi kamer\u00e1r\u00f3l is, ami egy 24 megapixeles, f\/2.0-\u00e1s rekesz\u0171, 26mm-es lencse. A szoftverben van HDR m\u00f3d, el\u0151lapi portr\u00e9 eset\u00e9n pedig befoly\u00e1solhatjuk a h\u00e1tt\u00e9rmos\u00e1st, k\u00fcl\u00f6nb\u00f6z\u0151 effektusokkal.<\/p>\n<p><a href=\"https:\/\/www.notebook.hu\/blog\/wp-content\/uploads\/2018\/11\/HuaweiMte20Pro_02.png\"><img loading=\"lazy\" decoding=\"async\" data-attachment-id=\"3598\" data-permalink=\"https:\/\/www.notebook.hu\/blog\/huawei-mate-20-pro-teszt\/huaweimte20pro_02\/\" data-orig-file=\"https:\/\/www.notebook.hu\/blog\/wp-content\/uploads\/2018\/11\/HuaweiMte20Pro_02.png\" data-orig-size=\"1920,1080\" data-comments-opened=\"0\" data-image-meta=\"{&quot;aperture&quot;:&quot;0&quot;,&quot;credit&quot;:&quot;&quot;,&quot;camera&quot;:&quot;&quot;,&quot;caption&quot;:&quot;&quot;,&quot;created_timestamp&quot;:&quot;0&quot;,&quot;copyright&quot;:&quot;&quot;,&quot;focal_length&quot;:&quot;0&quot;,&quot;iso&quot;:&quot;0&quot;,&quot;shutter_speed&quot;:&quot;0&quot;,&quot;title&quot;:&quot;&quot;,&quot;orientation&quot;:&quot;0&quot;}\" data-image-title=\"HuaweiMte20Pro_02\" data-image-description=\"\" data-image-caption=\"\" data-medium-file=\"https:\/\/www.notebook.hu\/blog\/wp-content\/uploads\/2018\/11\/HuaweiMte20Pro_02-300x169.png\" data-large-file=\"https:\/\/www.notebook.hu\/blog\/wp-content\/uploads\/2018\/11\/HuaweiMte20Pro_02-1024x576.png\" class=\"alignnone size-large wp-image-3598\" src=\"https:\/\/www.notebook.hu\/blog\/wp-content\/uploads\/2018\/11\/HuaweiMte20Pro_02-1024x576.png\" alt=\"\" width=\"618\" height=\"348\" srcset=\"https:\/\/www.notebook.hu\/blog\/wp-content\/uploads\/2018\/11\/HuaweiMte20Pro_02-1024x576.png 1024w, https:\/\/www.notebook.hu\/blog\/wp-content\/uploads\/2018\/11\/HuaweiMte20Pro_02-300x169.png 300w, https:\/\/www.notebook.hu\/blog\/wp-content\/uploads\/2018\/11\/HuaweiMte20Pro_02-768x432.png 768w, https:\/\/www.notebook.hu\/blog\/wp-content\/uploads\/2018\/11\/HuaweiMte20Pro_02.png 1920w\" sizes=\"auto, (max-width: 618px) 100vw, 618px\" \/><\/a><\/p>\n<p><strong>\u00d6sszefoglal\u00e1s<\/strong><\/p>\n<p>Neh\u00e9z \u00e9rdemi \u00f6sszefoglal\u00f3t \u00edrni egy olyan telefonhoz, amir\u0151l eddig csak szuperlat\u00edvuszokban tudtam besz\u00e9lni. Hi\u00e1nyoss\u00e1gai a m\u00e9ret\u00e9nek \u00e9s egy-k\u00e9t diz\u00e1jnbeli k\u00e9rd\u00e9snek voltak csak betudhat\u00f3ak, de ezt annyi pozit\u00edvummal ellens\u00falyozza, hogy azok porszemnek t\u0171nnek a sivatagban. A teljes\u00edtm\u00e9ny-kamera-diz\u00e1jn triumvir\u00e1tust igen er\u0151sen kimaxolja \u00e9s nagyon magasra teszi a cs\u00facstelefonok kateg\u00f3ri\u00e1j\u00e1ban azt a bizonyos l\u00e9cet, amit \u00e9vr\u0151l-\u00e9vre igyekeznek meg-megugrani a gy\u00e1rt\u00f3k. Vajon j\u00f6v\u0151re a Samsung 10-es sz\u00e9ri\u00e1ja mit tud ezzel kezdeni? A Huawei leveri majd a saj\u00e1t l\u00e9c\u00e9t a 30(?)-as sz\u00e9ri\u00e1val, vagy a Xiaomi-Oppo p\u00e1rosb\u00f3l j\u00f6n ki az Androidos telefonok \u00faj nagymen\u0151je 2019-ben? Nem tudom, de rettent\u0151en v\u00e1rom a v\u00e1laszt!<\/p>\n<p><em>A teszt alany\u00e1t term\u00e9szetesen megtal\u00e1lhatod a notebook.hu webshopj\u00e1ban is, a\u00a0<a href=\"https:\/\/www.notebook.hu\/huawei-mate-20-pro-viharkek\"><strong>Huawei Mate 20 Pro<\/strong><\/a> feliratra kattintva.\u00a0\u00a0<\/em><\/p>\n","protected":false},"excerpt":{"rendered":"<p>T\u0171nhet k\u00f6lt\u0151i t\u00falz\u00e1snak, vagy az internetes tartalomgy\u00e1rt\u00e1st m\u00e1r r\u00e9gmegfert\u0151z\u0151 \u201eclickbait\u201d c\u00edmad\u00e1snak a fenti, de ez\u00fattal van m\u00f6g\u00f6tte b\u0151ven tartalom. A Huawei egy olyan telefont rakott \u00f6ssze, ami mindenben maradand\u00f3t alkotott, s ha csak nem \u00e9rkezik meglepet\u00e9s m\u00e9g decemberben, sz\u00e1momra biztosan ez lesz az \u00e9v cs\u00facs mobilja! K\u00fcls\u0151 \u00e9s eszk\u00f6zt\u00e1r | Pr\u00e9mium diz\u00e1jn Ny\u00e1lcsorgat\u00e1sra felk\u00e9sz\u00fclni\u2026 3\u2026 &hellip;<\/p>\n","protected":false},"author":1,"featured_media":3595,"comment_status":"closed","ping_status":"open","sticky":false,"template":"","format":"standard","meta":{"_jetpack_memberships_contains_paid_content":false,"footnotes":""},"categories":[43],"tags":[549,548,544,543,547,542,545,546],"class_list":["post-3593","post","type-post","status-publish","format-standard","has-post-thumbnail","","category-tesztek","tag-2018-legjobb-telefonja","tag-az-ev-legjobb-telefonja","tag-huawei-mate-20","tag-huawei-mate-20-pro","tag-huawei-mate-20-pro-bemutato","tag-huawei-mate-20-pro-teszt","tag-mate-20-pro","tag-mate-20-pro-teszt"],"jetpack_featured_media_url":"https:\/\/www.notebook.hu\/blog\/wp-content\/uploads\/2018\/11\/HuaweiMate20Pro_Blog.png","jetpack_shortlink":"https:\/\/wp.me\/p9xSLL-VX","jetpack_sharing_enabled":true,"_links":{"self":[{"href":"https:\/\/www.notebook.hu\/blog\/wp-json\/wp\/v2\/posts\/3593","targetHints":{"allow":["GET"]}}],"collection":[{"href":"https:\/\/www.notebook.hu\/blog\/wp-json\/wp\/v2\/posts"}],"about":[{"href":"https:\/\/www.notebook.hu\/blog\/wp-json\/wp\/v2\/types\/post"}],"author":[{"embeddable":true,"href":"https:\/\/www.notebook.hu\/blog\/wp-json\/wp\/v2\/users\/1"}],"replies":[{"embeddable":true,"href":"https:\/\/www.notebook.hu\/blog\/wp-json\/wp\/v2\/comments?post=3593"}],"version-history":[{"count":8,"href":"https:\/\/www.notebook.hu\/blog\/wp-json\/wp\/v2\/posts\/3593\/revisions"}],"predecessor-version":[{"id":3655,"href":"https:\/\/www.notebook.hu\/blog\/wp-json\/wp\/v2\/posts\/3593\/revisions\/3655"}],"wp:featuredmedia":[{"embeddable":true,"href":"https:\/\/www.notebook.hu\/blog\/wp-json\/wp\/v2\/media\/3595"}],"wp:attachment":[{"href":"https:\/\/www.notebook.hu\/blog\/wp-json\/wp\/v2\/media?parent=3593"}],"wp:term":[{"taxonomy":"category","embeddable":true,"href":"https:\/\/www.notebook.hu\/blog\/wp-json\/wp\/v2\/categories?post=3593"},{"taxonomy":"post_tag","embeddable":true,"href":"https:\/\/www.notebook.hu\/blog\/wp-json\/wp\/v2\/tags?post=3593"}],"curies":[{"name":"wp","href":"https:\/\/api.w.org\/{rel}","templated":true}]}}