{"id":3563,"date":"2018-11-08T14:33:46","date_gmt":"2018-11-08T13:33:46","guid":{"rendered":"https:\/\/www.notebook.hu\/blog\/?p=3563"},"modified":"2018-11-08T14:33:56","modified_gmt":"2018-11-08T13:33:56","slug":"microsoft-surface-book-2-teszt","status":"publish","type":"post","link":"https:\/\/www.notebook.hu\/blog\/microsoft-surface-book-2-teszt\/","title":{"rendered":"Microsoft Surface Book 2 Teszt | K\u00f6nyvt\u00e1ram legf\u0151bb kincse"},"content":{"rendered":"<p><a href=\"https:\/\/www.notebook.hu\/blog\/wp-content\/uploads\/2018\/10\/micrososftsurfacebook2_blogthumbnail.png\"><img decoding=\"async\" src=\"https:\/\/www.notebook.hu\/blog\/wp-content\/uploads\/2018\/10\/micrososftsurfacebook2_blogthumbnail-1024x536.png\" alt=\"\" width=\"412\" \/><\/a><\/p>\n<p><strong>A Microsoft fogta mag\u00e1t, belen\u00e9zett a j\u00f6v\u0151l\u00e1t\u00f3 var\u00e1zsg\u00f6mbj\u00e9be, ahol valami igaz\u00e1n izgalmassal tal\u00e1lkozott: a notebookk\u00e9nt is m\u0171k\u00f6dtethet\u0151, cs\u00facsmin\u0151s\u00e9g\u0171 tablet kell a n\u00e9pnek, ami az office-multim\u00e9dia szf\u00e9ra cs\u00facsa lehet. Hogy torz\u00edtott-e a g\u00f6mb, vagy a Microsoft t\u00e9nyleg valami komolyat tett le a l\u00e1tom\u00e1st ut\u00e1n az asztalra, az a Microsoft Surface Book 2 teszt v\u00e9g\u00e9n kider\u00fcl!<\/strong><\/p>\n<p><strong>K\u00fcls\u0151 \u00e9s eszk\u00f6zt\u00e1r<\/strong><\/p>\n<p>A Surface Book 2-re r\u00e1n\u00e9zve egy dolog jutott eszembe: egy sv\u00e9d b\u00fatorgy\u00e1rban rendelt\u00e9k meg, hogy t\u00f6k\u00e9letesen illeszkedjen a H\u00f6ppenkvakkala asztalhoz \u00e9s az Indenvinger asztali l\u00e1mp\u00e1hoz. A letisztul, alap esetben sz\u00f6gletes, de t\u00f6bb pontj\u00e1n \u00edzl\u00e9sesen hajl\u00edtott form\u00e1val a Microsoft rendk\u00edv\u00fcli m\u00f3d betal\u00e1lt n\u00e1lam, pedig \u201esz\u00e9pnek\u201d nem tartom a notebookot. Pontosan, ink\u00e1bb csak annyira hat\u00e1sos, vagy \u00e9rdekes volt a k\u00fclseje, hogy megragadott az eg\u00e9sz. A burkolat vil\u00e1gos, csiszolt f\u00e9m, egy f\u00e9nyes Microsoft log\u00f3val megsp\u00e9kelve, illetve az el\u0151lapi oldalon egy m\u0171anyag peremmel, amin a lock \u00e9s hanger\u0151 gombok vannak. V\u00e1rjunk egy picit\u2026 lock gomb? Igen, ugyanis egy notebookk\u00e1 alak\u00edthat\u00f3 tabletr\u0151l besz\u00e9l\u00fcnk, \u00edgy a fizikai gombok ter\u00e9n, a kijelz\u0151nek sz\u00e1nt panelre is jutott p\u00e1r \u201emegnyomni val\u00f3\u201d. S, ha m\u00e1r a tablet ir\u00e1nyb\u00f3l k\u00f6zel\u00edt\u00fcnk, akkor a legnagyobb truv\u00e1jt pontosan az illeszt\u00e9sn\u00e9l tal\u00e1ljuk: egyr\u00e9szt ez a harmonika-szer\u0171 elem, ami a klasszikus zsan\u00e9rt felv\u00e1ltotta, baromi izgalmas, viszont kialak\u00edt\u00e1sa miatt fur\u00e1n fest az eg\u00e9sz. L\u00e9nyeg\u00e9ben, nem \u201ez\u00e1r\u00f3dik\u201d t\u00f6k\u00e9letesen a notebook, hanem egy ny\u00fajtott, csepp alak\u00fa r\u00e9s t\u00e1tong oldalt a lecsuk\u00e1s ut\u00e1n. A zsan\u00e9r am\u00fagy nagyj\u00e1b\u00f3l 120 fokban engedi kiny\u00edlni a g\u00e9pet, viszont a tabletes kialak\u00edt\u00e1snak k\u00f6sz\u00f6nhet\u0151en a kijelz\u0151t k\u00e9t ir\u00e1nyban is feltehetj\u00fck a panelre (\u00edgy a billenty\u0171zetb\u0151l sim\u00e1n lehet egy \u201eszimpla\u201d kijelz\u0151 \u00e1llv\u00e1ny is). A tasztat\u00fara ugyanazt a sz\u00fcrke sz\u00ednt kapta, mint az alapegys\u00e9g, \u00e9s egy halv\u00e1nyka feh\u00e9r h\u00e1tt\u00e9rvil\u00e1g\u00edt\u00e1st. S\u00f6t\u00e9tben haszn\u00e1lhat\u00f3 term\u00e9szetesen, ebben az id\u0151szakban a leghasznosabb is, de \u00e9rdekes, hogy nappali, vagy szimpl\u00e1n \u201egyeng\u00e9bb\u201d f\u00e9nyk\u00f6r\u00fclm\u00e9nyek k\u00f6z\u00f6tt alig l\u00e1tszik.<\/p>\n<p><a href=\"https:\/\/www.notebook.hu\/blog\/wp-content\/uploads\/2018\/10\/Microsoft-Surface-Book-2_01.jpg\"><img loading=\"lazy\" decoding=\"async\" data-attachment-id=\"3566\" data-permalink=\"https:\/\/www.notebook.hu\/blog\/microsoft-surface-book-2-teszt\/microsoft-surface-book-2_01\/\" data-orig-file=\"https:\/\/www.notebook.hu\/blog\/wp-content\/uploads\/2018\/10\/Microsoft-Surface-Book-2_01.jpg\" data-orig-size=\"1920,1080\" data-comments-opened=\"0\" data-image-meta=\"{&quot;aperture&quot;:&quot;0&quot;,&quot;credit&quot;:&quot;&quot;,&quot;camera&quot;:&quot;&quot;,&quot;caption&quot;:&quot;&quot;,&quot;created_timestamp&quot;:&quot;0&quot;,&quot;copyright&quot;:&quot;&quot;,&quot;focal_length&quot;:&quot;0&quot;,&quot;iso&quot;:&quot;0&quot;,&quot;shutter_speed&quot;:&quot;0&quot;,&quot;title&quot;:&quot;&quot;,&quot;orientation&quot;:&quot;0&quot;}\" data-image-title=\"Microsoft Surface Book 2_01\" data-image-description=\"\" data-image-caption=\"\" data-medium-file=\"https:\/\/www.notebook.hu\/blog\/wp-content\/uploads\/2018\/10\/Microsoft-Surface-Book-2_01-300x169.jpg\" data-large-file=\"https:\/\/www.notebook.hu\/blog\/wp-content\/uploads\/2018\/10\/Microsoft-Surface-Book-2_01-1024x576.jpg\" class=\"alignnone size-large wp-image-3566\" src=\"https:\/\/www.notebook.hu\/blog\/wp-content\/uploads\/2018\/10\/Microsoft-Surface-Book-2_01-1024x576.jpg\" alt=\"\" width=\"618\" height=\"348\" srcset=\"https:\/\/www.notebook.hu\/blog\/wp-content\/uploads\/2018\/10\/Microsoft-Surface-Book-2_01-1024x576.jpg 1024w, https:\/\/www.notebook.hu\/blog\/wp-content\/uploads\/2018\/10\/Microsoft-Surface-Book-2_01-300x169.jpg 300w, https:\/\/www.notebook.hu\/blog\/wp-content\/uploads\/2018\/10\/Microsoft-Surface-Book-2_01-768x432.jpg 768w, https:\/\/www.notebook.hu\/blog\/wp-content\/uploads\/2018\/10\/Microsoft-Surface-Book-2_01.jpg 1920w\" sizes=\"auto, (max-width: 618px) 100vw, 618px\" \/><\/a><\/p>\n<p>Az eszk\u00f6zt\u00e1rr\u00f3l k\u00e9t r\u00e9szletben fogok sz\u00f3t ejteni, hiszen a Surface Book 2 mell\u00e9 jutott nekem k\u00e9t kieg\u00e9sz\u00edt\u0151 is\u2026 de ezekr\u0151l majd lejjebb. A g\u00e9pet k\u00e9t m\u00e9retben kaphatjuk meg, az egyik a 15-\u00f6s, a m\u00e1sik pedig, az \u00e1ltalam is kipr\u00f3b\u00e1lt 13 \u00e9s feles. Ebb\u0151l k\u00f6vetkezik, hogy a kijelz\u0151 teh\u00e1t 13.5 inches, PixelSense&#x2122;, 3000 x 2000-as felbont\u00e1s\u00fa \u00e9s 267 PPI-s pixels\u0171r\u0171s\u00e9g\u0171. Mivel tablett\u00e9 alak\u00edthat\u00f3 a g\u00e9p, \u00edgy term\u00e9szetesen egy 10 pontos multi-touch panelt kapott, ami am\u00fagy bitang j\u00f3l n\u00e9z ki. Nyilv\u00e1n, ezt a vasat a nagy bet\u0171s alkot\u00e1sra sz\u00e1nt\u00e1k: office feladatokra \u00e9s multim\u00e9di\u00e1s \u00e9lm\u00e9nyre t\u00f6k\u00e9letes, de itt abszol\u00fat a kreat\u00edv szakemberek sz\u00e1m\u00e1ra kerestek egy mobilis megold\u00e1st. A k\u00e9pmin\u0151s\u00e9g ennek megfelel\u0151en kifog\u00e1stalan, remek sz\u00ednek \u00e9s a magas felbont\u00e1s miatt egy rendk\u00edv\u00fcli \u201eszemcukorka\u201d lesz a Surface Book 2 k\u00e9pe. Audi\u00f3 fronton a Dolby\u00ae Audio&#x2122; Premium rendszer dolgozik, hogy ne csak a szem\u00fcnknek legyen \u00e9lvezetes a Surface multim\u00e9di\u00e1s \u00e9lm\u00e9nye, hanem a f\u00fcl\u00fcnknek is.<\/p>\n<p><em>K\u00edv\u00e1ncsi lenn\u00e9l egy vide\u00f3s term\u00e9kbemutat\u00f3ra? N\u00e9zd meg most a Microsoft Surface Book 2-t a YouTube-csatorn\u00e1nkra k\u00e9sz\u00fclt vide\u00f3n kereszt\u00fcl is!<\/em><\/p>\n<p><iframe loading=\"lazy\" width=\"560\" height=\"315\" src=\"https:\/\/www.youtube.com\/embed\/LdAY5CQNxT8\" frameborder=\"0\" allow=\"accelerometer; autoplay; encrypted-media; gyroscope; picture-in-picture\" allowfullscreen><\/iframe><\/p>\n<p>Portol\u00e1s\u00e1t tekintve, a Surface az ultrabookoknak megfelel\u0151 k\u00edn\u00e1lattal jelentkezik: SD-k\u00e1rtyaolvas\u00f3, k\u00e9t darab USB 3.1 Gen 1 \u00e9s egy USB Type-C. A Surface Pro-hoz hasonl\u00f3an itt is egy m\u00e1gneses t\u00f6lt\u0151 portot kapunk, a g\u00e9pen bel\u00fclre pedig egy 802.11 a\/b\/g\/n\/ac Wi-Fi vev\u0151, na meg egy 4.1-es Bluetooth. Az el\u0151- \u00e9s h\u00e1tlapra egyar\u00e1nt ker\u00fclt kamera, a \u201estandard webkamer\u00e1nak\u201d egy 5.0MP-s eszk\u00f6zt kaptunk, m\u00edg a tablet h\u00e1tlapi kamer\u00e1j\u00e1nak egy 8.0MP-es\u00a0 autof\u00f3kusszal felszerelt egys\u00e9get. Mind a kett\u0151 k\u00e9pes 1080p HD vide\u00f3 r\u00f6gz\u00edt\u00e9sre, de a tablet sosem volt felt\u00e9tlen a fot\u00f3z\u00e1s \u00e9s vide\u00f3z\u00e1s alap eszk\u00f6ze, \u00edgy itt is ink\u00e1bb kieg\u00e9sz\u00edt\u0151, vagy \u201eha \u00e9pp nagyon sz\u00fcks\u00e9g van r\u00e1\u201d helyzetekre. A felv\u00e9telek elk\u00e9sz\u00edt\u00e9s\u00e9hez, na meg a netes kommunik\u00e1ci\u00f3hoz kapott a rendszer m\u00e9g egy dual mikrofont, hogy teljes legyen az \u00e9lm\u00e9ny.<\/p>\n<p><a href=\"https:\/\/www.notebook.hu\/blog\/wp-content\/uploads\/2018\/10\/Microsoft-Surface-Book-2_03.png\"><img loading=\"lazy\" decoding=\"async\" data-attachment-id=\"3568\" data-permalink=\"https:\/\/www.notebook.hu\/blog\/microsoft-surface-book-2-teszt\/microsoft-surface-book-2_03\/\" data-orig-file=\"https:\/\/www.notebook.hu\/blog\/wp-content\/uploads\/2018\/10\/Microsoft-Surface-Book-2_03.png\" data-orig-size=\"1920,1080\" data-comments-opened=\"0\" data-image-meta=\"{&quot;aperture&quot;:&quot;0&quot;,&quot;credit&quot;:&quot;&quot;,&quot;camera&quot;:&quot;&quot;,&quot;caption&quot;:&quot;&quot;,&quot;created_timestamp&quot;:&quot;0&quot;,&quot;copyright&quot;:&quot;&quot;,&quot;focal_length&quot;:&quot;0&quot;,&quot;iso&quot;:&quot;0&quot;,&quot;shutter_speed&quot;:&quot;0&quot;,&quot;title&quot;:&quot;&quot;,&quot;orientation&quot;:&quot;0&quot;}\" data-image-title=\"Microsoft Surface Book 2_03\" data-image-description=\"\" data-image-caption=\"\" data-medium-file=\"https:\/\/www.notebook.hu\/blog\/wp-content\/uploads\/2018\/10\/Microsoft-Surface-Book-2_03-300x169.png\" data-large-file=\"https:\/\/www.notebook.hu\/blog\/wp-content\/uploads\/2018\/10\/Microsoft-Surface-Book-2_03-1024x576.png\" class=\"alignnone size-large wp-image-3568\" src=\"https:\/\/www.notebook.hu\/blog\/wp-content\/uploads\/2018\/10\/Microsoft-Surface-Book-2_03-1024x576.png\" alt=\"\" width=\"618\" height=\"348\" srcset=\"https:\/\/www.notebook.hu\/blog\/wp-content\/uploads\/2018\/10\/Microsoft-Surface-Book-2_03-1024x576.png 1024w, https:\/\/www.notebook.hu\/blog\/wp-content\/uploads\/2018\/10\/Microsoft-Surface-Book-2_03-300x169.png 300w, https:\/\/www.notebook.hu\/blog\/wp-content\/uploads\/2018\/10\/Microsoft-Surface-Book-2_03-768x432.png 768w, https:\/\/www.notebook.hu\/blog\/wp-content\/uploads\/2018\/10\/Microsoft-Surface-Book-2_03.png 1920w\" sizes=\"auto, (max-width: 618px) 100vw, 618px\" \/><\/a><\/p>\n<p><strong>Teljes\u00edtm\u00e9ny<\/strong><\/p>\n<p>Az elej\u00e9re egy gyors megjegyz\u00e9s: az eszk\u00f6z teljes\u00edtm\u00e9nye att\u00f3l is f\u00fcgg, hogy tablet, vagy notebook \u00e1llapotban haszn\u00e1ljuk-e, pontosabban, hogy a kijelz\u0151 egys\u00e9g csatlakozik-e a billenty\u0171zetet mag\u00e1n hordoz\u00f3 alap panelhez. Am\u00edg a CPU a tablet r\u00e9szben kapott helyet, addig a GPU az alapban tal\u00e1lhat\u00f3, \u00edgy sz\u00fcks\u00e9ges, hogy a legnagyobb teljes\u00edtm\u00e9ny el\u00e9r\u00e9s\u00e9hez \u00f6ssze legyen kapcsolva a k\u00e9t elem. A g\u00e9p sz\u00edv\u00e9ben egy 8. gener\u00e1ci\u00f3s Intel\u00ae Core&#x2122; i7-8650U processzor dolgozik, 4 maggal, 8 sz\u00e1llal \u00e9s 1.9, valamint 4.2 Ghz k\u00f6z\u00f6tti teljes\u00edtm\u00e9nnyel. A 8 meg\u00e1s Smart Cache-t kap\u00f3 \u00e9s alacsony fogyaszt\u00e1ssal (15-25W) dolgoz\u00f3 proci m\u00e1r \u00f6nmag\u00e1ban is megfelel\u0151 lenne egy multim\u00e9di\u00e1s vashoz. Tablet \u00fczemm\u00f3dban csak \u0151t, valamint integr\u00e1lt vide\u00f3 vez\u00e9rl\u0151j\u00e9t, az UHD Graphics 620-ast haszn\u00e1lhatjuk. Notebook form\u00e1ban m\u00e1r csatlakozik a j\u00e1t\u00e9khoz egy NVIDIA\u00ae GeForce\u00ae GTX 1050 GPU is, ami minim\u00e1lisan j\u00e1t\u00e9kra is alkalmass\u00e1 teszi majd a g\u00e9pet, de f\u0151leg a grafikai\/vide\u00f3s munk\u00e1k elv\u00e9gz\u00e9s\u00e9ben seg\u00edti a Surface Bookot. Ut\u00f3bbi egy GDDR5-\u00f6s RAM-ot kap\u00f3, 2 gig\u00e1s vide\u00f3k\u00e1rtya, ami mellett m\u00e9g 8 GB LPDDR3-as, 1866Mhz-es RAM seg\u00edti az eszk\u00f6zt a munk\u00e1ban, a t\u00e1rhelyet pedig egy 256 GB-os PCIe SSD biztos\u00edtotta. Teljes\u00edtm\u00e9nyben ez miben mutatkozik meg? A SkyDiveren 13776 pontot produk\u00e1lt a g\u00e9p, m\u00edg a Fire Strike-on 4962-\u0151t futott. A Geekbench 4-el is nekiszaladtunk, 3142 \u00e9s 11307 pontot hozott a kicsike. Ezek a Benchmarkok ink\u00e1bb arra adtak \u00e1ld\u00e1st, hogy a Surface Book, ha nem is magas szinten, de tud j\u00e1t\u00e9kokat futtatni, annak ellen\u00e9re is, hogy a c\u00e9lcsoportja rendk\u00edv\u00fcl messze van ett\u0151l. A benne rejl\u0151 teljes\u00edtm\u00e9nyt tervez\u0151programokkal \u00e9s k\u00fcl\u00f6nb\u00f6z\u0151 kreat\u00edv szoftverekkel \u00e9rdemes tesztelni, \u00edgy az Adobe Photoshopja \u00e9s Premiere Pro-ja val\u00f3sabb k\u00e9pet mutathat a j\u00f6vend\u0151beli felhaszn\u00e1l\u00f3nak. Szem\u00e9ly szerint, nem \u00e9reztem akad\u00e1st, vagy probl\u00e9m\u00e1t a nagyobb video \u00e9s projektfile-ok k\u00e9sz\u00edt\u00e9s\u00e9n\u00e9l, \u00edgy \u00fagy gondolom a pr\u00f3b\u00e1t ki\u00e1llta. \u00dajs\u00e1g\u00edr\u00f3k\u00e9nt, vagy kreat\u00edv \u00fcgyn\u00f6ks\u00e9g munkat\u00e1rsak\u00e9nt remek\u00fcl j\u00f6het a mobilis munkav\u00e9gz\u00e9shez ez a notebook, egy f\u0151 munkahelyi g\u00e9p mell\u00e9. Egy remek \u201eparkot\u201d hozhatunk \u00f6ssze, hiszen a nyaral\u00e1sra neh\u00e9z elcipelni a munkag\u00e9p\u00fcnket (f\u0151leg egy bik\u00e1bb asztali vasat, monitorral, mindennel), ebben a helyzetben meg megkapjuk azt a teljes\u00edtm\u00e9nyt, amivel ak\u00e1r k\u00e9szre v\u00e1ghatunk egy komolyabb esem\u00e9nyr\u0151l k\u00e9sz\u00fclt vide\u00f3, vagy k\u00e9panyagot, mut\u00e1ci\u00f3kat v\u00e9gezhet\u00fcnk el terveken, vagy k\u00e9peken, an\u00e9lk\u00fcl, hogy visszaszaladn\u00e1nk az irod\u00e1ba.<\/p>\n<p><a href=\"https:\/\/www.notebook.hu\/blog\/wp-content\/uploads\/2018\/10\/Microsoft-Surface-Book-2_02.jpg\"><img loading=\"lazy\" decoding=\"async\" data-attachment-id=\"3567\" data-permalink=\"https:\/\/www.notebook.hu\/blog\/microsoft-surface-book-2-teszt\/microsoft-surface-book-2_02\/\" data-orig-file=\"https:\/\/www.notebook.hu\/blog\/wp-content\/uploads\/2018\/10\/Microsoft-Surface-Book-2_02.jpg\" data-orig-size=\"1920,1080\" data-comments-opened=\"0\" data-image-meta=\"{&quot;aperture&quot;:&quot;0&quot;,&quot;credit&quot;:&quot;&quot;,&quot;camera&quot;:&quot;&quot;,&quot;caption&quot;:&quot;&quot;,&quot;created_timestamp&quot;:&quot;0&quot;,&quot;copyright&quot;:&quot;&quot;,&quot;focal_length&quot;:&quot;0&quot;,&quot;iso&quot;:&quot;0&quot;,&quot;shutter_speed&quot;:&quot;0&quot;,&quot;title&quot;:&quot;&quot;,&quot;orientation&quot;:&quot;0&quot;}\" data-image-title=\"Microsoft Surface Book 2_02\" data-image-description=\"\" data-image-caption=\"\" data-medium-file=\"https:\/\/www.notebook.hu\/blog\/wp-content\/uploads\/2018\/10\/Microsoft-Surface-Book-2_02-300x169.jpg\" data-large-file=\"https:\/\/www.notebook.hu\/blog\/wp-content\/uploads\/2018\/10\/Microsoft-Surface-Book-2_02-1024x576.jpg\" class=\"alignnone size-large wp-image-3567\" src=\"https:\/\/www.notebook.hu\/blog\/wp-content\/uploads\/2018\/10\/Microsoft-Surface-Book-2_02-1024x576.jpg\" alt=\"\" width=\"618\" height=\"348\" srcset=\"https:\/\/www.notebook.hu\/blog\/wp-content\/uploads\/2018\/10\/Microsoft-Surface-Book-2_02-1024x576.jpg 1024w, https:\/\/www.notebook.hu\/blog\/wp-content\/uploads\/2018\/10\/Microsoft-Surface-Book-2_02-300x169.jpg 300w, https:\/\/www.notebook.hu\/blog\/wp-content\/uploads\/2018\/10\/Microsoft-Surface-Book-2_02-768x432.jpg 768w, https:\/\/www.notebook.hu\/blog\/wp-content\/uploads\/2018\/10\/Microsoft-Surface-Book-2_02.jpg 1920w\" sizes=\"auto, (max-width: 618px) 100vw, 618px\" \/><\/a><\/p>\n<p><strong>Kieg\u00e9sz\u00edt\u0151k<\/strong><\/p>\n<p>A Microsoft Surface Book 2 mell\u00e9 \u00e9n k\u00e9t kieg\u00e9sz\u00edt\u0151t kaptam: az egyik a Surface Pen, a m\u00e1sik pedig a Surface Dial. El\u0151bbi (a nev\u00e9b\u0151l egy\u00e9rtelm\u0171s\u00edthet\u0151en) egy 20 grammos toll, amivel \u00edrhatunk\/rajzolhatunk a Surface Book 2 kijelz\u0151j\u00e9re. 146.1 x 9.7 x 9.7 mm-es m\u00e9reteivel tulajdonk\u00e9ppen nem nagyobb, mint egy \u00e1tlagos goly\u00f3stoll, \u00edgy ak\u00e1r a tollaink k\u00f6zt is k\u00e9nyelmesen elf\u00e9r egy st\u00edlusos tokban. T\u00e1rol\u00e1s\u00e1t tekintve m\u00e9g egy j\u00f3pofa t\u00e9nyez\u0151, hogy m\u00e1gnesesen csatlakoztathatjuk a kijelz\u0151h\u00f6z, \u00edgy az asztalon nem fog elkeveredni a (term\u00e9szetesen senkire sem jellemz\u0151) asztali k\u00e1oszban. A tollhegy 4,096 k\u00fcl\u00f6nb\u00f6z\u0151 \u00e9rint\u00e9si pontot \u00e9rz\u00e9kel, \u00edgy az eg\u00e9szen finom vonalakt\u00f3l, a kijelz\u0151 panelt majd \u00e1tsz\u00far\u00f3 sat\u00edroz\u00e1sig, gy\u00f6ny\u00f6r\u0171en \u00e9rz\u00e9keli a k\u00fcl\u00f6nbs\u00e9get. T\u00f6k\u00e9letesen alkalmazhat\u00f3 Photoshopban, Corelben, vagy m\u00e1s n\u00e9pszer\u0171 k\u00e9pszerkeszt\u0151 \u00e9s grafikai programokn\u00e1l.<\/p>\n<p><a href=\"https:\/\/www.notebook.hu\/blog\/wp-content\/uploads\/2018\/10\/Microsoft-Surface-Book-2_05.png\"><img loading=\"lazy\" decoding=\"async\" data-attachment-id=\"3570\" data-permalink=\"https:\/\/www.notebook.hu\/blog\/microsoft-surface-book-2-teszt\/microsoft-surface-book-2_05\/\" data-orig-file=\"https:\/\/www.notebook.hu\/blog\/wp-content\/uploads\/2018\/10\/Microsoft-Surface-Book-2_05.png\" data-orig-size=\"1920,1080\" data-comments-opened=\"0\" data-image-meta=\"{&quot;aperture&quot;:&quot;0&quot;,&quot;credit&quot;:&quot;&quot;,&quot;camera&quot;:&quot;&quot;,&quot;caption&quot;:&quot;&quot;,&quot;created_timestamp&quot;:&quot;0&quot;,&quot;copyright&quot;:&quot;&quot;,&quot;focal_length&quot;:&quot;0&quot;,&quot;iso&quot;:&quot;0&quot;,&quot;shutter_speed&quot;:&quot;0&quot;,&quot;title&quot;:&quot;&quot;,&quot;orientation&quot;:&quot;0&quot;}\" data-image-title=\"Microsoft Surface Book 2_05\" data-image-description=\"\" data-image-caption=\"\" data-medium-file=\"https:\/\/www.notebook.hu\/blog\/wp-content\/uploads\/2018\/10\/Microsoft-Surface-Book-2_05-300x169.png\" data-large-file=\"https:\/\/www.notebook.hu\/blog\/wp-content\/uploads\/2018\/10\/Microsoft-Surface-Book-2_05-1024x576.png\" class=\"alignnone size-large wp-image-3570\" src=\"https:\/\/www.notebook.hu\/blog\/wp-content\/uploads\/2018\/10\/Microsoft-Surface-Book-2_05-1024x576.png\" alt=\"\" width=\"618\" height=\"348\" srcset=\"https:\/\/www.notebook.hu\/blog\/wp-content\/uploads\/2018\/10\/Microsoft-Surface-Book-2_05-1024x576.png 1024w, https:\/\/www.notebook.hu\/blog\/wp-content\/uploads\/2018\/10\/Microsoft-Surface-Book-2_05-300x169.png 300w, https:\/\/www.notebook.hu\/blog\/wp-content\/uploads\/2018\/10\/Microsoft-Surface-Book-2_05-768x432.png 768w, https:\/\/www.notebook.hu\/blog\/wp-content\/uploads\/2018\/10\/Microsoft-Surface-Book-2_05.png 1920w\" sizes=\"auto, (max-width: 618px) 100vw, 618px\" \/><\/a><\/p>\n<p>A tolln\u00e1l sokkal izgalmasabb eszk\u00f6z a Dial. Igaz\u00e1b\u00f3l, izgalmas de a 13 colos kijelz\u0151n\u00e9l egy kicsit m\u00e1r sok\u2026de err\u0151l lejjebb. Maga az eszk\u00f6z egy forgathat\u00f3 gomb, amit a kijelz\u0151re t\u00e9ve, kapcsolatba l\u00e9p a Surface Book 2-vel \u00e9s a megfelel\u0151 programokn\u00e1l egy t\u00e1rcs\u00e1s men\u00fcrendszert ind\u00edt el, amiben a Dial seg\u00edts\u00e9g\u00e9vel l\u00e9pkedhet\u00fcnk. A kijelz\u0151re r\u00e1tessz\u00fck teh\u00e1t a Dialt, finoman r\u00e1nyomunk, megjelennek k\u00f6r\u00fcl\u00f6tte a v\u00e1laszt\u00e1si lehet\u0151s\u00e9gek, mi pedig abba az ir\u00e1nyba teker\u00fcnk, amelyiket szeretn\u00e9nk, hogy aktiv\u00e1l\u00f3djon. A \u201enagy\u00fczemi\u201d munk\u00e1t biztos, hogy megk\u00f6nny\u00edti, hiszen remek\u00fcl tudunk tollak \u00e9s eszk\u00f6z\u00f6k k\u00f6zt v\u00e1ltogatni vele a rajzprogramban, vagy a sz\u00ednsk\u00e1l\u00e1t \u00e1ll\u00edtani, esetleg a v\u00e1g\u00f3programban tekerni, vagy zoomolni. Egyetlen h\u00e1tul\u00fct\u0151je a rendszernek, hogy ett\u0151l nagyobb kijelz\u0151re tervezt\u00e9k. A 59 x 30 mm-es m\u00e9reteivel egyszer\u0171en t\u00fal nagy a 13 colos kijelz\u0151re. Nem haszn\u00e1lhatatlan, csak nagyon szorosan lesz a k\u00e9t kez\u00fcnk egym\u00e1s mellett a haszn\u00e1lat k\u00f6zben, ami ak\u00e1r zavar\u00f3 is lehet. Akku tekintet\u00e9ben el\u00e9gg\u00e9 sp\u00f3rol\u00f3s 2 darab AAA-s elemmel 12 h\u00f3napot is kib\u00edr (napi 4 \u00f3r\u00e1s haszn\u00e1lat mellett). 145 grammos s\u00falya nem v\u00e9szes, viszont ahhoz elegend\u0151, hogy ha d\u00f6ntve van a kijelz\u0151, akkor lecs\u00fasszon r\u00f3la\u2026 \u00edgy mindig figyelj\u00fcnk arra, hogy haszn\u00e1lat ut\u00e1n levegy\u00fck a k\u00e9pr\u0151l (ez kb annyira mag\u00e1t\u00f3l \u00e9rthet\u0151, mint az, hogy ne h\u00fazzuk a notebookok csomagol\u00f3 nylonj\u00e1t a fej\u00fcnkre\u2026 de biztos, ami biztos, sz\u00f3lunk). Maga a Dial egy hasznos eszk\u00f6z, viszont gondoljuk \u00e1t, hogy mekkora kijelz\u0151n\u00e9l fogjuk majd haszn\u00e1lni.<\/p>\n<p><a href=\"https:\/\/www.notebook.hu\/blog\/wp-content\/uploads\/2018\/10\/Microsoft-Surface-Book-2_04.png\"><img loading=\"lazy\" decoding=\"async\" data-attachment-id=\"3569\" data-permalink=\"https:\/\/www.notebook.hu\/blog\/microsoft-surface-book-2-teszt\/microsoft-surface-book-2_04\/\" data-orig-file=\"https:\/\/www.notebook.hu\/blog\/wp-content\/uploads\/2018\/10\/Microsoft-Surface-Book-2_04.png\" data-orig-size=\"1920,1080\" data-comments-opened=\"0\" data-image-meta=\"{&quot;aperture&quot;:&quot;0&quot;,&quot;credit&quot;:&quot;&quot;,&quot;camera&quot;:&quot;&quot;,&quot;caption&quot;:&quot;&quot;,&quot;created_timestamp&quot;:&quot;0&quot;,&quot;copyright&quot;:&quot;&quot;,&quot;focal_length&quot;:&quot;0&quot;,&quot;iso&quot;:&quot;0&quot;,&quot;shutter_speed&quot;:&quot;0&quot;,&quot;title&quot;:&quot;&quot;,&quot;orientation&quot;:&quot;0&quot;}\" data-image-title=\"Microsoft Surface Book 2_04\" data-image-description=\"\" data-image-caption=\"\" data-medium-file=\"https:\/\/www.notebook.hu\/blog\/wp-content\/uploads\/2018\/10\/Microsoft-Surface-Book-2_04-300x169.png\" data-large-file=\"https:\/\/www.notebook.hu\/blog\/wp-content\/uploads\/2018\/10\/Microsoft-Surface-Book-2_04-1024x576.png\" class=\"alignnone size-large wp-image-3569\" src=\"https:\/\/www.notebook.hu\/blog\/wp-content\/uploads\/2018\/10\/Microsoft-Surface-Book-2_04-1024x576.png\" alt=\"\" width=\"618\" height=\"348\" srcset=\"https:\/\/www.notebook.hu\/blog\/wp-content\/uploads\/2018\/10\/Microsoft-Surface-Book-2_04-1024x576.png 1024w, https:\/\/www.notebook.hu\/blog\/wp-content\/uploads\/2018\/10\/Microsoft-Surface-Book-2_04-300x169.png 300w, https:\/\/www.notebook.hu\/blog\/wp-content\/uploads\/2018\/10\/Microsoft-Surface-Book-2_04-768x432.png 768w, https:\/\/www.notebook.hu\/blog\/wp-content\/uploads\/2018\/10\/Microsoft-Surface-Book-2_04.png 1920w\" sizes=\"auto, (max-width: 618px) 100vw, 618px\" \/><\/a><\/p>\n<p><strong>\u00d6sszefoglal\u00e1s<\/strong><\/p>\n<p>Mit is mondhatn\u00e9k a Microsoft Surface Book 2-r\u0151l? Ez az az eszk\u00f6z, amire a mobilis grafikusok v\u00e1gynak? Az biztos, hogy senki sem fog csal\u00f3dni ebb\u0151l a csoportb\u00f3l, aki fel\u00edrja a kar\u00e1csonyi k\u00edv\u00e1ns\u00e1glist\u00e1ra. Stabil, er\u0151s konstrukci\u00f3r\u00f3l besz\u00e9l\u00fcnk, a megfelel\u0151 kieg\u00e9sz\u00edt\u0151kkel pedig egy kreat\u00edv szakember sz\u00e1m\u00e1ra rendk\u00edv\u00fcl hasznos elem lehet, az eszk\u00f6zparkj\u00e1n bel\u00fcl. Sokr\u00e9t\u0171, a tablet \u00e9s notebook m\u00f3d k\u00f6z\u00f6tti v\u00e1ltogat\u00e1s hasznos, a kialak\u00edt\u00e1sa pedig rendk\u00edv\u00fcl egyediv\u00e9 is teszi, \u00edgy aj\u00e1nlani nyugodt sz\u00edvvel tudjuk.<\/p>\n","protected":false},"excerpt":{"rendered":"<p>A Microsoft fogta mag\u00e1t, belen\u00e9zett a j\u00f6v\u0151l\u00e1t\u00f3 var\u00e1zsg\u00f6mbj\u00e9be, ahol valami igaz\u00e1n izgalmassal tal\u00e1lkozott: a notebookk\u00e9nt is m\u0171k\u00f6dtethet\u0151, cs\u00facsmin\u0151s\u00e9g\u0171 tablet kell a n\u00e9pnek, ami az office-multim\u00e9dia szf\u00e9ra cs\u00facsa lehet. Hogy torz\u00edtott-e a g\u00f6mb, vagy a Microsoft t\u00e9nyleg valami komolyat tett le a l\u00e1tom\u00e1st ut\u00e1n az asztalra, az a Microsoft Surface Book 2 teszt v\u00e9g\u00e9n kider\u00fcl! K\u00fcls\u0151 &hellip;<\/p>\n","protected":false},"author":1,"featured_media":3564,"comment_status":"closed","ping_status":"open","sticky":false,"template":"","format":"standard","meta":{"_jetpack_memberships_contains_paid_content":false,"footnotes":""},"categories":[43],"tags":[530,525,527,526,529,528],"class_list":["post-3563","post","type-post","status-publish","format-standard","has-post-thumbnail","","category-tesztek","tag-intel-core-i7-8650u","tag-microsoft-surface-book-2","tag-microsoft-surface-book-2-bemutato","tag-microsoft-surface-book-2-teszt","tag-surface-dial","tag-surface-pen"],"jetpack_featured_media_url":"https:\/\/www.notebook.hu\/blog\/wp-content\/uploads\/2018\/10\/micrososftsurfacebook2_blogthumbnail.png","jetpack_shortlink":"https:\/\/wp.me\/p9xSLL-Vt","jetpack_sharing_enabled":true,"_links":{"self":[{"href":"https:\/\/www.notebook.hu\/blog\/wp-json\/wp\/v2\/posts\/3563","targetHints":{"allow":["GET"]}}],"collection":[{"href":"https:\/\/www.notebook.hu\/blog\/wp-json\/wp\/v2\/posts"}],"about":[{"href":"https:\/\/www.notebook.hu\/blog\/wp-json\/wp\/v2\/types\/post"}],"author":[{"embeddable":true,"href":"https:\/\/www.notebook.hu\/blog\/wp-json\/wp\/v2\/users\/1"}],"replies":[{"embeddable":true,"href":"https:\/\/www.notebook.hu\/blog\/wp-json\/wp\/v2\/comments?post=3563"}],"version-history":[{"count":6,"href":"https:\/\/www.notebook.hu\/blog\/wp-json\/wp\/v2\/posts\/3563\/revisions"}],"predecessor-version":[{"id":3584,"href":"https:\/\/www.notebook.hu\/blog\/wp-json\/wp\/v2\/posts\/3563\/revisions\/3584"}],"wp:featuredmedia":[{"embeddable":true,"href":"https:\/\/www.notebook.hu\/blog\/wp-json\/wp\/v2\/media\/3564"}],"wp:attachment":[{"href":"https:\/\/www.notebook.hu\/blog\/wp-json\/wp\/v2\/media?parent=3563"}],"wp:term":[{"taxonomy":"category","embeddable":true,"href":"https:\/\/www.notebook.hu\/blog\/wp-json\/wp\/v2\/categories?post=3563"},{"taxonomy":"post_tag","embeddable":true,"href":"https:\/\/www.notebook.hu\/blog\/wp-json\/wp\/v2\/tags?post=3563"}],"curies":[{"name":"wp","href":"https:\/\/api.w.org\/{rel}","templated":true}]}}