{"id":3543,"date":"2018-11-03T08:00:26","date_gmt":"2018-11-03T07:00:26","guid":{"rendered":"https:\/\/www.notebook.hu\/blog\/?p=3543"},"modified":"2022-10-23T11:05:04","modified_gmt":"2022-10-23T09:05:04","slug":"az-elso-okostelefon-simon-mondja","status":"publish","type":"post","link":"https:\/\/www.notebook.hu\/blog\/az-elso-okostelefon-simon-mondja\/","title":{"rendered":"Az els\u0151 okostelefon | Simon mondja\u2026!"},"content":{"rendered":"<p><a href=\"https:\/\/www.notebook.hu\/blog\/wp-content\/uploads\/2018\/10\/businessinsider_01.jpg\"><img loading=\"lazy\" decoding=\"async\" data-attachment-id=\"3545\" data-permalink=\"https:\/\/www.notebook.hu\/blog\/az-elso-okostelefon-simon-mondja\/businessinsider_01\/\" data-orig-file=\"https:\/\/www.notebook.hu\/blog\/wp-content\/uploads\/2018\/10\/businessinsider_01.jpg\" data-orig-size=\"2732,1366\" data-comments-opened=\"0\" data-image-meta=\"{&quot;aperture&quot;:&quot;0&quot;,&quot;credit&quot;:&quot;&quot;,&quot;camera&quot;:&quot;&quot;,&quot;caption&quot;:&quot;&quot;,&quot;created_timestamp&quot;:&quot;0&quot;,&quot;copyright&quot;:&quot;&quot;,&quot;focal_length&quot;:&quot;0&quot;,&quot;iso&quot;:&quot;0&quot;,&quot;shutter_speed&quot;:&quot;0&quot;,&quot;title&quot;:&quot;&quot;,&quot;orientation&quot;:&quot;0&quot;}\" data-image-title=\"businessinsider_01\" data-image-description=\"\" data-image-caption=\"\" data-medium-file=\"https:\/\/www.notebook.hu\/blog\/wp-content\/uploads\/2018\/10\/businessinsider_01-300x150.jpg\" data-large-file=\"https:\/\/www.notebook.hu\/blog\/wp-content\/uploads\/2018\/10\/businessinsider_01-1024x512.jpg\" class=\"alignnone size-large wp-image-3545\" src=\"https:\/\/www.notebook.hu\/blog\/wp-content\/uploads\/2018\/10\/businessinsider_01-1024x512.jpg\" alt=\"\" width=\"618\" height=\"309\" srcset=\"https:\/\/www.notebook.hu\/blog\/wp-content\/uploads\/2018\/10\/businessinsider_01-1024x512.jpg 1024w, https:\/\/www.notebook.hu\/blog\/wp-content\/uploads\/2018\/10\/businessinsider_01-300x150.jpg 300w, https:\/\/www.notebook.hu\/blog\/wp-content\/uploads\/2018\/10\/businessinsider_01-768x384.jpg 768w, https:\/\/www.notebook.hu\/blog\/wp-content\/uploads\/2018\/10\/businessinsider_01-660x330.jpg 660w, https:\/\/www.notebook.hu\/blog\/wp-content\/uploads\/2018\/10\/businessinsider_01-1050x525.jpg 1050w\" sizes=\"auto, (max-width: 618px) 100vw, 618px\" \/><\/a><\/p>\n<p><strong>Szerintetek mikor j\u00f6tt ki az els\u0151 okostelefon? A 2000-es \u00e9vek elej\u00e9re gondoln\u00e1tok, nem igaz? \u00c9rdekes m\u00f3don, m\u00e1r a \u201990-es \u00e9vekben tal\u00e1lkozhattunk olyan telefonnal, akinek a k\u00e9pess\u00e9gei meghaladt\u00e1k a \u201ebep\u00f6ty\u00f6g\u00f6m \u00e9s h\u00edvom akit akarok\u201d feladatk\u00f6rt. <\/strong><\/p>\n<p>Az okostelefonok \u0151se ugyanis 1994-ben sz\u00fcletett, lassan egy negyed \u00e9vsz\u00e1zada. Az IBM Simon Personal Communicator \u201994 augusztus\u00e1ban \u00e9rkezett meg a piacra, kombin\u00e1lva egy telefon tud\u00e1s\u00e1t, a PDA-k eszk\u00f6zt\u00e1r\u00e1val. Hogy ezzel mekkor\u00e1t lehetett robbantani akkoriban? Simonokb\u00f3l \u00f6sszesen 50 ezer p\u00e9ld\u00e1ny tal\u00e1lt gazd\u00e1ra, ami igencsak eleny\u00e9sz\u0151 sz\u00e1mnak t\u0171nik a Samsung Galaxy S8-al szemben, amib\u0151l 41 milli\u00f3 darabot sz\u00e1ll\u00edtott le a gy\u00e1rt\u00f3, az els\u0151 \u00e9v\u00e9ben, az elad\u00f3knak.<\/p>\n<p>Na, de m\u00e9gis, milyen param\u00e9terekkel rendelkezett az els\u0151 <a href=\"https:\/\/www.notebook.hu\/okostelefon\">okostelefon<\/a>? A test 200 millim\u00e9ter hossz\u00fa, 64 millim\u00e9ter sz\u00e9les, illetve 38 millim\u00e9ter vastag volt \u00e9s nem kevesebb mint 510 grammot nyom a m\u00e9rlegen. Ezekkel a dimenzi\u00f3kkal nem csak egy \u00e1tlagos 5.2 colos kijelz\u0151s okostelefont\u00f3l lett s\u00falyosabb, de m\u00e9g egy 10 colos tablett\u0151l is t\u00f6bbet nyomott. A 160\u00d7293 millim\u00e9ter m\u00e9ret\u0171 hossz\u00fak\u00e1s kijelz\u0151n sz\u00edneket m\u00e9g nem \u00e9lvezhett\u00fcnk, csak a sz\u00fcrke 50 \u00e1rnyalat\u00e1t. A Simon m\u0171k\u00f6d\u00e9s\u00e9\u00e9rt egy Datalight ROM-DOS oper\u00e1ci\u00f3s rendszert futtat\u00f3, 16 MHz-es \u00f3rajelen \u201ezakatol\u00f3\u201d, 16 bites Vadem processzor felelt, a telefon mem\u00f3ria modulja pedig k\u0151kem\u00e9ny 1 MB-os volt.<\/p>\n<p>Az els\u0151 okostelefon am\u00fagy a klasszikus h\u00edv\u00e1s funkci\u00f3 mellett napt\u00e1r, email \u00e9s faxol\u00e1si feladatokat tudott ell\u00e1tni, de a mai okostelefonok egyik kulcs elem\u00e9t, a kamer\u00e1t hi\u00e1ba keress\u00fck rajta. Simonhoz j\u00e1rt m\u00e9g egy toll is, amivel el\u00e9rhet\u0151 volt a k\u00e9z\u00edr\u00e1s funkci\u00f3, valamint volt lehet\u0151s\u00e9g\u00fcnk hat\u00e1rid\u0151napl\u00f3t vezetni \u00e9s sz\u00e1mol\u00f3g\u00e9pk\u00e9nt haszn\u00e1lni. Az IBM Simon Personal Communicator \u00e1ra mai re\u00e1l\u00e9rt\u00e9k\u00e9t tekintve k\u00f6r\u00fclbel\u00fcl 325-350 ezer forint k\u00f6z\u00f6tti \u00f6sszegnek felelt meg\u2026 na igen, a cs\u00facsmodell bizony sosem olcs\u00f3\u2026<\/p>\n<p><a href=\"https:\/\/www.notebook.hu\/blog\/wp-content\/uploads\/2018\/10\/IBM_Simon.jpeg\"><img loading=\"lazy\" decoding=\"async\" data-attachment-id=\"3544\" data-permalink=\"https:\/\/www.notebook.hu\/blog\/az-elso-okostelefon-simon-mondja\/ibm_simon\/\" data-orig-file=\"https:\/\/www.notebook.hu\/blog\/wp-content\/uploads\/2018\/10\/IBM_Simon.jpeg\" data-orig-size=\"600,400\" data-comments-opened=\"0\" data-image-meta=\"{&quot;aperture&quot;:&quot;0&quot;,&quot;credit&quot;:&quot;&quot;,&quot;camera&quot;:&quot;&quot;,&quot;caption&quot;:&quot;&quot;,&quot;created_timestamp&quot;:&quot;0&quot;,&quot;copyright&quot;:&quot;&quot;,&quot;focal_length&quot;:&quot;0&quot;,&quot;iso&quot;:&quot;0&quot;,&quot;shutter_speed&quot;:&quot;0&quot;,&quot;title&quot;:&quot;&quot;,&quot;orientation&quot;:&quot;0&quot;}\" data-image-title=\"IBM_Simon\" data-image-description=\"\" data-image-caption=\"\" data-medium-file=\"https:\/\/www.notebook.hu\/blog\/wp-content\/uploads\/2018\/10\/IBM_Simon-300x200.jpeg\" data-large-file=\"https:\/\/www.notebook.hu\/blog\/wp-content\/uploads\/2018\/10\/IBM_Simon.jpeg\" class=\"alignnone size-full wp-image-3544\" src=\"https:\/\/www.notebook.hu\/blog\/wp-content\/uploads\/2018\/10\/IBM_Simon.jpeg\" alt=\"\" width=\"600\" height=\"400\" srcset=\"https:\/\/www.notebook.hu\/blog\/wp-content\/uploads\/2018\/10\/IBM_Simon.jpeg 600w, https:\/\/www.notebook.hu\/blog\/wp-content\/uploads\/2018\/10\/IBM_Simon-300x200.jpeg 300w\" sizes=\"auto, (max-width: 600px) 100vw, 600px\" \/><\/a><\/p>\n\n\n<p>Az els\u0151 okostelefon megjelen\u00e9se \u00f3ta rengeteg gy\u00e1rt\u00f3, rengeteg k\u00e9sz\u00fcl\u00e9ke jelent meg. Ha szeretn\u00e9l jobban eligazodni a hatalmas v\u00e1laszt\u00e9kban, akkor aj\u00e1nljuk figyelmedbe <a href=\"https:\/\/www.notebook.hu\/blog\/milyen-mobilt-vegyek\/\">Milyen mobilt vegyek?<\/a> cikk\u00fcnket.<\/p>\n","protected":false},"excerpt":{"rendered":"<p>Szerintetek mikor j\u00f6tt ki az els\u0151 okostelefon? A 2000-es \u00e9vek elej\u00e9re gondoln\u00e1tok, nem igaz? \u00c9rdekes m\u00f3don, m\u00e1r a \u201990-es \u00e9vekben tal\u00e1lkozhattunk olyan telefonnal, akinek a k\u00e9pess\u00e9gei meghaladt\u00e1k a \u201ebep\u00f6ty\u00f6g\u00f6m \u00e9s h\u00edvom akit akarok\u201d feladatk\u00f6rt. Az okostelefonok \u0151se ugyanis 1994-ben sz\u00fcletett, lassan egy negyed \u00e9vsz\u00e1zada. Az IBM Simon Personal Communicator \u201994 augusztus\u00e1ban \u00e9rkezett meg a piacra, &hellip;<\/p>\n","protected":false},"author":1,"featured_media":3545,"comment_status":"closed","ping_status":"open","sticky":false,"template":"","format":"standard","meta":{"_jetpack_memberships_contains_paid_content":false,"footnotes":""},"categories":[42],"tags":[511,514,513,512,47,190],"class_list":["post-3543","post","type-post","status-publish","format-standard","has-post-thumbnail","","category-cikkek","tag-az-elso-okostelefon","tag-elso","tag-ibm-simon","tag-ibm-simon-personal-communicator","tag-okostelefon-mobiltelefon","tag-smartphone"],"jetpack_featured_media_url":"https:\/\/www.notebook.hu\/blog\/wp-content\/uploads\/2018\/10\/businessinsider_01.jpg","jetpack_shortlink":"https:\/\/wp.me\/p9xSLL-V9","jetpack_sharing_enabled":true,"_links":{"self":[{"href":"https:\/\/www.notebook.hu\/blog\/wp-json\/wp\/v2\/posts\/3543","targetHints":{"allow":["GET"]}}],"collection":[{"href":"https:\/\/www.notebook.hu\/blog\/wp-json\/wp\/v2\/posts"}],"about":[{"href":"https:\/\/www.notebook.hu\/blog\/wp-json\/wp\/v2\/types\/post"}],"author":[{"embeddable":true,"href":"https:\/\/www.notebook.hu\/blog\/wp-json\/wp\/v2\/users\/1"}],"replies":[{"embeddable":true,"href":"https:\/\/www.notebook.hu\/blog\/wp-json\/wp\/v2\/comments?post=3543"}],"version-history":[{"count":2,"href":"https:\/\/www.notebook.hu\/blog\/wp-json\/wp\/v2\/posts\/3543\/revisions"}],"predecessor-version":[{"id":11318,"href":"https:\/\/www.notebook.hu\/blog\/wp-json\/wp\/v2\/posts\/3543\/revisions\/11318"}],"wp:featuredmedia":[{"embeddable":true,"href":"https:\/\/www.notebook.hu\/blog\/wp-json\/wp\/v2\/media\/3545"}],"wp:attachment":[{"href":"https:\/\/www.notebook.hu\/blog\/wp-json\/wp\/v2\/media?parent=3543"}],"wp:term":[{"taxonomy":"category","embeddable":true,"href":"https:\/\/www.notebook.hu\/blog\/wp-json\/wp\/v2\/categories?post=3543"},{"taxonomy":"post_tag","embeddable":true,"href":"https:\/\/www.notebook.hu\/blog\/wp-json\/wp\/v2\/tags?post=3543"}],"curies":[{"name":"wp","href":"https:\/\/api.w.org\/{rel}","templated":true}]}}