{"id":3475,"date":"2018-10-04T15:39:40","date_gmt":"2018-10-04T13:39:40","guid":{"rendered":"https:\/\/www.notebook.hu\/blog\/?p=3475"},"modified":"2018-10-17T13:05:42","modified_gmt":"2018-10-17T11:05:42","slug":"acer-predator-helios-300-se-teszt","status":"publish","type":"post","link":"https:\/\/www.notebook.hu\/blog\/acer-predator-helios-300-se-teszt\/","title":{"rendered":"Acer Predator Helios 300 SE Teszt | Napkir\u00e1ly"},"content":{"rendered":"<p><a href=\"https:\/\/www.notebook.hu\/blog\/wp-content\/uploads\/2018\/09\/blogthumbnail.png\"><img decoding=\"async\" src=\"https:\/\/www.notebook.hu\/blog\/wp-content\/uploads\/2018\/09\/blogthumbnail-1024x536.png\" alt=\"\" width=\"412\" \/><\/a><\/p>\n<p><strong>Az egyik legismertebb francia kir\u00e1ly, XIV. Lajos, hatalm\u00e1t a Mennyb\u0151l sz\u00e1rmaz\u00f3nak tartotta, mag\u00e1t pedig a Napkir\u00e1lynak h\u00edvatta, hiszen a kir\u00e1ly \u00fagy ad f\u00e9nyt \u00e9s meleget birodalm\u00e1nak, ahogyan a Nap a F\u00f6ldnek. A Predator Helios 300 SE-vel meg\u00e9rkezett a notebookok legf\u00e9nyesebb uralkod\u00f3ja\u2026 ez\u00fattal rohad\u00f3 fogsor n\u00e9lk\u00fcl.<\/strong><\/p>\n<p><strong>K\u00fcls\u0151: Ragyog\u00f3 teljes\u00edtm\u00e9ny<\/strong><\/p>\n<p>A Helios 300 eset\u00e9ben nem t\u0171nik relev\u00e1nsnak a r\u00e9gi m\u00e9m, miszerint a ruha lehet fekete \u00e9s k\u00e9k, vagy arany \u00e9s feh\u00e9r. Itt tiszta a helyzet, hogy az ut\u00f3bbir\u00f3l van sz\u00f3, ami ugyan szokatlan lehet a marcona fekete \u00e9s sz\u00fcrke alapokkal, valamint v\u00f6r\u00f6ses, maximum k\u00e9k\/z\u00f6ld dekorokkal megsp\u00e9kelt gamer-piacon. Egy fix, az iroda \u201eoverly manly man\u201d-j\u00e9t is padl\u00f3ra tette az a k\u00fcllem, amit az Acer ragadoz\u00f3ja produk\u00e1lt, sz\u00ednnel \u00e9s formavil\u00e1ggal egy\u00fctt. A h\u0171t\u00e9st el\u0151seg\u00edt\u0151 bord\u00e1z\u00e1s amellett, hogy a dupla Dual Aeroblade 3D lap\u00e1tokkal rendelkez\u0151 ventill\u00e1tornak biztos\u00edtsa a megfelel\u0151 leveg\u0151\u00e1raml\u00e1st, m\u00e9g irt\u00f3 agressz\u00edvan is n\u00e9z ki. A teljes formaterv egy sportos tank jelleg\u00e9vel \u00e9rkezett meg, amit nem egyszer\u0171 elk\u00e9pzelni, de vegy\u00fcnk egy T-34-es tigrist, ami egy Ferrarival h\u00e1lt egy \u00e1tbulizott este ut\u00e1n. A feh\u00e9r alum\u00ednium h\u00e1zon az arany elemek eleg\u00e1nsak, b\u00e1r els\u0151re biztos meglep\u0151 a morcos fekete g\u00e9pek k\u00f6zt ezt a luxus-jelleg\u0171 bestia. Tapint\u00e1sra abszol\u00fat rendben van, kellemes mind a f\u00e9m fel\u00fclet, mind az als\u00f3 egys\u00e9g m\u0171anyag bor\u00edt\u00e1sa. Ut\u00f3bbin\u00e1l \u00e9rezhet\u0151 a h\u0171t\u00e9s hat\u00e1sa, hiszen komolyabb ig\u00e9nybev\u00e9teln\u00e9l sem forr\u00f3sodik \u00e1t. M\u00e9reteit tekintve egy 390 x 266 x 26.75 mm-es dimenzi\u00f3kkal rendelkez\u0151 g\u00e9pr\u0151l van sz\u00f3, ami a maga 2.7kg-os s\u00faly\u00e1val abszol\u00fat nem tartozik a s\u00falyosabb gamer vasak k\u00f6z\u00e9 (viszony\u00edt\u00e1sk\u00e9pp, a Lenovo Y920 k\u00e9t kil\u00f3val nehezebb n\u00e1la). A g\u00e9pet felnyitva a feh\u00e9r-arany kombin\u00e1ci\u00f3val a bels\u0151 r\u00e9szekn\u00e9l is megadja a m\u00f3dj\u00e1t a g\u00e9p. A m\u00e1rkajelz\u00e9sek, a WASD billenty\u0171k, valamint a d\u00edszcs\u00edkok nagyon pof\u00e1san festenek, emell\u00e9 pedig az \u00e9jszaka s\u00f6t\u00e9tj\u00e9t ellens\u00falyozand\u00f3, kapott egy feh\u00e9r LED-h\u00e1tt\u00e9rvil\u00e1g\u00edt\u00e1st a billenty\u0171zet m\u00f6g\u00e9. Az Acer Precision touchpad korrekt, de ne v\u00e1rjunk t\u00f6bbet, mint egy \u00e1tlagos tapipadt\u00f3l, a billenty\u0171zet pedig 1.4 mm-es billenty\u0171\u00fattal rendelkezik \u00e9s van egy pici gy\u00edkja: nincsenek a ny\u00edlbillenty\u0171k k\u00fcl\u00f6n\u00f6sebben kiemelve, de pozit\u00edv, hogy term\u00e9szetesen magyar nyelvnek megfelel\u0151 gombokkal \u00e9rkezik. A kijelz\u0151 k\u00f6r\u00fcli k\u00e1va nem \u00e9pp a \u201efullview\u201d hat\u00e1s biztos\u00edt\u00e1s\u00e1ra szolg\u00e1l, mondjuk \u00fagy, hogy eg\u00e9sz vastag, ami a tank-hat\u00e1snak az eredm\u00e9nye. Nyilv\u00e1n ett\u0151l sz\u0171kebbnek hat tal\u00e1n a kijelz\u0151, de amit l\u00e1tunk rajta, val\u00f3sz\u00edn\u0171leg annyira elviszi majd a figyelm\u00fcnket, hogy a k\u00e1va lesz a legutols\u00f3, amin sir\u00e1nkozn\u00e1nk. A bal fels\u0151 sarokba m\u00e9g odaf\u00e9rt a kijelz\u0151 mell\u00e9 egy Acer log\u00f3, alulr\u00f3l pedig a vastag arany\/pezsg\u0151-sz\u00edn\u0171 zsan\u00e9r ny\u00fajt mobilit\u00e1st a notebook \u00e1ltal mutatott k\u00e9pnek.<\/p>\n<p><a href=\"https:\/\/www.notebook.hu\/blog\/wp-content\/uploads\/2018\/09\/Helios300_jpg_02.jpg\"><img loading=\"lazy\" decoding=\"async\" data-attachment-id=\"3478\" data-permalink=\"https:\/\/www.notebook.hu\/blog\/acer-predator-helios-300-se-teszt\/helios300_jpg_02\/\" data-orig-file=\"https:\/\/www.notebook.hu\/blog\/wp-content\/uploads\/2018\/09\/Helios300_jpg_02.jpg\" data-orig-size=\"1920,1080\" data-comments-opened=\"0\" data-image-meta=\"{&quot;aperture&quot;:&quot;0&quot;,&quot;credit&quot;:&quot;&quot;,&quot;camera&quot;:&quot;&quot;,&quot;caption&quot;:&quot;&quot;,&quot;created_timestamp&quot;:&quot;0&quot;,&quot;copyright&quot;:&quot;&quot;,&quot;focal_length&quot;:&quot;0&quot;,&quot;iso&quot;:&quot;0&quot;,&quot;shutter_speed&quot;:&quot;0&quot;,&quot;title&quot;:&quot;&quot;,&quot;orientation&quot;:&quot;0&quot;}\" data-image-title=\"Helios300_jpg_02\" data-image-description=\"\" data-image-caption=\"\" data-medium-file=\"https:\/\/www.notebook.hu\/blog\/wp-content\/uploads\/2018\/09\/Helios300_jpg_02-300x169.jpg\" data-large-file=\"https:\/\/www.notebook.hu\/blog\/wp-content\/uploads\/2018\/09\/Helios300_jpg_02-1024x576.jpg\" class=\"alignnone size-large wp-image-3478\" src=\"https:\/\/www.notebook.hu\/blog\/wp-content\/uploads\/2018\/09\/Helios300_jpg_02-1024x576.jpg\" alt=\"\" width=\"618\" height=\"348\" srcset=\"https:\/\/www.notebook.hu\/blog\/wp-content\/uploads\/2018\/09\/Helios300_jpg_02-1024x576.jpg 1024w, https:\/\/www.notebook.hu\/blog\/wp-content\/uploads\/2018\/09\/Helios300_jpg_02-300x169.jpg 300w, https:\/\/www.notebook.hu\/blog\/wp-content\/uploads\/2018\/09\/Helios300_jpg_02-768x432.jpg 768w, https:\/\/www.notebook.hu\/blog\/wp-content\/uploads\/2018\/09\/Helios300_jpg_02.jpg 1920w\" sizes=\"auto, (max-width: 618px) 100vw, 618px\" \/><\/a><\/p>\n<p><em>K\u00edv\u00e1ncsi lenn\u00e9l egy vide\u00f3s term\u00e9kbemutat\u00f3ra? N\u00e9zd meg most a Acer Predator Helios 300 SE-t a YouTube-csatorn\u00e1nkra k\u00e9sz\u00fclt vide\u00f3n kereszt\u00fcl is!<\/em><\/p>\n<p><iframe loading=\"lazy\" src=\"https:\/\/www.youtube.com\/embed\/aAMezeJN6vY\" width=\"560\" height=\"315\" frameborder=\"0\" allowfullscreen=\"allowfullscreen\"><\/iframe><\/p>\n<p><strong>Kijelz\u0151 \u00e9s eszk\u00f6z\u00f6k: Kincsest\u00e1r<\/strong><\/p>\n<p>Ok\u00e9, a fullview hat\u00e1st\u00f3l messze vagyunk, de ett\u0151l m\u00e9g lehet egy nagyon men\u0151 kijelz\u0151nk, nem? H\u00e1t, de! A standardnek hat\u00f3 15.6 inches, FullHD felbont\u00e1s\u00fa, IPS, matt, LED panel nem lenne nagy dob\u00e1s, ha nem 144 Hz-s k\u00e9pfriss\u00edt\u00e9si r\u00e1t\u00e1val kaptuk volna meg. A fluidit\u00e1s garant\u00e1lt, a h\u00e9tk\u00f6znapi haszn\u00e1latt\u00f3l kezdve, a j\u00e1t\u00e9k\u00e9lm\u00e9nyen \u00e1t, zseni\u00e1lis hat\u00e1sa van ennek a magas r\u00e1t\u00e1nak.. term\u00e9szetesen akkor, ha van egy vas, ami megfelel\u0151en meghajtja a j\u00e1t\u00e9kokat. Itt megvan\u2026 de err\u0151l k\u00e9s\u0151bb. A k\u00e9pi hat\u00e1sok mell\u00e9 term\u00e9szetesen elv\u00e1rt, hogy egy megfelel\u0151 audio-rendszer is dolgozzon a Helios 300-ban. A Dolby Audio Premium \u00e9s Acer TrueHarmony Plus hangrendszer kihozza azt a maximumot, amit szerintem most egy gamer g\u00e9pb\u0151l ki lehet. Viszont! Tudjuk j\u00f3l, hogy mennyire szeretik az emberek azt, hogy ha nyilv\u00e1nos helyen \u201e\u00fcv\u00f6ltetj\u00fck\u201d a j\u00e1t\u00e9kokat (s\u00fagok, nem igaz\u00e1n). Az Acer erre tal\u00e1lt egy nagyon egyszer\u0171 megold\u00e1s: ha \u00e9pp nem rendelkezn\u00e9nk egy olyan f\u00fclessel, amit k\u00e9nyelmesen-kellemesen el tudn\u00e1nk vinni magunkkal erre-arra, akkor bedobott a csomagba egy kis sz\u00fcrke sz\u00fcty\u0151be rejtett Hi-Res in-ear f\u00fclest, amit a g\u00e9p sz\u00edneibe \u00f6lt\u00f6ztettek. Kellemes aj\u00e1nd\u00e9k, s b\u00e1r \u00e9n nem vagyok oda ezek\u00e9rt a t\u00edpus\u00fa f\u00fclhallgat\u00f3k\u00e9rt, a gesztust \u00e9rdemes \u00e9rt\u00e9kelni.<\/p>\n<p><a href=\"https:\/\/www.notebook.hu\/blog\/wp-content\/uploads\/2018\/09\/Helios300_jpg_04.jpg\"><img loading=\"lazy\" decoding=\"async\" data-attachment-id=\"3480\" data-permalink=\"https:\/\/www.notebook.hu\/blog\/acer-predator-helios-300-se-teszt\/helios300_jpg_04\/\" data-orig-file=\"https:\/\/www.notebook.hu\/blog\/wp-content\/uploads\/2018\/09\/Helios300_jpg_04.jpg\" data-orig-size=\"1920,1080\" data-comments-opened=\"0\" data-image-meta=\"{&quot;aperture&quot;:&quot;0&quot;,&quot;credit&quot;:&quot;&quot;,&quot;camera&quot;:&quot;&quot;,&quot;caption&quot;:&quot;&quot;,&quot;created_timestamp&quot;:&quot;0&quot;,&quot;copyright&quot;:&quot;&quot;,&quot;focal_length&quot;:&quot;0&quot;,&quot;iso&quot;:&quot;0&quot;,&quot;shutter_speed&quot;:&quot;0&quot;,&quot;title&quot;:&quot;&quot;,&quot;orientation&quot;:&quot;0&quot;}\" data-image-title=\"Helios300_jpg_04\" data-image-description=\"\" data-image-caption=\"\" data-medium-file=\"https:\/\/www.notebook.hu\/blog\/wp-content\/uploads\/2018\/09\/Helios300_jpg_04-300x169.jpg\" data-large-file=\"https:\/\/www.notebook.hu\/blog\/wp-content\/uploads\/2018\/09\/Helios300_jpg_04-1024x576.jpg\" class=\"alignnone size-large wp-image-3480\" src=\"https:\/\/www.notebook.hu\/blog\/wp-content\/uploads\/2018\/09\/Helios300_jpg_04-1024x576.jpg\" alt=\"\" width=\"618\" height=\"348\" srcset=\"https:\/\/www.notebook.hu\/blog\/wp-content\/uploads\/2018\/09\/Helios300_jpg_04-1024x576.jpg 1024w, https:\/\/www.notebook.hu\/blog\/wp-content\/uploads\/2018\/09\/Helios300_jpg_04-300x169.jpg 300w, https:\/\/www.notebook.hu\/blog\/wp-content\/uploads\/2018\/09\/Helios300_jpg_04-768x432.jpg 768w, https:\/\/www.notebook.hu\/blog\/wp-content\/uploads\/2018\/09\/Helios300_jpg_04.jpg 1920w\" sizes=\"auto, (max-width: 618px) 100vw, 618px\" \/><\/a><\/p>\n<p>Mi van portok ter\u00e9n a g\u00e9ppel? A jobb oldalra szorult \u00e1llapotjelz\u0151 LED-ek mell\u00e9 ker\u00fclt k\u00e9t USB 2.0-\u00e1s, valamint a combo audio jack csatlakoz\u00f3, a t\u00faloldalra pedig a HDMI, Type-C, USB 3.0 \u00e9s SD-k\u00e1rtyaolvas\u00f3 mellett az RJ-45-\u00f6s net-dugasz is. Az egyik USB-portok val\u00f3sz\u00edn\u0171leg egy eg\u00e9r k\u00e1bele\/jelad\u00f3ja fogja majd megt\u00f6lteni, nem igaz? Az Acern\u00e9l arra is gondoltak, hogy ha eg\u00e9rtelen\u00fcl v\u00e1gn\u00e1nk bele a kalandba, hiszen a f\u00fcles mellett van egy m\u00e1sik aj\u00e1nd\u00e9k: egy Predator diz\u00e1jnos optikai eg\u00e9r. A r\u00e1gcs\u00e1l\u00f3nk egy SM-9627-es modell, ami 2000 dpi-ig \u00e1ll\u00edthat\u00f3 \u00e9rz\u00e9kenys\u00e9ggel rendelkezik, meg mell\u00e9 kapunk egy eg\u00e9rpadot is, hogy legyen mind futtatnunk a kis h\u00e1zi\u00e1llatunkat. Van term\u00e9szetesen Bluetooth kapcsolatra lehet\u0151s\u00e9g, az 5.0-\u00e1s kiad\u00e1snak k\u00f6sz\u00f6nhet\u0151en, illetve term\u00e9szetesen akad egy 802.11a\/b\/g\/n\/ac-szabv\u00e1ny\u00fa WiFi-vev\u0151 is.<\/p>\n<p><a href=\"https:\/\/www.notebook.hu\/blog\/wp-content\/uploads\/2018\/09\/Helios300_jpg_05.jpg\"><img loading=\"lazy\" decoding=\"async\" data-attachment-id=\"3481\" data-permalink=\"https:\/\/www.notebook.hu\/blog\/acer-predator-helios-300-se-teszt\/helios300_jpg_05\/\" data-orig-file=\"https:\/\/www.notebook.hu\/blog\/wp-content\/uploads\/2018\/09\/Helios300_jpg_05.jpg\" data-orig-size=\"1920,1080\" data-comments-opened=\"0\" data-image-meta=\"{&quot;aperture&quot;:&quot;0&quot;,&quot;credit&quot;:&quot;&quot;,&quot;camera&quot;:&quot;&quot;,&quot;caption&quot;:&quot;&quot;,&quot;created_timestamp&quot;:&quot;0&quot;,&quot;copyright&quot;:&quot;&quot;,&quot;focal_length&quot;:&quot;0&quot;,&quot;iso&quot;:&quot;0&quot;,&quot;shutter_speed&quot;:&quot;0&quot;,&quot;title&quot;:&quot;&quot;,&quot;orientation&quot;:&quot;0&quot;}\" data-image-title=\"Helios300_jpg_05\" data-image-description=\"\" data-image-caption=\"\" data-medium-file=\"https:\/\/www.notebook.hu\/blog\/wp-content\/uploads\/2018\/09\/Helios300_jpg_05-300x169.jpg\" data-large-file=\"https:\/\/www.notebook.hu\/blog\/wp-content\/uploads\/2018\/09\/Helios300_jpg_05-1024x576.jpg\" class=\"alignnone size-large wp-image-3481\" src=\"https:\/\/www.notebook.hu\/blog\/wp-content\/uploads\/2018\/09\/Helios300_jpg_05-1024x576.jpg\" alt=\"\" width=\"618\" height=\"348\" srcset=\"https:\/\/www.notebook.hu\/blog\/wp-content\/uploads\/2018\/09\/Helios300_jpg_05-1024x576.jpg 1024w, https:\/\/www.notebook.hu\/blog\/wp-content\/uploads\/2018\/09\/Helios300_jpg_05-300x169.jpg 300w, https:\/\/www.notebook.hu\/blog\/wp-content\/uploads\/2018\/09\/Helios300_jpg_05-768x432.jpg 768w, https:\/\/www.notebook.hu\/blog\/wp-content\/uploads\/2018\/09\/Helios300_jpg_05.jpg 1920w\" sizes=\"auto, (max-width: 618px) 100vw, 618px\" \/><\/a><\/p>\n<p><strong>Teljes\u00edtm\u00e9ny: Telj hatalom<\/strong><\/p>\n<p>P\u00f6rgess\u00fck v\u00e9gig a fej\u00fcnkben az eddigi Predatorral, vagy magyarosabb nev\u00e9n, a Ragadoz\u00f3val k\u00e9sz\u00fclt filmeket. Brut\u00e1lis er\u0151, gyilkos k\u00fcty\u00fcb\u00e1zis \u00e9s k\u00edm\u00e9letlens\u00e9g (na meg az a mosoly!), ami esz\u00fcnkbe jut az \u0171rb\u00e9li gyilkol\u00f3 g\u00e9pre gondolva. Mi a helyzet a n\u00e9vrokonn\u00e1l? A g\u00e9p sz\u00edvek\u00e9nt dobog\u00f3 Intel\u00ae Core&#x2122; i7-8750H processzorra minden mondhat\u00f3 csak az nem, hogy fapados. A nyolcadik gener\u00e1ci\u00f3s, 6 maggal \u00e9s 12 sz\u00e1llal fut\u00f3, Coffee Lake proci 2.2 Ghz-es alap teljes\u00edtm\u00e9nye eg\u00e9szen 4.1 Ghz-ig r\u00faghat fel. T\u00e1mogatja az Intel Optane mem\u00f3ri\u00e1t, a Hyper Threadinget, illetve a Speed Shiftet is. Az integr\u00e1lt Intel\u00ae UHD Graphics 630-asnak \u201enem sok dolga van\u201d, hiszen a Predator egyik legklasszabb eszk\u00f6zre a 6GB GDDR5-\u00f6s mem\u00f3ri\u00e1val meg\u00e1ldott, NVIDIA GeForce GTX 1060-as. A 16 nm-es kialak\u00edt\u00e1s\u00fa GPU-val nyugodtan viseli p\u00e1nc\u00e9lzat\u00e1n a \u201eVR Ready\u201d jelz\u00e9st a Helios 300-as. 1404 \u00e9s 1670 Mhz k\u00f6zti sebess\u00e9g\u00e9vel, valamint a Predatorban l\u00e9v\u0151 \u00a016GB DDR4-es mem\u00f3ri\u00e1val a tesztg\u00e9p\u00fcnk igen impoz\u00e1ns eredm\u00e9nyeket \u00e9rt el a Final Fantasy \u00e9s a 3DMark-os benchmarkokon is. El\u0151bbin a \u201eFairly High\u201d \u00e9s \u201eHigh\u201d eredm\u00e9nyeket produk\u00e1lta, el\u0151bb \u201eFullHD \u2013 High Quality\u201d, majd \u201eFullHD \u2013 Standard\u201d be\u00e1ll\u00edt\u00e1sokkal. Ergo, egy 2018-as j\u00e1t\u00e9k magasabb be\u00e1ll\u00edt\u00e1sokn\u00e1l, FullHD felbont\u00e1son is teljesen kiel\u00e9g\u00edt\u0151, s\u0151t hat\u00e1rozottan l\u00e1tv\u00e1nyos teljes\u00edtm\u00e9nyt produk\u00e1l. A 3DMarkn\u00e1l hasonl\u00f3 eredm\u00e9nyre jutottunk, hiszen a vas 40%-\u00e1t verte a kor\u00e1bbi teszteknek a TimeSpy-n\u00e1l, m\u00edg a Fire Strikeban m\u00e1r a 67%-ot dar\u00e1lta be. Kell ett\u0151l t\u00f6bb, egy klasszikusan gamingre dedik\u00e1lt notebookt\u00f3l? Nem hiszem. Nyilv\u00e1n, amikor nagyobb teljes\u00edtm\u00e9ny kell, akkor a h\u0171t\u0151 is jobban felz\u00fag, \u00edgy kell n\u00e9mi zajjal sz\u00e1molnunk a combosabb j\u00e1t\u00e9kokn\u00e1l, illetve azzal is, hogy a h\u00e1z a h\u0171t\u00e9s ellen\u00e9re a nagyobb terhel\u00e9sn\u00e9l \u2013 ha nem is zavar\u00f3an, de \u00e9rz\u00e9kelhet\u0151en \u2013 melegszik. A t\u00e1rhely\u00fcnk egy 1TB-os 2.5&#8243; SATA 7200rpm HDD, \u00edgy lesz hov\u00e1 pakolnunk\u2026b\u00e1r egy SSD-t m\u00e9g elfogadhatna a kicsike (vagy egy Optane-t?).<\/p>\n<p><a href=\"https:\/\/www.notebook.hu\/blog\/wp-content\/uploads\/2018\/09\/Helios300_jpg_03.jpg\"><img loading=\"lazy\" decoding=\"async\" data-attachment-id=\"3479\" data-permalink=\"https:\/\/www.notebook.hu\/blog\/acer-predator-helios-300-se-teszt\/helios300_jpg_03\/\" data-orig-file=\"https:\/\/www.notebook.hu\/blog\/wp-content\/uploads\/2018\/09\/Helios300_jpg_03.jpg\" data-orig-size=\"1920,1080\" data-comments-opened=\"0\" data-image-meta=\"{&quot;aperture&quot;:&quot;0&quot;,&quot;credit&quot;:&quot;&quot;,&quot;camera&quot;:&quot;&quot;,&quot;caption&quot;:&quot;&quot;,&quot;created_timestamp&quot;:&quot;0&quot;,&quot;copyright&quot;:&quot;&quot;,&quot;focal_length&quot;:&quot;0&quot;,&quot;iso&quot;:&quot;0&quot;,&quot;shutter_speed&quot;:&quot;0&quot;,&quot;title&quot;:&quot;&quot;,&quot;orientation&quot;:&quot;0&quot;}\" data-image-title=\"Helios300_jpg_03\" data-image-description=\"\" data-image-caption=\"\" data-medium-file=\"https:\/\/www.notebook.hu\/blog\/wp-content\/uploads\/2018\/09\/Helios300_jpg_03-300x169.jpg\" data-large-file=\"https:\/\/www.notebook.hu\/blog\/wp-content\/uploads\/2018\/09\/Helios300_jpg_03-1024x576.jpg\" class=\"alignnone size-large wp-image-3479\" src=\"https:\/\/www.notebook.hu\/blog\/wp-content\/uploads\/2018\/09\/Helios300_jpg_03-1024x576.jpg\" alt=\"\" width=\"618\" height=\"348\" srcset=\"https:\/\/www.notebook.hu\/blog\/wp-content\/uploads\/2018\/09\/Helios300_jpg_03-1024x576.jpg 1024w, https:\/\/www.notebook.hu\/blog\/wp-content\/uploads\/2018\/09\/Helios300_jpg_03-300x169.jpg 300w, https:\/\/www.notebook.hu\/blog\/wp-content\/uploads\/2018\/09\/Helios300_jpg_03-768x432.jpg 768w, https:\/\/www.notebook.hu\/blog\/wp-content\/uploads\/2018\/09\/Helios300_jpg_03.jpg 1920w\" sizes=\"auto, (max-width: 618px) 100vw, 618px\" \/><\/a><\/p>\n<p><strong>\u00d6sszefoglal\u00e1s<\/strong><\/p>\n<p>Ha l\u00e9tezne j\u00f3 Predator film a 21. sz\u00e1zadban, akkor az err\u0151l sz\u00f3lna. Remek teljes\u00edtm\u00e9ny, k\u00fcl\u00f6nleges k\u00fcls\u0151 \u00e9s a kateg\u00f3ri\u00e1n bel\u00fcl abszol\u00fat pr\u00e9mium \u00e9rzet jellemzi az Acer Predator Helios 300 SE-t. A teljes\u00edtm\u00e9nynek persze megvan a maga \u00e1tka, a z\u00fagol\u00f3d\u00f3 h\u0171t\u00e9ssel \u00e9s a h\u00e1z m\u00e9rs\u00e9kelt meleged\u00e9s\u00e9vel, de mindenk\u00e9pp meg\u00e9ri az Acer gyilkol\u00f3 g\u00e9p\u00e9nek megszavazni a bizalmat, ha teljes \u00e9rt\u00e9k\u0171 j\u00e1t\u00e9kos \u00e9lm\u00e9nyt akarunk \u00e1t\u00e9lni egy notebookkal.<\/p>\n<p><em>Kedvet kapt\u00e1l a g\u00e9phez? Kattanj az\u00a0<a href=\"https:\/\/www.notebook.hu\/acer-predator-helios-300-ph315-51-763k-nh-q4heu-007-feher\"><strong>Acer Predator Helios 300SE-re<\/strong><\/a>\u00a0hogy el\u00e9rd webshopunkban a gamer piac csod\u00e1j\u00e1t!\u00a0<\/em><\/p>\n<p><a href=\"https:\/\/www.notebook.hu\/blog\/wp-content\/uploads\/2018\/09\/Helios300_jpg_01.jpg\"><img loading=\"lazy\" decoding=\"async\" data-attachment-id=\"3477\" data-permalink=\"https:\/\/www.notebook.hu\/blog\/acer-predator-helios-300-se-teszt\/helios300_jpg_01\/\" data-orig-file=\"https:\/\/www.notebook.hu\/blog\/wp-content\/uploads\/2018\/09\/Helios300_jpg_01.jpg\" data-orig-size=\"1920,1080\" data-comments-opened=\"0\" data-image-meta=\"{&quot;aperture&quot;:&quot;0&quot;,&quot;credit&quot;:&quot;&quot;,&quot;camera&quot;:&quot;&quot;,&quot;caption&quot;:&quot;&quot;,&quot;created_timestamp&quot;:&quot;0&quot;,&quot;copyright&quot;:&quot;&quot;,&quot;focal_length&quot;:&quot;0&quot;,&quot;iso&quot;:&quot;0&quot;,&quot;shutter_speed&quot;:&quot;0&quot;,&quot;title&quot;:&quot;&quot;,&quot;orientation&quot;:&quot;0&quot;}\" data-image-title=\"Helios300_jpg_01\" data-image-description=\"\" data-image-caption=\"\" data-medium-file=\"https:\/\/www.notebook.hu\/blog\/wp-content\/uploads\/2018\/09\/Helios300_jpg_01-300x169.jpg\" data-large-file=\"https:\/\/www.notebook.hu\/blog\/wp-content\/uploads\/2018\/09\/Helios300_jpg_01-1024x576.jpg\" class=\"alignnone size-large wp-image-3477\" src=\"https:\/\/www.notebook.hu\/blog\/wp-content\/uploads\/2018\/09\/Helios300_jpg_01-1024x576.jpg\" alt=\"\" width=\"618\" height=\"348\" srcset=\"https:\/\/www.notebook.hu\/blog\/wp-content\/uploads\/2018\/09\/Helios300_jpg_01-1024x576.jpg 1024w, https:\/\/www.notebook.hu\/blog\/wp-content\/uploads\/2018\/09\/Helios300_jpg_01-300x169.jpg 300w, https:\/\/www.notebook.hu\/blog\/wp-content\/uploads\/2018\/09\/Helios300_jpg_01-768x432.jpg 768w, https:\/\/www.notebook.hu\/blog\/wp-content\/uploads\/2018\/09\/Helios300_jpg_01.jpg 1920w\" sizes=\"auto, (max-width: 618px) 100vw, 618px\" \/><\/a><\/p>\n<p>&nbsp;<\/p>\n","protected":false},"excerpt":{"rendered":"<p>Az egyik legismertebb francia kir\u00e1ly, XIV. Lajos, hatalm\u00e1t a Mennyb\u0151l sz\u00e1rmaz\u00f3nak tartotta, mag\u00e1t pedig a Napkir\u00e1lynak h\u00edvatta, hiszen a kir\u00e1ly \u00fagy ad f\u00e9nyt \u00e9s meleget birodalm\u00e1nak, ahogyan a Nap a F\u00f6ldnek. A Predator Helios 300 SE-vel meg\u00e9rkezett a notebookok legf\u00e9nyesebb uralkod\u00f3ja\u2026 ez\u00fattal rohad\u00f3 fogsor n\u00e9lk\u00fcl. K\u00fcls\u0151: Ragyog\u00f3 teljes\u00edtm\u00e9ny A Helios 300 eset\u00e9ben nem t\u0171nik relev\u00e1nsnak &hellip;<\/p>\n","protected":false},"author":1,"featured_media":3483,"comment_status":"closed","ping_status":"open","sticky":false,"template":"","format":"standard","meta":{"_jetpack_memberships_contains_paid_content":false,"footnotes":""},"categories":[43],"tags":[50,488,487,489,486,238,491,490,492,237],"class_list":["post-3475","post","type-post","status-publish","format-standard","has-post-thumbnail","","category-tesztek","tag-acer","tag-acer-predator-helios-300-se","tag-acer-predator-helios-300-se-bemutato","tag-acer-predator-helios-300-se-termekteszt","tag-acer-predator-helios-300-se-teszt","tag-bemutato","tag-helios-300-se","tag-predator","tag-special-edition","tag-teszt"],"jetpack_featured_media_url":"https:\/\/www.notebook.hu\/blog\/wp-content\/uploads\/2018\/09\/blogthumbnail.png","jetpack_shortlink":"https:\/\/wp.me\/p9xSLL-U3","jetpack_sharing_enabled":true,"_links":{"self":[{"href":"https:\/\/www.notebook.hu\/blog\/wp-json\/wp\/v2\/posts\/3475","targetHints":{"allow":["GET"]}}],"collection":[{"href":"https:\/\/www.notebook.hu\/blog\/wp-json\/wp\/v2\/posts"}],"about":[{"href":"https:\/\/www.notebook.hu\/blog\/wp-json\/wp\/v2\/types\/post"}],"author":[{"embeddable":true,"href":"https:\/\/www.notebook.hu\/blog\/wp-json\/wp\/v2\/users\/1"}],"replies":[{"embeddable":true,"href":"https:\/\/www.notebook.hu\/blog\/wp-json\/wp\/v2\/comments?post=3475"}],"version-history":[{"count":11,"href":"https:\/\/www.notebook.hu\/blog\/wp-json\/wp\/v2\/posts\/3475\/revisions"}],"predecessor-version":[{"id":3539,"href":"https:\/\/www.notebook.hu\/blog\/wp-json\/wp\/v2\/posts\/3475\/revisions\/3539"}],"wp:featuredmedia":[{"embeddable":true,"href":"https:\/\/www.notebook.hu\/blog\/wp-json\/wp\/v2\/media\/3483"}],"wp:attachment":[{"href":"https:\/\/www.notebook.hu\/blog\/wp-json\/wp\/v2\/media?parent=3475"}],"wp:term":[{"taxonomy":"category","embeddable":true,"href":"https:\/\/www.notebook.hu\/blog\/wp-json\/wp\/v2\/categories?post=3475"},{"taxonomy":"post_tag","embeddable":true,"href":"https:\/\/www.notebook.hu\/blog\/wp-json\/wp\/v2\/tags?post=3475"}],"curies":[{"name":"wp","href":"https:\/\/api.w.org\/{rel}","templated":true}]}}