{"id":3452,"date":"2018-09-27T10:31:28","date_gmt":"2018-09-27T08:31:28","guid":{"rendered":"https:\/\/www.notebook.hu\/blog\/?p=3452"},"modified":"2018-09-27T10:31:28","modified_gmt":"2018-09-27T08:31:28","slug":"milyen-fotokkal-dobd-fel-az-instagramod","status":"publish","type":"post","link":"https:\/\/www.notebook.hu\/blog\/milyen-fotokkal-dobd-fel-az-instagramod\/","title":{"rendered":"Milyen fot\u00f3kkal dobd fel az Instagramod?"},"content":{"rendered":"<p>&nbsp;<\/p>\n<p><a href=\"https:\/\/www.notebook.hu\/blog\/wp-content\/uploads\/2018\/09\/influencer-instagram-foodie-CONTENT-2017.jpg\"><img loading=\"lazy\" decoding=\"async\" data-attachment-id=\"3454\" data-permalink=\"https:\/\/www.notebook.hu\/blog\/milyen-fotokkal-dobd-fel-az-instagramod\/influencer-instagram-foodie-content-2017\/\" data-orig-file=\"https:\/\/www.notebook.hu\/blog\/wp-content\/uploads\/2018\/09\/influencer-instagram-foodie-CONTENT-2017.jpg\" data-orig-size=\"890,500\" data-comments-opened=\"0\" data-image-meta=\"{&quot;aperture&quot;:&quot;0&quot;,&quot;credit&quot;:&quot;&quot;,&quot;camera&quot;:&quot;&quot;,&quot;caption&quot;:&quot;&quot;,&quot;created_timestamp&quot;:&quot;0&quot;,&quot;copyright&quot;:&quot;This content is subject to copyright.&quot;,&quot;focal_length&quot;:&quot;0&quot;,&quot;iso&quot;:&quot;0&quot;,&quot;shutter_speed&quot;:&quot;0&quot;,&quot;title&quot;:&quot;&quot;,&quot;orientation&quot;:&quot;0&quot;}\" data-image-title=\"influencer-instagram-foodie-CONTENT-2017\" data-image-description=\"\" data-image-caption=\"\" data-medium-file=\"https:\/\/www.notebook.hu\/blog\/wp-content\/uploads\/2018\/09\/influencer-instagram-foodie-CONTENT-2017-300x169.jpg\" data-large-file=\"https:\/\/www.notebook.hu\/blog\/wp-content\/uploads\/2018\/09\/influencer-instagram-foodie-CONTENT-2017.jpg\" class=\"alignnone size-full wp-image-3454\" src=\"https:\/\/www.notebook.hu\/blog\/wp-content\/uploads\/2018\/09\/influencer-instagram-foodie-CONTENT-2017.jpg\" alt=\"\" width=\"890\" height=\"500\" srcset=\"https:\/\/www.notebook.hu\/blog\/wp-content\/uploads\/2018\/09\/influencer-instagram-foodie-CONTENT-2017.jpg 890w, https:\/\/www.notebook.hu\/blog\/wp-content\/uploads\/2018\/09\/influencer-instagram-foodie-CONTENT-2017-300x169.jpg 300w, https:\/\/www.notebook.hu\/blog\/wp-content\/uploads\/2018\/09\/influencer-instagram-foodie-CONTENT-2017-768x431.jpg 768w\" sizes=\"auto, (max-width: 890px) 100vw, 890px\" \/><\/a><\/p>\n<p><strong>Gondolkodt\u00e1l m\u00e1r rajta, mit\u0151l olyan n\u00e9pszer\u0171ek a hazai \u00e9s nemzetk\u00f6zi influencerek? Hogyan lehet elindulni ezen az \u00fatvonalon, vagy hogyan tudn\u00e1d csak szimpl\u00e1n izgalmasabb\u00e1 \u00e9s l\u00e1tv\u00e1nyosabb\u00e1 tenni a saj\u00e1t Instagramos, vagy egy\u00e9b social medi\u00e1s fel\u00fcletedet? \u00d6sszeszedt\u00fcnk most p\u00e1r tippet, hogy seg\u00edts\u00fcnk neked!<\/strong><\/p>\n<p><strong>Megfelel\u0151 appokkal k\u00f6nnyebb!<\/strong><\/p>\n<p>Visszafel\u00e9 haladva az id\u0151rendi sorrendben, kezdj\u00fck most az ut\u00f3munk\u00e1val. Rengeteg remek \u00e9s egyszer\u0171en kezelhet\u0151 applik\u00e1ci\u00f3 dobhatja meg a k\u00e9peink min\u0151s\u00e9g\u00e9t, alak\u00edthat ki egyedi st\u00edlust a fel\u00fclet\u00fcnknek. L\u00e9tezik rengeteg, jobban \u00e9s kev\u00e9sb\u00e9 \u00f6sszetettebb v\u00e1ltozata ezeknek a programoknak, \u00edgy az Instagram saj\u00e1t fel\u00fclete mellett (ami az abszol\u00fat kompakts\u00e1gra ment r\u00e1), vegy\u00fcnk \u00e1t most p\u00e1rat. Szem\u00e9lyes kedvencem az Unfold \u00e9s a Snapseed nev\u0171 appok p\u00e1rosa. El\u0151bbiben a polaroid k\u00e9peket id\u00e9z\u0151 keretekkel \u00e9s st\u00edlusos feliratokkal dobhatjuk fel a k\u00e9peket, illetve mag\u00e1t a k\u00e9pet is m\u00f3dos\u00edthatjuk. A Snapseed-et t\u00f6bben a telefonos Photoshopnak h\u00edvj\u00e1k, hiszen rendk\u00edv\u00fcl r\u00e9szletes be\u00e1ll\u00edt\u00e1si lehet\u0151s\u00e9geket k\u00edn\u00e1l, HDR be\u00e1ll\u00edt\u00e1sokkal, keretez\u00e9ssel \u00e9s k\u00fcl\u00f6nb\u00f6z\u0151 st\u00edluselemek finomhangol\u00e1s\u00e1val. Feliratoz\u00e1sban az igazi nagymen\u0151nek az Overlay nev\u0171 applik\u00e1ci\u00f3t nevezn\u00e9m, ahol a be\u00e9p\u00edtett sz\u00f6vegek mellett mi is tudunk hozz\u00e1adni, a divatos bet\u0171t\u00edpusok haszn\u00e1lat\u00e1val, p\u00e1r m\u00e9lyensz\u00e1nt\u00f3 gondolatot. A k\u00e9peket k\u00fcl\u00f6nb\u00f6z\u0151 maszkokkal \u00e9s kevert r\u00e9tegekkel (Blend) tuningolhatjuk, de tess\u00e9k odafigyelni\u2026egy bizonyos szint ut\u00e1n m\u00e1r b\u0151ven giccsess\u00e9g tud v\u00e1lni a dolog.<\/p>\n<p><strong>N\u00e9zz sz\u00e9t!<\/strong><\/p>\n<p>Folytatva az el\u0151z\u0151 gondolatot, ha l\u00e1tjuk, hogy egy fot\u00f3 st\u00edlus divatoss\u00e1 v\u00e1lik, pr\u00f3b\u00e1ljuk meg azt imit\u00e1lni a nek\u00fcnk megfelel\u0151 m\u00f3don. A HDR effektus (t\u00fal)haszn\u00e1lata m\u00e1ig n\u00e9pszer\u0171, ahogy a vintage, avagy r\u00e9gi polaroid k\u00e9pek imit\u00e1ci\u00f3ja is. Nem a trend, hanem egy st\u00edlusir\u00e1nyzat tetszik? \u00c9rdemes sz\u00e9tn\u00e9zni olyan m\u0171v\u00e9szekn\u00e9l, mint Peter McKinnon, akik saj\u00e1t YouTube-fel\u00fcleteiken mutatj\u00e1k meg, hogyan lehet imit\u00e1lni az \u00e1ltaluk, vagy m\u00e1s fot\u00f3s\/vide\u00f3s\/influencer \u00e1ltal produk\u00e1lt tartalmakat. A magyar vonalon Jancs\u00f3 Gergely a telefonos k\u00e9pek kompon\u00e1l\u00e1s\u00e1r\u00f3l k\u00e9sz\u00edtett remek vide\u00f3t, \u00edgy \u0151t is sz\u00edvesen aj\u00e1nljuk!<\/p>\n<p><a href=\"https:\/\/www.notebook.hu\/blog\/wp-content\/uploads\/2018\/09\/sucesso.jpg\"><img loading=\"lazy\" decoding=\"async\" data-attachment-id=\"3455\" data-permalink=\"https:\/\/www.notebook.hu\/blog\/milyen-fotokkal-dobd-fel-az-instagramod\/sucesso\/\" data-orig-file=\"https:\/\/www.notebook.hu\/blog\/wp-content\/uploads\/2018\/09\/sucesso.jpg\" data-orig-size=\"782,436\" data-comments-opened=\"0\" data-image-meta=\"{&quot;aperture&quot;:&quot;2.8&quot;,&quot;credit&quot;:&quot;&quot;,&quot;camera&quot;:&quot;Canon EOS 550D&quot;,&quot;caption&quot;:&quot;&quot;,&quot;created_timestamp&quot;:&quot;1423834446&quot;,&quot;copyright&quot;:&quot;&quot;,&quot;focal_length&quot;:&quot;40&quot;,&quot;iso&quot;:&quot;500&quot;,&quot;shutter_speed&quot;:&quot;0.002&quot;,&quot;title&quot;:&quot;&quot;,&quot;orientation&quot;:&quot;1&quot;}\" data-image-title=\"sucesso\" data-image-description=\"\" data-image-caption=\"\" data-medium-file=\"https:\/\/www.notebook.hu\/blog\/wp-content\/uploads\/2018\/09\/sucesso-300x167.jpg\" data-large-file=\"https:\/\/www.notebook.hu\/blog\/wp-content\/uploads\/2018\/09\/sucesso.jpg\" class=\"alignnone size-full wp-image-3455\" src=\"https:\/\/www.notebook.hu\/blog\/wp-content\/uploads\/2018\/09\/sucesso.jpg\" alt=\"\" width=\"782\" height=\"436\" srcset=\"https:\/\/www.notebook.hu\/blog\/wp-content\/uploads\/2018\/09\/sucesso.jpg 782w, https:\/\/www.notebook.hu\/blog\/wp-content\/uploads\/2018\/09\/sucesso-300x167.jpg 300w, https:\/\/www.notebook.hu\/blog\/wp-content\/uploads\/2018\/09\/sucesso-768x428.jpg 768w\" sizes=\"auto, (max-width: 782px) 100vw, 782px\" \/><\/a><\/p>\n<p><strong>Hogyan kompon\u00e1lj?<\/strong><\/p>\n<p>Ugyan a fot\u00f3z\u00e1s, mint m\u0171v\u00e9szeti \u00e1g egy eg\u00e9sz karriert v\u00e9gigk\u00eds\u00e9r\u0151 tanul\u00e1si folyamat, az egyszer\u0171 szab\u00e1lyokkal nek\u00fcnk, k\u00f6z\u00f6ns\u00e9ges haland\u00f3knak is \u00e9rdemes megismerkedni. Aj\u00e1nlom tov\u00e1bbra is, hogy pr\u00f3b\u00e1lj imit\u00e1lni \u00e9s megtal\u00e1lni a k\u00fcl\u00f6nbs\u00e9get a saj\u00e1t k\u00e9peid \u00e9s a m\u00e1r befutott emberek\u00e9vel. Milyen sz\u00f6gb\u0151l fot\u00f3znak \u00e9s milyen f\u00e9nyk\u00f6r\u00fclm\u00e9nyek k\u00f6z\u00f6tt? Alulr\u00f3l csak \u00f3vatosan, hiszen az tok\u00e1t csin\u00e1l a portr\u00e9n\u00e1l, a telefonunkat pedig este csak a legindokoltabb esetben haszn\u00e1ljuk (indokolt, ha el\u00e9g j\u00f3 a kamer\u00e1ja, vagy ha szemcs\u00e9s, k\u00e9pzajos k\u00e9pet szeretn\u00e9nk). A megvil\u00e1g\u00edt\u00e1s fontos, hiszen a f\u00e9ny befoly\u00e1solja a hangulat\u00e1t a k\u00e9pnek, ahogy k\u00e9s\u0151bb a filterek is. Figyelj oda az aranymetsz\u00e9s szab\u00e1lyaira, vagy a k\u00e9pek szimmetrikuss\u00e1g\u00e1ra! Rengeteg apr\u00f3 r\u00e9szlet van, ami kis ut\u00e1na olvas\u00e1ssal \u00e9s gyakorl\u00e1ssal rengeteget dobhat az \u00f6sszk\u00e9pen.<\/p>\n<p>\u00d6sszegezni pedig \u00fagy tudn\u00e1m, hogy megfelel\u0151 gyakorl\u00e1s ut\u00e1n alak\u00edtsd ki a saj\u00e1t st\u00edlusod. Megtetszett egy filter, egy be\u00e1ll\u00edt\u00e1s, vagy tudn\u00e1l magadnak \u00e1lland\u00f3 v\u00e9djegyet csin\u00e1lni egy k\u00fcl\u00f6n Sz\u00ednegyens\u00faly be\u00e1ll\u00edt\u00e1ssal? Hajr\u00e1! Nem kell fel\u00edrni minden fot\u00f3ra, hogy \u201eSanyi Photography\u201d, hiszen egy id\u0151 ut\u00e1n a st\u00edlusod el\u00e1rulja majd, hogy te k\u00e9sz\u00edtetted a k\u00e9pet!<\/p>\n<p>Persze, az sem utols\u00f3, ha a piacon l\u00e9v\u0151 legjobb telefonokkal k\u00e9sz\u00edted, a mai felgyorsult vil\u00e1gban, ezeket a fot\u00f3kat. Mi sz\u00edvb\u0151l aj\u00e1nljuk a <a href=\"https:\/\/www.notebook.hu\/kereses?q=HUAWEI%20P20\"><strong>Huawei P20-sorozatb\u00f3l<\/strong><\/a> term\u00e9szetesen a legjobb kamer\u00e1val felszerelt <a href=\"https:\/\/www.notebook.hu\/huawei-p20-pro-128gb-dual-sim-51092epd-ejfekete\"><strong>Pro modell<\/strong><\/a>t, ahogy a <strong><a href=\"https:\/\/www.notebook.hu\/samsung-galaxy-s9-sm-g965fzkdxeh-ejfekete\">Samsung Galaxy S9+<\/a><\/strong> sem okozott m\u00e9g igaz\u00e1n csal\u00f3d\u00e1st. K\u00f6z\u00e9pkateg\u00f3ri\u00e1ban a P20 Lite kiemelked\u0151 versenyz\u0151nek t\u0171nik, de ne felejts\u00fck el, hogy a Xiaomi Mi Mix2S is meghat\u00e1roz\u00f3 lehet versenyt\u00e1rsaival szemben.<\/p>\n<p><a href=\"https:\/\/www.notebook.hu\/blog\/wp-content\/uploads\/2018\/09\/instagram-getty-980-930x465.jpg\"><img loading=\"lazy\" decoding=\"async\" data-attachment-id=\"3453\" data-permalink=\"https:\/\/www.notebook.hu\/blog\/milyen-fotokkal-dobd-fel-az-instagramod\/instagram-getty-980-930x465\/\" data-orig-file=\"https:\/\/www.notebook.hu\/blog\/wp-content\/uploads\/2018\/09\/instagram-getty-980-930x465.jpg\" data-orig-size=\"930,465\" data-comments-opened=\"0\" data-image-meta=\"{&quot;aperture&quot;:&quot;0&quot;,&quot;credit&quot;:&quot;&quot;,&quot;camera&quot;:&quot;&quot;,&quot;caption&quot;:&quot;&quot;,&quot;created_timestamp&quot;:&quot;0&quot;,&quot;copyright&quot;:&quot;&quot;,&quot;focal_length&quot;:&quot;0&quot;,&quot;iso&quot;:&quot;0&quot;,&quot;shutter_speed&quot;:&quot;0&quot;,&quot;title&quot;:&quot;&quot;,&quot;orientation&quot;:&quot;0&quot;}\" data-image-title=\"instagram-getty-980-930&#215;465\" data-image-description=\"\" data-image-caption=\"\" data-medium-file=\"https:\/\/www.notebook.hu\/blog\/wp-content\/uploads\/2018\/09\/instagram-getty-980-930x465-300x150.jpg\" data-large-file=\"https:\/\/www.notebook.hu\/blog\/wp-content\/uploads\/2018\/09\/instagram-getty-980-930x465.jpg\" class=\"alignnone size-full wp-image-3453\" src=\"https:\/\/www.notebook.hu\/blog\/wp-content\/uploads\/2018\/09\/instagram-getty-980-930x465.jpg\" alt=\"\" width=\"930\" height=\"465\" srcset=\"https:\/\/www.notebook.hu\/blog\/wp-content\/uploads\/2018\/09\/instagram-getty-980-930x465.jpg 930w, https:\/\/www.notebook.hu\/blog\/wp-content\/uploads\/2018\/09\/instagram-getty-980-930x465-300x150.jpg 300w, https:\/\/www.notebook.hu\/blog\/wp-content\/uploads\/2018\/09\/instagram-getty-980-930x465-768x384.jpg 768w, https:\/\/www.notebook.hu\/blog\/wp-content\/uploads\/2018\/09\/instagram-getty-980-930x465-660x330.jpg 660w\" sizes=\"auto, (max-width: 930px) 100vw, 930px\" \/><\/a><\/p>\n","protected":false},"excerpt":{"rendered":"<p>&nbsp; Gondolkodt\u00e1l m\u00e1r rajta, mit\u0151l olyan n\u00e9pszer\u0171ek a hazai \u00e9s nemzetk\u00f6zi influencerek? Hogyan lehet elindulni ezen az \u00fatvonalon, vagy hogyan tudn\u00e1d csak szimpl\u00e1n izgalmasabb\u00e1 \u00e9s l\u00e1tv\u00e1nyosabb\u00e1 tenni a saj\u00e1t Instagramos, vagy egy\u00e9b social medi\u00e1s fel\u00fcletedet? \u00d6sszeszedt\u00fcnk most p\u00e1r tippet, hogy seg\u00edts\u00fcnk neked! Megfelel\u0151 appokkal k\u00f6nnyebb! Visszafel\u00e9 haladva az id\u0151rendi sorrendben, kezdj\u00fck most az ut\u00f3munk\u00e1val. Rengeteg &hellip;<\/p>\n","protected":false},"author":1,"featured_media":3453,"comment_status":"closed","ping_status":"open","sticky":false,"template":"","format":"standard","meta":{"_jetpack_memberships_contains_paid_content":false,"footnotes":""},"categories":[42],"tags":[481,260,479,161,478,480],"class_list":["post-3452","post","type-post","status-publish","format-standard","has-post-thumbnail","","category-cikkek","tag-fotok","tag-fotozas","tag-hogyan","tag-instagram","tag-tippek","tag-top3"],"jetpack_featured_media_url":"https:\/\/www.notebook.hu\/blog\/wp-content\/uploads\/2018\/09\/instagram-getty-980-930x465.jpg","jetpack_shortlink":"https:\/\/wp.me\/p9xSLL-TG","jetpack_sharing_enabled":true,"_links":{"self":[{"href":"https:\/\/www.notebook.hu\/blog\/wp-json\/wp\/v2\/posts\/3452","targetHints":{"allow":["GET"]}}],"collection":[{"href":"https:\/\/www.notebook.hu\/blog\/wp-json\/wp\/v2\/posts"}],"about":[{"href":"https:\/\/www.notebook.hu\/blog\/wp-json\/wp\/v2\/types\/post"}],"author":[{"embeddable":true,"href":"https:\/\/www.notebook.hu\/blog\/wp-json\/wp\/v2\/users\/1"}],"replies":[{"embeddable":true,"href":"https:\/\/www.notebook.hu\/blog\/wp-json\/wp\/v2\/comments?post=3452"}],"version-history":[{"count":1,"href":"https:\/\/www.notebook.hu\/blog\/wp-json\/wp\/v2\/posts\/3452\/revisions"}],"predecessor-version":[{"id":3456,"href":"https:\/\/www.notebook.hu\/blog\/wp-json\/wp\/v2\/posts\/3452\/revisions\/3456"}],"wp:featuredmedia":[{"embeddable":true,"href":"https:\/\/www.notebook.hu\/blog\/wp-json\/wp\/v2\/media\/3453"}],"wp:attachment":[{"href":"https:\/\/www.notebook.hu\/blog\/wp-json\/wp\/v2\/media?parent=3452"}],"wp:term":[{"taxonomy":"category","embeddable":true,"href":"https:\/\/www.notebook.hu\/blog\/wp-json\/wp\/v2\/categories?post=3452"},{"taxonomy":"post_tag","embeddable":true,"href":"https:\/\/www.notebook.hu\/blog\/wp-json\/wp\/v2\/tags?post=3452"}],"curies":[{"name":"wp","href":"https:\/\/api.w.org\/{rel}","templated":true}]}}