{"id":3445,"date":"2018-09-26T17:03:40","date_gmt":"2018-09-26T15:03:40","guid":{"rendered":"https:\/\/www.notebook.hu\/blog\/?p=3445"},"modified":"2018-09-26T17:03:40","modified_gmt":"2018-09-26T15:03:40","slug":"megvan-a-spacex-elso-holdturistaja","status":"publish","type":"post","link":"https:\/\/www.notebook.hu\/blog\/megvan-a-spacex-elso-holdturistaja\/","title":{"rendered":"Megvan a SpaceX els\u0151 holdturist\u00e1ja!"},"content":{"rendered":"<p><a href=\"https:\/\/www.notebook.hu\/blog\/wp-content\/uploads\/2018\/09\/F9-VAFB-Iridium.jpg\"><img loading=\"lazy\" decoding=\"async\" data-attachment-id=\"3447\" data-permalink=\"https:\/\/www.notebook.hu\/blog\/megvan-a-spacex-elso-holdturistaja\/f9-vafb-iridium\/\" data-orig-file=\"https:\/\/www.notebook.hu\/blog\/wp-content\/uploads\/2018\/09\/F9-VAFB-Iridium.jpg\" data-orig-size=\"2048,1152\" data-comments-opened=\"0\" data-image-meta=\"{&quot;aperture&quot;:&quot;0&quot;,&quot;credit&quot;:&quot;&quot;,&quot;camera&quot;:&quot;&quot;,&quot;caption&quot;:&quot;&quot;,&quot;created_timestamp&quot;:&quot;0&quot;,&quot;copyright&quot;:&quot;&quot;,&quot;focal_length&quot;:&quot;0&quot;,&quot;iso&quot;:&quot;0&quot;,&quot;shutter_speed&quot;:&quot;0&quot;,&quot;title&quot;:&quot;&quot;,&quot;orientation&quot;:&quot;0&quot;}\" data-image-title=\"F9-VAFB-Iridium\" data-image-description=\"\" data-image-caption=\"\" data-medium-file=\"https:\/\/www.notebook.hu\/blog\/wp-content\/uploads\/2018\/09\/F9-VAFB-Iridium-300x169.jpg\" data-large-file=\"https:\/\/www.notebook.hu\/blog\/wp-content\/uploads\/2018\/09\/F9-VAFB-Iridium-1024x576.jpg\" class=\"alignnone size-large wp-image-3447\" src=\"https:\/\/www.notebook.hu\/blog\/wp-content\/uploads\/2018\/09\/F9-VAFB-Iridium-1024x576.jpg\" alt=\"\" width=\"618\" height=\"348\" srcset=\"https:\/\/www.notebook.hu\/blog\/wp-content\/uploads\/2018\/09\/F9-VAFB-Iridium-1024x576.jpg 1024w, https:\/\/www.notebook.hu\/blog\/wp-content\/uploads\/2018\/09\/F9-VAFB-Iridium-300x169.jpg 300w, https:\/\/www.notebook.hu\/blog\/wp-content\/uploads\/2018\/09\/F9-VAFB-Iridium-768x432.jpg 768w, https:\/\/www.notebook.hu\/blog\/wp-content\/uploads\/2018\/09\/F9-VAFB-Iridium.jpg 2048w\" sizes=\"auto, (max-width: 618px) 100vw, 618px\" \/><\/a><\/p>\n<p><strong>Elon Musk 2017-ben jelentette be, hogy elind\u00edtja SpaceX nev\u0171 projektj\u00e9t, amivel az \u0171rutaz\u00e1s el\u00e9rhet\u0151bb\u00e9 v\u00e1lik az \u201e\u00e1tlagember\u201d sz\u00e1m\u00e1ra is. A projekt az\u00f3ta megcs\u00faszott egy kicsit, de ez nem t\u00e1ntor\u00edtotta el az els\u0151 komolyabb \u00e9rdekl\u0151d\u0151t!<\/strong><\/p>\n<p>Elon Muskot gyakran hasonl\u00edtj\u00e1k a Marvel egyik n\u00e9pszer\u0171 k\u00e9preg\u00e9ny karakter\u00e9hez, a filmekben Robert Downey Jr. \u00e1ltal j\u00e1tszott Tony Starkhoz, azaz a Vasemberhez. Musk rengeteg innovat\u00edv befektet\u00e9se k\u00f6z\u00fcl kit\u0171nik a SpaceX projekt, aminek \u00fagy t\u0171nik, megvan az els\u0151 \u201eutasa\u201d, egy jap\u00e1n milli\u00e1rdos k\u00e9p\u00e9ben. Mezava Juszaku a Zozo nev\u0171 internetes divatc\u00e9g, 42 \u00e9ves vezet\u0151je nem egyed\u00fcl menne, hanem hat-nyolc m\u0171v\u00e9szt vinne m\u00e9g mag\u00e1val, hogy a F\u00f6ld \u00e9s a Hold l\u00e1tv\u00e1ny\u00e1t\u00f3l \u00faj impulzusokat kapjanak az alkot\u00e1shoz.<\/p>\n<p><a href=\"https:\/\/www.notebook.hu\/blog\/wp-content\/uploads\/2018\/09\/elonmuskmenzava.jpg\"><img loading=\"lazy\" decoding=\"async\" data-attachment-id=\"3446\" data-permalink=\"https:\/\/www.notebook.hu\/blog\/megvan-a-spacex-elso-holdturistaja\/elonmuskmenzava\/\" data-orig-file=\"https:\/\/www.notebook.hu\/blog\/wp-content\/uploads\/2018\/09\/elonmuskmenzava.jpg\" data-orig-size=\"900,1200\" data-comments-opened=\"0\" data-image-meta=\"{&quot;aperture&quot;:&quot;0&quot;,&quot;credit&quot;:&quot;&quot;,&quot;camera&quot;:&quot;&quot;,&quot;caption&quot;:&quot;&quot;,&quot;created_timestamp&quot;:&quot;0&quot;,&quot;copyright&quot;:&quot;&quot;,&quot;focal_length&quot;:&quot;0&quot;,&quot;iso&quot;:&quot;0&quot;,&quot;shutter_speed&quot;:&quot;0&quot;,&quot;title&quot;:&quot;&quot;,&quot;orientation&quot;:&quot;0&quot;}\" data-image-title=\"elonmuskmenzava\" data-image-description=\"\" data-image-caption=\"\" data-medium-file=\"https:\/\/www.notebook.hu\/blog\/wp-content\/uploads\/2018\/09\/elonmuskmenzava-225x300.jpg\" data-large-file=\"https:\/\/www.notebook.hu\/blog\/wp-content\/uploads\/2018\/09\/elonmuskmenzava-768x1024.jpg\" class=\"alignnone size-large wp-image-3446\" src=\"https:\/\/www.notebook.hu\/blog\/wp-content\/uploads\/2018\/09\/elonmuskmenzava-768x1024.jpg\" alt=\"\" width=\"618\" height=\"824\" srcset=\"https:\/\/www.notebook.hu\/blog\/wp-content\/uploads\/2018\/09\/elonmuskmenzava-768x1024.jpg 768w, https:\/\/www.notebook.hu\/blog\/wp-content\/uploads\/2018\/09\/elonmuskmenzava-225x300.jpg 225w, https:\/\/www.notebook.hu\/blog\/wp-content\/uploads\/2018\/09\/elonmuskmenzava.jpg 900w\" sizes=\"auto, (max-width: 618px) 100vw, 618px\" \/><\/a><\/p>\n<p>A szerencs\u00e9sek kil\u00e9t\u00e9r\u0151l m\u00e9g nem der\u00fclt ki semmi, ahogy arr\u00f3l sem, hogy Mezav\u00e1nak mennyibe ker\u00fclt ez az utaz\u00e1s. Az biztos, hogy nem kev\u00e9s p\u00e9nzt fizet ki a jap\u00e1n divattervez\u0151, de Musk \u00e1ll\u00edt\u00e1sa szerint ezt teljes m\u00e9rt\u00e9kben a Big Falcon Rocket fejleszt\u00e9s\u00e9re ford\u00edtanak. Az \u0171rturizmus els\u0151 k\u00e9pvisel\u0151je 200 kilom\u00e9terre k\u00f6zel\u00edten\u00e9 meg a Holdat, ami elk\u00e9peszt\u0151 eredm\u00e9ny lenne, egy nem \u00e1llami t\u00e1mogat\u00e1sb\u00f3l m\u0171k\u00f6d\u0151 \u0171rprogramt\u00f3l. \u00a0Az \u00fat, az eredeti tervekt\u0151l elt\u00e9r\u0151en, 2023-ban val\u00f3sulhat csak meg\u2026 sajna, a kor\u00e1bbi tervez\u00e9ssel ellent\u00e9tben, id\u00e9nre m\u00e9g nem siker\u00fclt \u00f6sszehozniuk.<\/p>\n<p>Musk r\u00e9gi v\u00e1gya volt, hogy k\u00e9nyelmess\u00e9 \u00e9s el\u00e9rhet\u0151bb\u00e9 tegye az \u0171rutaz\u00e1st mindenki sz\u00e1m\u00e1ra. Terveznek komfortosabb \u0171rruh\u00e1t, speci\u00e1lis utaz\u00f3 \u00e9s sz\u00e1ll\u00edtm\u00e1nyoz\u00f3 rak\u00e9t\u00e1kat, ut\u00f3bbira remek p\u00e9lda volt a Falcon 9-es rak\u00e9ta sikere, ami egy Tesla Roadster 2-t vitt az \u0171rbe. Musk tervei k\u00f6z\u00e9 tartozik m\u00e9g egy gyors \u00e9s olcs\u00f3 netszolg\u00e1ltat\u00e1s ki\u00e9p\u00edt\u00e9se, a Starlink projekt, amihez a m\u0171holdakat m\u00e1r a saj\u00e1t rak\u00e9t\u00e1ival kezdi el az \u0171rbe vinni. Ez el fog tartani egy darabig, hiszen t\u00f6bb, mint 7000 m\u0171holdat szeretn\u00e9nek felk\u00fcldeni a rendszer m\u0171k\u00f6dtet\u00e9s\u00e9hez.<\/p>\n<p>Ti mit gondoltok Musk terveir\u0151l?<\/p>\n<p><a href=\"https:\/\/www.notebook.hu\/blog\/wp-content\/uploads\/2018\/09\/40110304192_6e3e9a7a1b_b.jpg\"><img loading=\"lazy\" decoding=\"async\" data-attachment-id=\"3448\" data-permalink=\"https:\/\/www.notebook.hu\/blog\/megvan-a-spacex-elso-holdturistaja\/40110304192_6e3e9a7a1b_b\/\" data-orig-file=\"https:\/\/www.notebook.hu\/blog\/wp-content\/uploads\/2018\/09\/40110304192_6e3e9a7a1b_b.jpg\" data-orig-size=\"1024,576\" data-comments-opened=\"0\" data-image-meta=\"{&quot;aperture&quot;:&quot;0&quot;,&quot;credit&quot;:&quot;&quot;,&quot;camera&quot;:&quot;&quot;,&quot;caption&quot;:&quot;&quot;,&quot;created_timestamp&quot;:&quot;0&quot;,&quot;copyright&quot;:&quot;&quot;,&quot;focal_length&quot;:&quot;0&quot;,&quot;iso&quot;:&quot;0&quot;,&quot;shutter_speed&quot;:&quot;0&quot;,&quot;title&quot;:&quot;&quot;,&quot;orientation&quot;:&quot;0&quot;}\" data-image-title=\"40110304192_6e3e9a7a1b_b\" data-image-description=\"\" data-image-caption=\"\" data-medium-file=\"https:\/\/www.notebook.hu\/blog\/wp-content\/uploads\/2018\/09\/40110304192_6e3e9a7a1b_b-300x169.jpg\" data-large-file=\"https:\/\/www.notebook.hu\/blog\/wp-content\/uploads\/2018\/09\/40110304192_6e3e9a7a1b_b-1024x576.jpg\" class=\"alignnone size-large wp-image-3448\" src=\"https:\/\/www.notebook.hu\/blog\/wp-content\/uploads\/2018\/09\/40110304192_6e3e9a7a1b_b-1024x576.jpg\" alt=\"\" width=\"618\" height=\"348\" srcset=\"https:\/\/www.notebook.hu\/blog\/wp-content\/uploads\/2018\/09\/40110304192_6e3e9a7a1b_b.jpg 1024w, https:\/\/www.notebook.hu\/blog\/wp-content\/uploads\/2018\/09\/40110304192_6e3e9a7a1b_b-300x169.jpg 300w, https:\/\/www.notebook.hu\/blog\/wp-content\/uploads\/2018\/09\/40110304192_6e3e9a7a1b_b-768x432.jpg 768w\" sizes=\"auto, (max-width: 618px) 100vw, 618px\" \/><\/a><\/p>\n","protected":false},"excerpt":{"rendered":"<p>Elon Musk 2017-ben jelentette be, hogy elind\u00edtja SpaceX nev\u0171 projektj\u00e9t, amivel az \u0171rutaz\u00e1s el\u00e9rhet\u0151bb\u00e9 v\u00e1lik az \u201e\u00e1tlagember\u201d sz\u00e1m\u00e1ra is. A projekt az\u00f3ta megcs\u00faszott egy kicsit, de ez nem t\u00e1ntor\u00edtotta el az els\u0151 komolyabb \u00e9rdekl\u0151d\u0151t! Elon Muskot gyakran hasonl\u00edtj\u00e1k a Marvel egyik n\u00e9pszer\u0171 k\u00e9preg\u00e9ny karakter\u00e9hez, a filmekben Robert Downey Jr. \u00e1ltal j\u00e1tszott Tony Starkhoz, azaz a &hellip;<\/p>\n","protected":false},"author":1,"featured_media":3447,"comment_status":"closed","ping_status":"open","sticky":false,"template":"","format":"standard","meta":{"_jetpack_memberships_contains_paid_content":false,"footnotes":""},"categories":[211],"tags":[473,470,477,474,471,472,476,475],"class_list":["post-3445","post","type-post","status-publish","format-standard","has-post-thumbnail","","category-tudomany","tag-big-falcon-rocket","tag-elon-musk","tag-holdutazas","tag-ironman","tag-spacex","tag-tesla","tag-urturista","tag-vasember"],"jetpack_featured_media_url":"https:\/\/www.notebook.hu\/blog\/wp-content\/uploads\/2018\/09\/F9-VAFB-Iridium.jpg","jetpack_shortlink":"https:\/\/wp.me\/p9xSLL-Tz","jetpack_sharing_enabled":true,"_links":{"self":[{"href":"https:\/\/www.notebook.hu\/blog\/wp-json\/wp\/v2\/posts\/3445","targetHints":{"allow":["GET"]}}],"collection":[{"href":"https:\/\/www.notebook.hu\/blog\/wp-json\/wp\/v2\/posts"}],"about":[{"href":"https:\/\/www.notebook.hu\/blog\/wp-json\/wp\/v2\/types\/post"}],"author":[{"embeddable":true,"href":"https:\/\/www.notebook.hu\/blog\/wp-json\/wp\/v2\/users\/1"}],"replies":[{"embeddable":true,"href":"https:\/\/www.notebook.hu\/blog\/wp-json\/wp\/v2\/comments?post=3445"}],"version-history":[{"count":1,"href":"https:\/\/www.notebook.hu\/blog\/wp-json\/wp\/v2\/posts\/3445\/revisions"}],"predecessor-version":[{"id":3449,"href":"https:\/\/www.notebook.hu\/blog\/wp-json\/wp\/v2\/posts\/3445\/revisions\/3449"}],"wp:featuredmedia":[{"embeddable":true,"href":"https:\/\/www.notebook.hu\/blog\/wp-json\/wp\/v2\/media\/3447"}],"wp:attachment":[{"href":"https:\/\/www.notebook.hu\/blog\/wp-json\/wp\/v2\/media?parent=3445"}],"wp:term":[{"taxonomy":"category","embeddable":true,"href":"https:\/\/www.notebook.hu\/blog\/wp-json\/wp\/v2\/categories?post=3445"},{"taxonomy":"post_tag","embeddable":true,"href":"https:\/\/www.notebook.hu\/blog\/wp-json\/wp\/v2\/tags?post=3445"}],"curies":[{"name":"wp","href":"https:\/\/api.w.org\/{rel}","templated":true}]}}