{"id":3417,"date":"2018-09-07T10:15:35","date_gmt":"2018-09-07T08:15:35","guid":{"rendered":"https:\/\/www.notebook.hu\/blog\/?p=3417"},"modified":"2018-09-07T10:15:35","modified_gmt":"2018-09-07T08:15:35","slug":"intel-optane-memoria-sajtotajekoztato","status":"publish","type":"post","link":"https:\/\/www.notebook.hu\/blog\/intel-optane-memoria-sajtotajekoztato\/","title":{"rendered":"Intel Optane Mem\u00f3ria &#8211; Sajt\u00f3t\u00e1j\u00e9koztat\u00f3"},"content":{"rendered":"<p>Izgalmas esem\u00e9nyre gy\u0171lt \u00f6ssze a hazai sajt\u00f3 szeptember 6-\u00e1n: az Intel \u00e9s a Notebook.hu k\u00f6z\u00f6s szervez\u00e9s\u00e9ben megrendezett esem\u00e9nyen mutatt\u00e1k be az Intel Optane Mem\u00f3r\u00e1t \u00e9s a\u00a0Core i+ brandet is. Az Intel Optane mem\u00f3ri\u00e1ja egy olyan \u00fajdons\u00e1g a technol\u00f3gia vil\u00e1g\u00e1ban, ami a h\u00e9tk\u00f6znapjainkra is nagy hat\u00e1ssal lehet. Notebookjainkat \u00e9s szem\u00e9lyi sz\u00e1m\u00edt\u00f3g\u00e9peinket t\u00f6bb mint a k\u00e9tszeres\u00e9re gyors\u00edthatja mindenki \u00e1ltal el\u00e9rhet\u0151 \u00e1ron.<\/p>\n<p>Tudj meg t\u00f6bbet az Optane-r\u0151l \u00e9s v\u00e1logass Optane-nel felszerelt g\u00e9pek k\u00f6z\u00fcl n\u00e1lunk:\u00a0<strong><a href=\"https:\/\/www.notebook.hu\/intel-optane\" target=\"_blank\" rel=\" nofollow\" data-ft=\"{&quot;tn&quot;:&quot;-U&quot;}\" data-lynx-mode=\"async\" data-lynx-uri=\"https:\/\/l.facebook.com\/l.php?u=https%3A%2F%2Fwww.notebook.hu%2Fintel-optane&amp;h=AT2n_sOKP58no1eyOZk3EPAqvJ27qcV-bVGyE-3d8btG6UjuetUZqJcNDQtHDGFvAaE0eLQBhpytf0wu7NObQDYXtrZB9WRR7G7LkUEMpbd_XLALfp-GbuOb93cpHqBXh2CNU7jR9Da1awKcGk_5VB7NXqlDFt5WvLMBZaVxlGT52-639mrx31DvmfJ8ZIMfRwX778mqV3Z8INrIEofxQWnoH9dz1p1Zia_626p0EL05BLW5kveDlOrkPuAEMmbK5P2i27e4KpRm-S_AUWwrAKfRkSuiFFleCVxqUtCrynOzl1D13AFyq04yxWu2ywB_XHzNWX5xt79B4HijnpZBc1ikNVCkzo7x3lw8o6x325sd2WLVH0s813lX0jNznhyPIzdBsZ2unEamqipj3IkxCWDG_tk6Cmxv\">https:\/\/www.notebook.hu\/intel-optane<\/a><\/strong><\/p>\n<p>&nbsp;<\/p>\n<p><a href=\"https:\/\/www.notebook.hu\/blog\/wp-content\/uploads\/2018\/09\/IMG_0134.jpg\"><img loading=\"lazy\" decoding=\"async\" data-attachment-id=\"3422\" data-permalink=\"https:\/\/www.notebook.hu\/blog\/intel-optane-memoria-sajtotajekoztato\/img_0134\/\" data-orig-file=\"https:\/\/www.notebook.hu\/blog\/wp-content\/uploads\/2018\/09\/IMG_0134.jpg\" data-orig-size=\"4032,3024\" data-comments-opened=\"0\" data-image-meta=\"{&quot;aperture&quot;:&quot;0&quot;,&quot;credit&quot;:&quot;&quot;,&quot;camera&quot;:&quot;&quot;,&quot;caption&quot;:&quot;&quot;,&quot;created_timestamp&quot;:&quot;0&quot;,&quot;copyright&quot;:&quot;&quot;,&quot;focal_length&quot;:&quot;0&quot;,&quot;iso&quot;:&quot;0&quot;,&quot;shutter_speed&quot;:&quot;0&quot;,&quot;title&quot;:&quot;&quot;,&quot;orientation&quot;:&quot;0&quot;}\" data-image-title=\"IMG_0134\" data-image-description=\"\" data-image-caption=\"\" data-medium-file=\"https:\/\/www.notebook.hu\/blog\/wp-content\/uploads\/2018\/09\/IMG_0134-300x225.jpg\" data-large-file=\"https:\/\/www.notebook.hu\/blog\/wp-content\/uploads\/2018\/09\/IMG_0134-1024x768.jpg\" class=\"alignnone size-medium wp-image-3422\" src=\"https:\/\/www.notebook.hu\/blog\/wp-content\/uploads\/2018\/09\/IMG_0134-300x225.jpg\" alt=\"\" width=\"300\" height=\"225\" srcset=\"https:\/\/www.notebook.hu\/blog\/wp-content\/uploads\/2018\/09\/IMG_0134-300x225.jpg 300w, https:\/\/www.notebook.hu\/blog\/wp-content\/uploads\/2018\/09\/IMG_0134-768x576.jpg 768w, https:\/\/www.notebook.hu\/blog\/wp-content\/uploads\/2018\/09\/IMG_0134-1024x768.jpg 1024w\" sizes=\"auto, (max-width: 300px) 100vw, 300px\" \/><\/a><\/p>\n<p><a href=\"https:\/\/www.notebook.hu\/blog\/wp-content\/uploads\/2018\/09\/IMG_0130.jpg\"><img loading=\"lazy\" decoding=\"async\" data-attachment-id=\"3421\" data-permalink=\"https:\/\/www.notebook.hu\/blog\/intel-optane-memoria-sajtotajekoztato\/img_0130\/\" data-orig-file=\"https:\/\/www.notebook.hu\/blog\/wp-content\/uploads\/2018\/09\/IMG_0130.jpg\" data-orig-size=\"4032,3024\" data-comments-opened=\"0\" data-image-meta=\"{&quot;aperture&quot;:&quot;0&quot;,&quot;credit&quot;:&quot;&quot;,&quot;camera&quot;:&quot;&quot;,&quot;caption&quot;:&quot;&quot;,&quot;created_timestamp&quot;:&quot;0&quot;,&quot;copyright&quot;:&quot;&quot;,&quot;focal_length&quot;:&quot;0&quot;,&quot;iso&quot;:&quot;0&quot;,&quot;shutter_speed&quot;:&quot;0&quot;,&quot;title&quot;:&quot;&quot;,&quot;orientation&quot;:&quot;0&quot;}\" data-image-title=\"IMG_0130\" data-image-description=\"\" data-image-caption=\"\" data-medium-file=\"https:\/\/www.notebook.hu\/blog\/wp-content\/uploads\/2018\/09\/IMG_0130-300x225.jpg\" data-large-file=\"https:\/\/www.notebook.hu\/blog\/wp-content\/uploads\/2018\/09\/IMG_0130-1024x768.jpg\" class=\"alignnone size-medium wp-image-3421\" src=\"https:\/\/www.notebook.hu\/blog\/wp-content\/uploads\/2018\/09\/IMG_0130-300x225.jpg\" alt=\"\" width=\"300\" height=\"225\" srcset=\"https:\/\/www.notebook.hu\/blog\/wp-content\/uploads\/2018\/09\/IMG_0130-300x225.jpg 300w, https:\/\/www.notebook.hu\/blog\/wp-content\/uploads\/2018\/09\/IMG_0130-768x576.jpg 768w, https:\/\/www.notebook.hu\/blog\/wp-content\/uploads\/2018\/09\/IMG_0130-1024x768.jpg 1024w\" sizes=\"auto, (max-width: 300px) 100vw, 300px\" \/><\/a><\/p>\n<p><a href=\"https:\/\/www.notebook.hu\/blog\/wp-content\/uploads\/2018\/09\/IMG_0129.jpg\"><img loading=\"lazy\" decoding=\"async\" data-attachment-id=\"3420\" data-permalink=\"https:\/\/www.notebook.hu\/blog\/intel-optane-memoria-sajtotajekoztato\/img_0129\/\" data-orig-file=\"https:\/\/www.notebook.hu\/blog\/wp-content\/uploads\/2018\/09\/IMG_0129.jpg\" data-orig-size=\"4032,3024\" data-comments-opened=\"0\" data-image-meta=\"{&quot;aperture&quot;:&quot;0&quot;,&quot;credit&quot;:&quot;&quot;,&quot;camera&quot;:&quot;&quot;,&quot;caption&quot;:&quot;&quot;,&quot;created_timestamp&quot;:&quot;0&quot;,&quot;copyright&quot;:&quot;&quot;,&quot;focal_length&quot;:&quot;0&quot;,&quot;iso&quot;:&quot;0&quot;,&quot;shutter_speed&quot;:&quot;0&quot;,&quot;title&quot;:&quot;&quot;,&quot;orientation&quot;:&quot;0&quot;}\" data-image-title=\"IMG_0129\" data-image-description=\"\" data-image-caption=\"\" data-medium-file=\"https:\/\/www.notebook.hu\/blog\/wp-content\/uploads\/2018\/09\/IMG_0129-300x225.jpg\" data-large-file=\"https:\/\/www.notebook.hu\/blog\/wp-content\/uploads\/2018\/09\/IMG_0129-1024x768.jpg\" class=\"alignnone size-medium wp-image-3420\" src=\"https:\/\/www.notebook.hu\/blog\/wp-content\/uploads\/2018\/09\/IMG_0129-300x225.jpg\" alt=\"\" width=\"300\" height=\"225\" srcset=\"https:\/\/www.notebook.hu\/blog\/wp-content\/uploads\/2018\/09\/IMG_0129-300x225.jpg 300w, https:\/\/www.notebook.hu\/blog\/wp-content\/uploads\/2018\/09\/IMG_0129-768x576.jpg 768w, https:\/\/www.notebook.hu\/blog\/wp-content\/uploads\/2018\/09\/IMG_0129-1024x768.jpg 1024w\" sizes=\"auto, (max-width: 300px) 100vw, 300px\" \/>\u00a0<\/a><\/p>\n<p><a href=\"https:\/\/www.notebook.hu\/blog\/wp-content\/uploads\/2018\/09\/IMG_0120.jpg\"><img loading=\"lazy\" decoding=\"async\" data-attachment-id=\"3419\" data-permalink=\"https:\/\/www.notebook.hu\/blog\/intel-optane-memoria-sajtotajekoztato\/img_0120\/\" data-orig-file=\"https:\/\/www.notebook.hu\/blog\/wp-content\/uploads\/2018\/09\/IMG_0120.jpg\" data-orig-size=\"4032,3024\" data-comments-opened=\"0\" data-image-meta=\"{&quot;aperture&quot;:&quot;0&quot;,&quot;credit&quot;:&quot;&quot;,&quot;camera&quot;:&quot;&quot;,&quot;caption&quot;:&quot;&quot;,&quot;created_timestamp&quot;:&quot;0&quot;,&quot;copyright&quot;:&quot;&quot;,&quot;focal_length&quot;:&quot;0&quot;,&quot;iso&quot;:&quot;0&quot;,&quot;shutter_speed&quot;:&quot;0&quot;,&quot;title&quot;:&quot;&quot;,&quot;orientation&quot;:&quot;0&quot;}\" data-image-title=\"IMG_0120\" data-image-description=\"\" data-image-caption=\"\" data-medium-file=\"https:\/\/www.notebook.hu\/blog\/wp-content\/uploads\/2018\/09\/IMG_0120-300x225.jpg\" data-large-file=\"https:\/\/www.notebook.hu\/blog\/wp-content\/uploads\/2018\/09\/IMG_0120-1024x768.jpg\" class=\"alignnone size-medium wp-image-3419\" src=\"https:\/\/www.notebook.hu\/blog\/wp-content\/uploads\/2018\/09\/IMG_0120-300x225.jpg\" alt=\"\" width=\"300\" height=\"225\" srcset=\"https:\/\/www.notebook.hu\/blog\/wp-content\/uploads\/2018\/09\/IMG_0120-300x225.jpg 300w, https:\/\/www.notebook.hu\/blog\/wp-content\/uploads\/2018\/09\/IMG_0120-768x576.jpg 768w, https:\/\/www.notebook.hu\/blog\/wp-content\/uploads\/2018\/09\/IMG_0120-1024x768.jpg 1024w\" sizes=\"auto, (max-width: 300px) 100vw, 300px\" \/><\/a><\/p>\n<p><a href=\"https:\/\/www.notebook.hu\/blog\/wp-content\/uploads\/2018\/09\/IMG_0107.jpg\"><img loading=\"lazy\" decoding=\"async\" data-attachment-id=\"3418\" data-permalink=\"https:\/\/www.notebook.hu\/blog\/intel-optane-memoria-sajtotajekoztato\/img_0107\/\" data-orig-file=\"https:\/\/www.notebook.hu\/blog\/wp-content\/uploads\/2018\/09\/IMG_0107.jpg\" data-orig-size=\"4032,3024\" data-comments-opened=\"0\" data-image-meta=\"{&quot;aperture&quot;:&quot;0&quot;,&quot;credit&quot;:&quot;&quot;,&quot;camera&quot;:&quot;&quot;,&quot;caption&quot;:&quot;&quot;,&quot;created_timestamp&quot;:&quot;0&quot;,&quot;copyright&quot;:&quot;&quot;,&quot;focal_length&quot;:&quot;0&quot;,&quot;iso&quot;:&quot;0&quot;,&quot;shutter_speed&quot;:&quot;0&quot;,&quot;title&quot;:&quot;&quot;,&quot;orientation&quot;:&quot;0&quot;}\" data-image-title=\"IMG_0107\" data-image-description=\"\" data-image-caption=\"\" data-medium-file=\"https:\/\/www.notebook.hu\/blog\/wp-content\/uploads\/2018\/09\/IMG_0107-300x225.jpg\" data-large-file=\"https:\/\/www.notebook.hu\/blog\/wp-content\/uploads\/2018\/09\/IMG_0107-1024x768.jpg\" class=\"alignnone size-medium wp-image-3418\" src=\"https:\/\/www.notebook.hu\/blog\/wp-content\/uploads\/2018\/09\/IMG_0107-300x225.jpg\" alt=\"\" width=\"300\" height=\"225\" srcset=\"https:\/\/www.notebook.hu\/blog\/wp-content\/uploads\/2018\/09\/IMG_0107-300x225.jpg 300w, https:\/\/www.notebook.hu\/blog\/wp-content\/uploads\/2018\/09\/IMG_0107-768x576.jpg 768w, https:\/\/www.notebook.hu\/blog\/wp-content\/uploads\/2018\/09\/IMG_0107-1024x768.jpg 1024w\" sizes=\"auto, (max-width: 300px) 100vw, 300px\" \/><\/a><\/p>\n","protected":false},"excerpt":{"rendered":"<p>Izgalmas esem\u00e9nyre gy\u0171lt \u00f6ssze a hazai sajt\u00f3 szeptember 6-\u00e1n: az Intel \u00e9s a Notebook.hu k\u00f6z\u00f6s szervez\u00e9s\u00e9ben megrendezett esem\u00e9nyen mutatt\u00e1k be az Intel Optane Mem\u00f3r\u00e1t \u00e9s a\u00a0Core i+ brandet is. Az Intel Optane mem\u00f3ri\u00e1ja egy olyan \u00fajdons\u00e1g a technol\u00f3gia vil\u00e1g\u00e1ban, ami a h\u00e9tk\u00f6znapjainkra is nagy hat\u00e1ssal lehet. Notebookjainkat \u00e9s szem\u00e9lyi sz\u00e1m\u00edt\u00f3g\u00e9peinket t\u00f6bb mint a k\u00e9tszeres\u00e9re gyors\u00edthatja &hellip;<\/p>\n","protected":false},"author":1,"featured_media":0,"comment_status":"closed","ping_status":"open","sticky":false,"template":"","format":"standard","meta":{"_jetpack_memberships_contains_paid_content":false,"footnotes":""},"categories":[41],"tags":[367,465,421],"class_list":["post-3417","post","type-post","status-publish","format-standard","","category-hirek","tag-intel","tag-mamoria","tag-optane"],"jetpack_featured_media_url":"","jetpack_shortlink":"https:\/\/wp.me\/p9xSLL-T7","jetpack_sharing_enabled":true,"_links":{"self":[{"href":"https:\/\/www.notebook.hu\/blog\/wp-json\/wp\/v2\/posts\/3417","targetHints":{"allow":["GET"]}}],"collection":[{"href":"https:\/\/www.notebook.hu\/blog\/wp-json\/wp\/v2\/posts"}],"about":[{"href":"https:\/\/www.notebook.hu\/blog\/wp-json\/wp\/v2\/types\/post"}],"author":[{"embeddable":true,"href":"https:\/\/www.notebook.hu\/blog\/wp-json\/wp\/v2\/users\/1"}],"replies":[{"embeddable":true,"href":"https:\/\/www.notebook.hu\/blog\/wp-json\/wp\/v2\/comments?post=3417"}],"version-history":[{"count":4,"href":"https:\/\/www.notebook.hu\/blog\/wp-json\/wp\/v2\/posts\/3417\/revisions"}],"predecessor-version":[{"id":3427,"href":"https:\/\/www.notebook.hu\/blog\/wp-json\/wp\/v2\/posts\/3417\/revisions\/3427"}],"wp:attachment":[{"href":"https:\/\/www.notebook.hu\/blog\/wp-json\/wp\/v2\/media?parent=3417"}],"wp:term":[{"taxonomy":"category","embeddable":true,"href":"https:\/\/www.notebook.hu\/blog\/wp-json\/wp\/v2\/categories?post=3417"},{"taxonomy":"post_tag","embeddable":true,"href":"https:\/\/www.notebook.hu\/blog\/wp-json\/wp\/v2\/tags?post=3417"}],"curies":[{"name":"wp","href":"https:\/\/api.w.org\/{rel}","templated":true}]}}