{"id":3392,"date":"2018-09-07T10:00:02","date_gmt":"2018-09-07T08:00:02","guid":{"rendered":"https:\/\/www.notebook.hu\/blog\/?p=3392"},"modified":"2018-09-05T09:35:31","modified_gmt":"2018-09-05T07:35:31","slug":"mikor-van-a-google-szuletesnapja","status":"publish","type":"post","link":"https:\/\/www.notebook.hu\/blog\/mikor-van-a-google-szuletesnapja\/","title":{"rendered":"Mikor van a Google sz\u00fclet\u00e9snapja? H\u00e1t, ma! Tal\u00e1n\u2026"},"content":{"rendered":"<p><a href=\"https:\/\/www.notebook.hu\/blog\/wp-content\/uploads\/2018\/09\/google-birthday-doodle.jpg\"><img loading=\"lazy\" decoding=\"async\" data-attachment-id=\"3393\" data-permalink=\"https:\/\/www.notebook.hu\/blog\/mikor-van-a-google-szuletesnapja\/google-birthday-doodle\/\" data-orig-file=\"https:\/\/www.notebook.hu\/blog\/wp-content\/uploads\/2018\/09\/google-birthday-doodle.jpg\" data-orig-size=\"660,293\" data-comments-opened=\"0\" data-image-meta=\"{&quot;aperture&quot;:&quot;0&quot;,&quot;credit&quot;:&quot;&quot;,&quot;camera&quot;:&quot;&quot;,&quot;caption&quot;:&quot;&quot;,&quot;created_timestamp&quot;:&quot;0&quot;,&quot;copyright&quot;:&quot;&quot;,&quot;focal_length&quot;:&quot;0&quot;,&quot;iso&quot;:&quot;0&quot;,&quot;shutter_speed&quot;:&quot;0&quot;,&quot;title&quot;:&quot;&quot;,&quot;orientation&quot;:&quot;0&quot;}\" data-image-title=\"google-birthday-doodle\" data-image-description=\"\" data-image-caption=\"\" data-medium-file=\"https:\/\/www.notebook.hu\/blog\/wp-content\/uploads\/2018\/09\/google-birthday-doodle-300x133.jpg\" data-large-file=\"https:\/\/www.notebook.hu\/blog\/wp-content\/uploads\/2018\/09\/google-birthday-doodle.jpg\" class=\"alignnone size-full wp-image-3393\" src=\"https:\/\/www.notebook.hu\/blog\/wp-content\/uploads\/2018\/09\/google-birthday-doodle.jpg\" alt=\"\" width=\"660\" height=\"293\" srcset=\"https:\/\/www.notebook.hu\/blog\/wp-content\/uploads\/2018\/09\/google-birthday-doodle.jpg 660w, https:\/\/www.notebook.hu\/blog\/wp-content\/uploads\/2018\/09\/google-birthday-doodle-300x133.jpg 300w\" sizes=\"auto, (max-width: 660px) 100vw, 660px\" \/><\/a><\/p>\n<p><strong>A Google keres\u0151je az ut\u00f3bbi \u00e9vekben szeptember 27-\u00e9n v\u00e1ltott \u00e1t sz\u00fclet\u00e9snapi k\u00f6nt\u00f6sbe. Azt jelenten\u00e9 ez, hogy a c\u00e9g, vagy a keres\u0151 ezen a napon \u00fcnnepeln\u00e9 sz\u00fclet\u00e9snapj\u00e1t? Nem, a helyzet nem ilyen egy\u00e9rtelm\u0171.<\/strong><\/p>\n<p>Mi\u00e9rt? Nos, a Google negyedik sz\u00fclet\u00e9snapj\u00e1t, egy a b\u00f6ng\u00e9sz\u0151 f\u0151oldal\u00e1n \u00e1talakult log\u00f3val \u00fcnnepelt\u00e9k, m\u00e9g 2002 szeptember 27-\u00e9n. Az ezt k\u00f6vet\u0151 \u00e9vben az \u00fcnnepnap m\u00e1r szeptember 8-\u00e1n volt, 2004-ben pedig m\u00e1r szeptember 7-\u00e9n, majd k\u00e9t \u00e9vvel k\u00e9s\u0151bb ism\u00e9t szeptember 27 lett a sz\u00fclet\u00e9snapi log\u00f3 napja.<\/p>\n<p>Felvet\u0151dik a k\u00e9rd\u00e9s, hogy nem tudj\u00e1k a tulajdonosok \u00e9s k\u00e9sz\u00edt\u0151k, hogy mikor \u201esz\u00fcletett\u201d a keres\u0151-\u00f3ri\u00e1s? A helyzet az, hogy a domaint 1997. szeptember 4-\u00e9n jegyeztett\u00e9k be (ami egy \u00fajabb d\u00e1tum a m\u00e1r meglev\u0151 h\u00e1rom mell\u00e9), \u00edgy ez sem seg\u00edt a megfejt\u00e9sben. S\u0151t, a mer\u00e9szebbek belementek abba is, hogy m\u00e1r 1995-ben \u00e9s \u201996-ban is l\u00e9tezett (elm\u00e9leti \u00e9s minim\u00e1lis m\u00f3don gyakorlati s\u00edkon) a Google, \u00edgy az sem biztos, hogy h\u00e1ny \u00e9ves a projekt. Ez ut\u00f3bbival legal\u00e1bb biztosra megy a Google, ugyanis 2017-ben volt a hivatalos kommunik\u00e1ci\u00f3 (ahogy a kor\u00e1bbi \u00e9vekn\u00e9l is) meghat\u00e1rozta, hogy h\u00e1nyadik \u00e9let\u00e9v\u00e9t t\u00f6lti be \u00e9pp a Google. Ez tavaly ugye a 19. volt, \u00edgy id\u00e9n a 20-asra tal\u00e1n valami komoly meglepet\u00e9ssel is el\u0151rukkolhat nek\u00fcnk a c\u00e9g (a tavalyi <a href=\"https:\/\/www.google.com\/doodles\/googles-19th-birthday\"><strong>Birthyday Surprise Spinner<\/strong><\/a> is egy aranyos megold\u00e1s volt).<\/p>\n<p>A Google r\u00e9sz\u00e9r\u0151l t\u00f6bben is a szeptember hetedik napj\u00e1n \u00fcnneplik a sz\u00fclet\u00e9snapot, de volt m\u00e1r olyan nyilatkozat is, hogy a buli \u201eatt\u00f3l f\u00fcgg, mikor van kedve valakinek egy kis tort\u00e1t enni\u201d.<\/p>\n<p>J\u00f6jj\u00f6n egy k\u00e9rd\u00e9s a v\u00e9g\u00e9re: valaki tudja, hogy mikor van a Notebook.hu sz\u00fclet\u00e9snapja? J\u00f6jjenek a tippek a komment mez\u0151be!<\/p>\n<p><a href=\"https:\/\/www.notebook.hu\/blog\/wp-content\/uploads\/2018\/09\/googles-17th-birthday-6231962352091136-hp2x.png\"><img loading=\"lazy\" decoding=\"async\" data-attachment-id=\"3395\" data-permalink=\"https:\/\/www.notebook.hu\/blog\/mikor-van-a-google-szuletesnapja\/googles-17th-birthday-6231962352091136-hp2x\/\" data-orig-file=\"https:\/\/www.notebook.hu\/blog\/wp-content\/uploads\/2018\/09\/googles-17th-birthday-6231962352091136-hp2x.png\" data-orig-size=\"900,449\" data-comments-opened=\"0\" data-image-meta=\"{&quot;aperture&quot;:&quot;0&quot;,&quot;credit&quot;:&quot;&quot;,&quot;camera&quot;:&quot;&quot;,&quot;caption&quot;:&quot;&quot;,&quot;created_timestamp&quot;:&quot;0&quot;,&quot;copyright&quot;:&quot;&quot;,&quot;focal_length&quot;:&quot;0&quot;,&quot;iso&quot;:&quot;0&quot;,&quot;shutter_speed&quot;:&quot;0&quot;,&quot;title&quot;:&quot;&quot;,&quot;orientation&quot;:&quot;0&quot;}\" data-image-title=\"googles-17th-birthday-6231962352091136-hp2x\" data-image-description=\"\" data-image-caption=\"\" data-medium-file=\"https:\/\/www.notebook.hu\/blog\/wp-content\/uploads\/2018\/09\/googles-17th-birthday-6231962352091136-hp2x-300x150.png\" data-large-file=\"https:\/\/www.notebook.hu\/blog\/wp-content\/uploads\/2018\/09\/googles-17th-birthday-6231962352091136-hp2x.png\" class=\"alignnone size-full wp-image-3395\" src=\"https:\/\/www.notebook.hu\/blog\/wp-content\/uploads\/2018\/09\/googles-17th-birthday-6231962352091136-hp2x.png\" alt=\"\" width=\"900\" height=\"449\" srcset=\"https:\/\/www.notebook.hu\/blog\/wp-content\/uploads\/2018\/09\/googles-17th-birthday-6231962352091136-hp2x.png 900w, https:\/\/www.notebook.hu\/blog\/wp-content\/uploads\/2018\/09\/googles-17th-birthday-6231962352091136-hp2x-300x150.png 300w, https:\/\/www.notebook.hu\/blog\/wp-content\/uploads\/2018\/09\/googles-17th-birthday-6231962352091136-hp2x-768x383.png 768w, https:\/\/www.notebook.hu\/blog\/wp-content\/uploads\/2018\/09\/googles-17th-birthday-6231962352091136-hp2x-660x330.png 660w\" sizes=\"auto, (max-width: 900px) 100vw, 900px\" \/><\/a><\/p>\n<p>&nbsp;<\/p>\n","protected":false},"excerpt":{"rendered":"<p>A Google keres\u0151je az ut\u00f3bbi \u00e9vekben szeptember 27-\u00e9n v\u00e1ltott \u00e1t sz\u00fclet\u00e9snapi k\u00f6nt\u00f6sbe. Azt jelenten\u00e9 ez, hogy a c\u00e9g, vagy a keres\u0151 ezen a napon \u00fcnnepeln\u00e9 sz\u00fclet\u00e9snapj\u00e1t? Nem, a helyzet nem ilyen egy\u00e9rtelm\u0171. Mi\u00e9rt? Nos, a Google negyedik sz\u00fclet\u00e9snapj\u00e1t, egy a b\u00f6ng\u00e9sz\u0151 f\u0151oldal\u00e1n \u00e1talakult log\u00f3val \u00fcnnepelt\u00e9k, m\u00e9g 2002 szeptember 27-\u00e9n. Az ezt k\u00f6vet\u0151 \u00e9vben az \u00fcnnepnap &hellip;<\/p>\n","protected":false},"author":1,"featured_media":3393,"comment_status":"closed","ping_status":"open","sticky":false,"template":"","format":"standard","meta":{"_jetpack_memberships_contains_paid_content":false,"footnotes":""},"categories":[42],"tags":[459,457,162,461,458,460],"class_list":["post-3392","post","type-post","status-publish","format-standard","has-post-thumbnail","","category-cikkek","tag-birthday","tag-google-szuletesnapja","tag-google","tag-kereso","tag-mikor-van","tag-szuletesnap"],"jetpack_featured_media_url":"https:\/\/www.notebook.hu\/blog\/wp-content\/uploads\/2018\/09\/google-birthday-doodle.jpg","jetpack_shortlink":"https:\/\/wp.me\/p9xSLL-SI","jetpack_sharing_enabled":true,"_links":{"self":[{"href":"https:\/\/www.notebook.hu\/blog\/wp-json\/wp\/v2\/posts\/3392","targetHints":{"allow":["GET"]}}],"collection":[{"href":"https:\/\/www.notebook.hu\/blog\/wp-json\/wp\/v2\/posts"}],"about":[{"href":"https:\/\/www.notebook.hu\/blog\/wp-json\/wp\/v2\/types\/post"}],"author":[{"embeddable":true,"href":"https:\/\/www.notebook.hu\/blog\/wp-json\/wp\/v2\/users\/1"}],"replies":[{"embeddable":true,"href":"https:\/\/www.notebook.hu\/blog\/wp-json\/wp\/v2\/comments?post=3392"}],"version-history":[{"count":1,"href":"https:\/\/www.notebook.hu\/blog\/wp-json\/wp\/v2\/posts\/3392\/revisions"}],"predecessor-version":[{"id":3397,"href":"https:\/\/www.notebook.hu\/blog\/wp-json\/wp\/v2\/posts\/3392\/revisions\/3397"}],"wp:featuredmedia":[{"embeddable":true,"href":"https:\/\/www.notebook.hu\/blog\/wp-json\/wp\/v2\/media\/3393"}],"wp:attachment":[{"href":"https:\/\/www.notebook.hu\/blog\/wp-json\/wp\/v2\/media?parent=3392"}],"wp:term":[{"taxonomy":"category","embeddable":true,"href":"https:\/\/www.notebook.hu\/blog\/wp-json\/wp\/v2\/categories?post=3392"},{"taxonomy":"post_tag","embeddable":true,"href":"https:\/\/www.notebook.hu\/blog\/wp-json\/wp\/v2\/tags?post=3392"}],"curies":[{"name":"wp","href":"https:\/\/api.w.org\/{rel}","templated":true}]}}