{"id":3362,"date":"2018-08-31T11:43:47","date_gmt":"2018-08-31T09:43:47","guid":{"rendered":"https:\/\/www.notebook.hu\/blog\/?p=3362"},"modified":"2018-08-29T11:45:48","modified_gmt":"2018-08-29T09:45:48","slug":"2018-legjobb-okostelefonja","status":"publish","type":"post","link":"https:\/\/www.notebook.hu\/blog\/2018-legjobb-okostelefonja\/","title":{"rendered":"Megvan 2018 legjobb mobilja!"},"content":{"rendered":"<p><a href=\"https:\/\/www.notebook.hu\/blog\/wp-content\/uploads\/2018\/08\/EISA-Award.png\"><img loading=\"lazy\" decoding=\"async\" data-attachment-id=\"3363\" data-permalink=\"https:\/\/www.notebook.hu\/blog\/2018-legjobb-okostelefonja\/eisa-award\/\" data-orig-file=\"https:\/\/www.notebook.hu\/blog\/wp-content\/uploads\/2018\/08\/EISA-Award.png\" data-orig-size=\"678,426\" data-comments-opened=\"0\" data-image-meta=\"{&quot;aperture&quot;:&quot;0&quot;,&quot;credit&quot;:&quot;&quot;,&quot;camera&quot;:&quot;&quot;,&quot;caption&quot;:&quot;&quot;,&quot;created_timestamp&quot;:&quot;0&quot;,&quot;copyright&quot;:&quot;&quot;,&quot;focal_length&quot;:&quot;0&quot;,&quot;iso&quot;:&quot;0&quot;,&quot;shutter_speed&quot;:&quot;0&quot;,&quot;title&quot;:&quot;&quot;,&quot;orientation&quot;:&quot;0&quot;}\" data-image-title=\"EISA-Award\" data-image-description=\"\" data-image-caption=\"\" data-medium-file=\"https:\/\/www.notebook.hu\/blog\/wp-content\/uploads\/2018\/08\/EISA-Award-300x188.png\" data-large-file=\"https:\/\/www.notebook.hu\/blog\/wp-content\/uploads\/2018\/08\/EISA-Award.png\" class=\"alignnone size-full wp-image-3363\" src=\"https:\/\/www.notebook.hu\/blog\/wp-content\/uploads\/2018\/08\/EISA-Award.png\" alt=\"\" width=\"678\" height=\"426\" srcset=\"https:\/\/www.notebook.hu\/blog\/wp-content\/uploads\/2018\/08\/EISA-Award.png 678w, https:\/\/www.notebook.hu\/blog\/wp-content\/uploads\/2018\/08\/EISA-Award-300x188.png 300w\" sizes=\"auto, (max-width: 678px) 100vw, 678px\" \/><\/a><\/p>\n<p><strong>Az Eur\u00f3pai K\u00e9p- \u00e9s Hang Sz\u00f6vets\u00e9g (EISA \u2013 European Image and Sound Association) legjobb okostelefonnak j\u00e1r\u00f3 d\u00edj\u00e1t (\u201eEISA Best Smartphone 2018-2019\u201d) id\u00e9n is kiosztott\u00e1k. Meglepet\u00e9s sz\u00fcletett vajon? Nos, a kommentszekci\u00f3inkat b\u00f6ng\u00e9szve arra jutottam, hogy nem igaz\u00e1n\u2026 mi\u00e9rt is?<\/strong><\/p>\n<p>Term\u00e9szetesen cs\u00facskateg\u00f3ri\u00e1s telefonokr\u00f3l besz\u00e9l\u00fcnk, \u00edgy a n\u00e9pszer\u0171 k\u00f6z\u00f6ns\u00e9gkedvencek a k\u00f6z\u00e9pkateg\u00f3ri\u00e1b\u00f3l nem ker\u00fcltek be, valamint a n\u00e1latok nagy favoritnak t\u0171n\u0151 Xiaomi-m\u00e1rka flagshipje sem kapta meg a koron\u00e1t. Innent\u0151l m\u00e1r egy\u00e9rtelm\u0171nek t\u0171nhet a dolog, hogy a h\u00e1rom piacvezet\u0151, az Apple-Samsung-Huawei triumvir\u00e1tusb\u00f3l ker\u00fclt ki az EISA d\u00edj\u00e1nak gy\u0151ztese.<\/p>\n<p>Az aktu\u00e1lis cs\u00facsmobilok, azaz a Samsung Galaxy S9+, az iPhone X \u00e9s a Huawei P20 Pro voltak a leges\u00e9lyesebbek az \u00e9vad legjobbj\u00e1nak a c\u00edm\u00e9re \u00e9s v\u00e9g\u00fcl a tr\u00f3fea a t\u00e1vol-keletre ker\u00fclt. Ez\u00fattal viszont nem a Samsunghoz, akik tavaly az S8-al beh\u00fazt\u00e1k ezt a c\u00edmet, hanem a hivatalos szervek szerint az eddigi legjobb mobilos kamera-rendszer\u00e9vel rendelkez\u0151 <a href=\"https:\/\/www.notebook.hu\/huawei-p20-pro-128gb-dual-sim-51092epd-ejfekete\"><em><strong>Huawei P20 Pro<\/strong><\/em><\/a> tudhatja mag\u00e1t a legjobb mobiltelefonnak, id\u00e9n.<\/p>\n<p>A Best Lifestyle d\u00edjat is a Huawei-csal\u00e1don bel\u00fcl kapt\u00e1k meg, a <a href=\"https:\/\/www.notebook.hu\/honor-10-64gb-51092jjd-kek\"><strong><em>Honor 10<\/em><\/strong><\/a>-es kapta ugyanis ezt az elismer\u00e9st, m\u00edg a <em>Nokia 7 Plus<\/em> a legjobb fogyaszt\u00f3i okostelefon plakettj\u00e9t \u00e9rdemelte ki.<\/p>\n<p>Ti mit gondoltok, sz\u00e1motokra melyik az \u00e9v legjobb telefonja?<\/p>\n<p><a href=\"https:\/\/www.notebook.hu\/blog\/wp-content\/uploads\/2018\/08\/huawei-p20-pro-eisa-640x438.jpg\"><img loading=\"lazy\" decoding=\"async\" data-attachment-id=\"3364\" data-permalink=\"https:\/\/www.notebook.hu\/blog\/2018-legjobb-okostelefonja\/huawei-p20-pro-eisa-640x438\/\" data-orig-file=\"https:\/\/www.notebook.hu\/blog\/wp-content\/uploads\/2018\/08\/huawei-p20-pro-eisa-640x438.jpg\" data-orig-size=\"640,438\" data-comments-opened=\"0\" data-image-meta=\"{&quot;aperture&quot;:&quot;0&quot;,&quot;credit&quot;:&quot;&quot;,&quot;camera&quot;:&quot;&quot;,&quot;caption&quot;:&quot;&quot;,&quot;created_timestamp&quot;:&quot;0&quot;,&quot;copyright&quot;:&quot;&quot;,&quot;focal_length&quot;:&quot;0&quot;,&quot;iso&quot;:&quot;0&quot;,&quot;shutter_speed&quot;:&quot;0&quot;,&quot;title&quot;:&quot;&quot;,&quot;orientation&quot;:&quot;0&quot;}\" data-image-title=\"huawei-p20-pro-eisa-640&#215;438\" data-image-description=\"\" data-image-caption=\"\" data-medium-file=\"https:\/\/www.notebook.hu\/blog\/wp-content\/uploads\/2018\/08\/huawei-p20-pro-eisa-640x438-300x205.jpg\" data-large-file=\"https:\/\/www.notebook.hu\/blog\/wp-content\/uploads\/2018\/08\/huawei-p20-pro-eisa-640x438.jpg\" class=\"alignnone size-full wp-image-3364\" src=\"https:\/\/www.notebook.hu\/blog\/wp-content\/uploads\/2018\/08\/huawei-p20-pro-eisa-640x438.jpg\" alt=\"\" width=\"640\" height=\"438\" srcset=\"https:\/\/www.notebook.hu\/blog\/wp-content\/uploads\/2018\/08\/huawei-p20-pro-eisa-640x438.jpg 640w, https:\/\/www.notebook.hu\/blog\/wp-content\/uploads\/2018\/08\/huawei-p20-pro-eisa-640x438-300x205.jpg 300w, https:\/\/www.notebook.hu\/blog\/wp-content\/uploads\/2018\/08\/huawei-p20-pro-eisa-640x438-110x75.jpg 110w\" sizes=\"auto, (max-width: 640px) 100vw, 640px\" \/><\/a><\/p>\n","protected":false},"excerpt":{"rendered":"<p>Az Eur\u00f3pai K\u00e9p- \u00e9s Hang Sz\u00f6vets\u00e9g (EISA \u2013 European Image and Sound Association) legjobb okostelefonnak j\u00e1r\u00f3 d\u00edj\u00e1t (\u201eEISA Best Smartphone 2018-2019\u201d) id\u00e9n is kiosztott\u00e1k. Meglepet\u00e9s sz\u00fcletett vajon? Nos, a kommentszekci\u00f3inkat b\u00f6ng\u00e9szve arra jutottam, hogy nem igaz\u00e1n\u2026 mi\u00e9rt is? Term\u00e9szetesen cs\u00facskateg\u00f3ri\u00e1s telefonokr\u00f3l besz\u00e9l\u00fcnk, \u00edgy a n\u00e9pszer\u0171 k\u00f6z\u00f6ns\u00e9gkedvencek a k\u00f6z\u00e9pkateg\u00f3ri\u00e1b\u00f3l nem ker\u00fcltek be, valamint a n\u00e1latok nagy &hellip;<\/p>\n","protected":false},"author":1,"featured_media":3363,"comment_status":"closed","ping_status":"open","sticky":false,"template":"","format":"standard","meta":{"_jetpack_memberships_contains_paid_content":false,"footnotes":""},"categories":[41],"tags":[445,444,447,443,446],"class_list":["post-3362","post","type-post","status-publish","format-standard","has-post-thumbnail","","category-hirek","tag-dij","tag-eisa","tag-ev-mobilja","tag-huawei-p20-pro","tag-legjobb-mobiltelefon"],"jetpack_featured_media_url":"https:\/\/www.notebook.hu\/blog\/wp-content\/uploads\/2018\/08\/EISA-Award.png","jetpack_shortlink":"https:\/\/wp.me\/p9xSLL-Se","jetpack_sharing_enabled":true,"_links":{"self":[{"href":"https:\/\/www.notebook.hu\/blog\/wp-json\/wp\/v2\/posts\/3362","targetHints":{"allow":["GET"]}}],"collection":[{"href":"https:\/\/www.notebook.hu\/blog\/wp-json\/wp\/v2\/posts"}],"about":[{"href":"https:\/\/www.notebook.hu\/blog\/wp-json\/wp\/v2\/types\/post"}],"author":[{"embeddable":true,"href":"https:\/\/www.notebook.hu\/blog\/wp-json\/wp\/v2\/users\/1"}],"replies":[{"embeddable":true,"href":"https:\/\/www.notebook.hu\/blog\/wp-json\/wp\/v2\/comments?post=3362"}],"version-history":[{"count":3,"href":"https:\/\/www.notebook.hu\/blog\/wp-json\/wp\/v2\/posts\/3362\/revisions"}],"predecessor-version":[{"id":3372,"href":"https:\/\/www.notebook.hu\/blog\/wp-json\/wp\/v2\/posts\/3362\/revisions\/3372"}],"wp:featuredmedia":[{"embeddable":true,"href":"https:\/\/www.notebook.hu\/blog\/wp-json\/wp\/v2\/media\/3363"}],"wp:attachment":[{"href":"https:\/\/www.notebook.hu\/blog\/wp-json\/wp\/v2\/media?parent=3362"}],"wp:term":[{"taxonomy":"category","embeddable":true,"href":"https:\/\/www.notebook.hu\/blog\/wp-json\/wp\/v2\/categories?post=3362"},{"taxonomy":"post_tag","embeddable":true,"href":"https:\/\/www.notebook.hu\/blog\/wp-json\/wp\/v2\/tags?post=3362"}],"curies":[{"name":"wp","href":"https:\/\/api.w.org\/{rel}","templated":true}]}}