{"id":3293,"date":"2018-08-08T10:50:12","date_gmt":"2018-08-08T08:50:12","guid":{"rendered":"https:\/\/www.notebook.hu\/blog\/?p=3293"},"modified":"2018-08-07T10:50:27","modified_gmt":"2018-08-07T08:50:27","slug":"betiltjak-a-francia-iskolakban-a-mobilokat","status":"publish","type":"post","link":"https:\/\/www.notebook.hu\/blog\/betiltjak-a-francia-iskolakban-a-mobilokat\/","title":{"rendered":"Betiltj\u00e1k a francia iskol\u00e1kban a mobilokat?"},"content":{"rendered":"<p><a href=\"https:\/\/www.notebook.hu\/blog\/wp-content\/uploads\/2018\/08\/Jerene-June-2016-no-smartphones-123rf-700x420.jpg\"><img loading=\"lazy\" decoding=\"async\" data-attachment-id=\"3295\" data-permalink=\"https:\/\/www.notebook.hu\/blog\/betiltjak-a-francia-iskolakban-a-mobilokat\/jerene-june-2016-no-smartphones-123rf-700x420\/\" data-orig-file=\"https:\/\/www.notebook.hu\/blog\/wp-content\/uploads\/2018\/08\/Jerene-June-2016-no-smartphones-123rf-700x420.jpg\" data-orig-size=\"700,420\" data-comments-opened=\"0\" data-image-meta=\"{&quot;aperture&quot;:&quot;0&quot;,&quot;credit&quot;:&quot;&quot;,&quot;camera&quot;:&quot;&quot;,&quot;caption&quot;:&quot;&quot;,&quot;created_timestamp&quot;:&quot;0&quot;,&quot;copyright&quot;:&quot;aeaechan&quot;,&quot;focal_length&quot;:&quot;0&quot;,&quot;iso&quot;:&quot;0&quot;,&quot;shutter_speed&quot;:&quot;0&quot;,&quot;title&quot;:&quot;&quot;,&quot;orientation&quot;:&quot;0&quot;}\" data-image-title=\"Jerene-June-2016-no-smartphones-123rf-700&#215;420\" data-image-description=\"\" data-image-caption=\"\" data-medium-file=\"https:\/\/www.notebook.hu\/blog\/wp-content\/uploads\/2018\/08\/Jerene-June-2016-no-smartphones-123rf-700x420-300x180.jpg\" data-large-file=\"https:\/\/www.notebook.hu\/blog\/wp-content\/uploads\/2018\/08\/Jerene-June-2016-no-smartphones-123rf-700x420.jpg\" class=\"alignnone size-full wp-image-3295\" src=\"https:\/\/www.notebook.hu\/blog\/wp-content\/uploads\/2018\/08\/Jerene-June-2016-no-smartphones-123rf-700x420.jpg\" alt=\"\" width=\"700\" height=\"420\" srcset=\"https:\/\/www.notebook.hu\/blog\/wp-content\/uploads\/2018\/08\/Jerene-June-2016-no-smartphones-123rf-700x420.jpg 700w, https:\/\/www.notebook.hu\/blog\/wp-content\/uploads\/2018\/08\/Jerene-June-2016-no-smartphones-123rf-700x420-300x180.jpg 300w\" sizes=\"auto, (max-width: 700px) 100vw, 700px\" \/><\/a><\/p>\n<p><strong>Nemr\u00e9g a francia parlament als\u00f3 h\u00e1z\u00e1ban megszavazt\u00e1k, majd a fels\u0151 h\u00e1zban j\u00f3v\u00e1hagyt\u00e1k azt a t\u00f6rv\u00e9nyjavaslatot, ami szerint a francia iskol\u00e1kban a di\u00e1kok \u00e9s a tan\u00e1rok sz\u00e1m\u00e1ra egyar\u00e1nt tiltott lesz a mobiltelefonok haszn\u00e1lata. <\/strong><\/p>\n<p>A HVG cikke sz\u00e1molt be arr\u00f3l, hogy a telefonok teljes tilt\u00e1st kapnak az iskol\u00e1kban, mire az IT Caf\u00e9 m\u00e1r ennek finom\u00edt\u00e1s\u00e1r\u00f3l publik\u00e1lt. Az elektronikus kommunik\u00e1ci\u00f3t \u00e9s post\u00e1t szab\u00e1lyoz\u00f3 francia hat\u00f3s\u00e1g egyik felm\u00e9r\u00e9se szerint a 12 \u00e9s 17 \u00e9v k\u00f6z\u00f6tti gyerekek 93 sz\u00e1zal\u00e9ka rendelkezett mobiltelefonnal 2016-ban. A tervezet meg\u00edr\u00f3i szerint a k\u00e9sz\u00fcl\u00e9kek haszn\u00e1lata &#8222;sz\u00e1mos olyan zavart okoz, amely nem egyeztethet\u0151 \u00f6ssze az iskolai k\u00f6rnyezet jav\u00edt\u00e1s\u00e1val&#8221;. Ezt viszont (az el\u0151zetes h\u00edrekkel ellent\u00e9tben) nem teljes tilt\u00e1s fogja k\u00f6vetni, hanem iskol\u00e1nk\u00e9nt konzult\u00e1ci\u00f3, hogy milyen m\u00f3don legyen visszaszor\u00edtva, de ne teljesen elt\u00fcntetve az eszk\u00f6z\u00f6k haszn\u00e1lata. A korl\u00e1toz\u00e1st\u00f3l azt rem\u00e9lik, hogy a koncentr\u00e1ci\u00f3nak \u00e9s a t\u00e1rsas \u00e9rintkez\u00e9seknek kedvez\u0151 k\u00f6rnyezetet tudnak biztos\u00edtani. Az eszk\u00f6zhaszn\u00e1lati korl\u00e1toz\u00e1s nem csak a mobilokra, hanem minden m\u00e1s okoseszk\u00f6zre (tablet, \u00f3ra) is vonatkozik.<\/p>\n<p>Az \u00faj szab\u00e1lyzat az oktat\u00e1si int\u00e9zm\u00e9nyekre b\u00edzza, hogy milyen esetekben tesz kiv\u00e9telt elj\u00e1r\u00e1si szab\u00e1lyzat\u00e1ban a t\u00f6rv\u00e9nyt illet\u0151en. Ennek \u00e9rtelm\u00e9ben a t\u00f6rv\u00e9ny nem rendelkezik a kiszaband\u00f3 b\u00fcntet\u00e9sekr\u0151l \u00e9s nem t\u00e9r ki a tilt\u00e1s alkalmaz\u00e1s\u00e1nak r\u00e9szleteire. A tilt\u00e1s hat\u00e1lya al\u00f3l kiv\u00e9telt k\u00e9peznek a fogyat\u00e9koss\u00e1ggal \u00e9l\u0151k, illetve adott iskol\u00e1n bel\u00fcli id\u0151szakok (milyen \u00f3r\u00e1n lehet haszn\u00e1lni a telefont, illetve milyen id\u0151szakokban nem &#8211; p\u00e9ldak\u00e9nt: az eb\u00e9dl\u0151ben, hogy az \u00e9tkez\u00e9s sor\u00e1n is ink\u00e1bb egym\u00e1ssal besz\u00e9lgessenek a di\u00e1kok). A korl\u00e1toz\u00e1s kidolgoz\u00e1s\u00e1ba a sz\u00fcl\u0151k is belesz\u00f3lhatnak, a t\u00f6rv\u00e9nyalkot\u00f3k azt v\u00e1rj\u00e1k, hogy kialakul egy k\u00f6z\u00f6s \u00e1ll\u00e1spont az int\u00e9zm\u00e9nyekben, \u00e9s mindenhol \u00e9sszer\u0171 d\u00f6nt\u00e9s sz\u00fcletik: az eszk\u00f6z\u00f6k megtal\u00e1lj\u00e1k a hely\u00fcket az oktat\u00e1sban \u00e9s m\u00e9rs\u00e9kl\u0151dik a telefonok fanatikus haszn\u00e1lata.<\/p>\n<p><a href=\"https:\/\/www.notebook.hu\/blog\/wp-content\/uploads\/2018\/08\/5etxc5da7kmo_wd640.jpeg\"><img loading=\"lazy\" decoding=\"async\" data-attachment-id=\"3294\" data-permalink=\"https:\/\/www.notebook.hu\/blog\/betiltjak-a-francia-iskolakban-a-mobilokat\/5etxc5da7kmo_wd640\/\" data-orig-file=\"https:\/\/www.notebook.hu\/blog\/wp-content\/uploads\/2018\/08\/5etxc5da7kmo_wd640.jpeg\" data-orig-size=\"640,360\" data-comments-opened=\"0\" data-image-meta=\"{&quot;aperture&quot;:&quot;0&quot;,&quot;credit&quot;:&quot;&quot;,&quot;camera&quot;:&quot;&quot;,&quot;caption&quot;:&quot;&quot;,&quot;created_timestamp&quot;:&quot;0&quot;,&quot;copyright&quot;:&quot;&quot;,&quot;focal_length&quot;:&quot;0&quot;,&quot;iso&quot;:&quot;0&quot;,&quot;shutter_speed&quot;:&quot;0&quot;,&quot;title&quot;:&quot;&quot;,&quot;orientation&quot;:&quot;0&quot;}\" data-image-title=\"5etxc5da7kmo_wd640\" data-image-description=\"\" data-image-caption=\"\" data-medium-file=\"https:\/\/www.notebook.hu\/blog\/wp-content\/uploads\/2018\/08\/5etxc5da7kmo_wd640-300x169.jpeg\" data-large-file=\"https:\/\/www.notebook.hu\/blog\/wp-content\/uploads\/2018\/08\/5etxc5da7kmo_wd640.jpeg\" class=\"alignnone size-full wp-image-3294\" src=\"https:\/\/www.notebook.hu\/blog\/wp-content\/uploads\/2018\/08\/5etxc5da7kmo_wd640.jpeg\" alt=\"\" width=\"640\" height=\"360\" srcset=\"https:\/\/www.notebook.hu\/blog\/wp-content\/uploads\/2018\/08\/5etxc5da7kmo_wd640.jpeg 640w, https:\/\/www.notebook.hu\/blog\/wp-content\/uploads\/2018\/08\/5etxc5da7kmo_wd640-300x169.jpeg 300w\" sizes=\"auto, (max-width: 640px) 100vw, 640px\" \/><\/a><\/p>\n<p>A t\u00f6rv\u00e9nyjavaslat eredeti, azaz tilt\u00f3 form\u00e1j\u00e1val szemben\u00e1ll\u00f3k szerint nem megtiltani kellene az eszk\u00f6z\u00f6k bevitel\u00e9t, hanem adapt\u00e1lni \u0151ket a tan\u00edt\u00e1sba, valamint koncentr\u00e1lni arra, hogy a di\u00e1kokat megtan\u00edts\u00e1k a telefonok felel\u0151ss\u00e9gteljes haszn\u00e1lat\u00e1ra. Az a vari\u00e1ns, amir\u0151l m\u00e1r az ITCaf\u00e9 sz\u00e1molt be, ennek megfelel\u0151bb form\u00e1t vesz fel, azonban az okoseszk\u00f6z\u00f6k teljes adapt\u00e1l\u00e1s\u00e1ra m\u00e9g val\u00f3sz\u00edn\u0171leg v\u00e1rni kell.<\/p>\n<p>Ti mit gondoltok err\u0151l? \u00c9rdemes lenne ezt a magyar iskol\u00e1kban is alkalmazni?<\/p>\n<p><em>Forr\u00e1s: <\/em><\/p>\n<p><em>http:\/\/hvg.hu\/tudomany\/20180730_okosora_tablagep_okostelefon_francia_parlament_francia_iskola_kozoktatas<\/em><\/p>\n<p><em>https:\/\/itcafe.hu\/hir\/francia_iskola_mobil.html<\/em><\/p>\n","protected":false},"excerpt":{"rendered":"<p>Nemr\u00e9g a francia parlament als\u00f3 h\u00e1z\u00e1ban megszavazt\u00e1k, majd a fels\u0151 h\u00e1zban j\u00f3v\u00e1hagyt\u00e1k azt a t\u00f6rv\u00e9nyjavaslatot, ami szerint a francia iskol\u00e1kban a di\u00e1kok \u00e9s a tan\u00e1rok sz\u00e1m\u00e1ra egyar\u00e1nt tiltott lesz a mobiltelefonok haszn\u00e1lata. A HVG cikke sz\u00e1molt be arr\u00f3l, hogy a telefonok teljes tilt\u00e1st kapnak az iskol\u00e1kban, mire az IT Caf\u00e9 m\u00e1r ennek finom\u00edt\u00e1s\u00e1r\u00f3l publik\u00e1lt. Az &hellip;<\/p>\n","protected":false},"author":1,"featured_media":3295,"comment_status":"closed","ping_status":"open","sticky":false,"template":"","format":"standard","meta":{"_jetpack_memberships_contains_paid_content":false,"footnotes":""},"categories":[42],"tags":[431,430,191,75,47,46,432],"class_list":["post-3293","post","type-post","status-publish","format-standard","has-post-thumbnail","","category-cikkek","tag-betiltas","tag-franciaorszag","tag-mobiltelefon","tag-okosora","tag-okostelefon-mobiltelefon","tag-tablet","tag-tiltas"],"jetpack_featured_media_url":"https:\/\/www.notebook.hu\/blog\/wp-content\/uploads\/2018\/08\/Jerene-June-2016-no-smartphones-123rf-700x420.jpg","jetpack_shortlink":"https:\/\/wp.me\/p9xSLL-R7","jetpack_sharing_enabled":true,"_links":{"self":[{"href":"https:\/\/www.notebook.hu\/blog\/wp-json\/wp\/v2\/posts\/3293","targetHints":{"allow":["GET"]}}],"collection":[{"href":"https:\/\/www.notebook.hu\/blog\/wp-json\/wp\/v2\/posts"}],"about":[{"href":"https:\/\/www.notebook.hu\/blog\/wp-json\/wp\/v2\/types\/post"}],"author":[{"embeddable":true,"href":"https:\/\/www.notebook.hu\/blog\/wp-json\/wp\/v2\/users\/1"}],"replies":[{"embeddable":true,"href":"https:\/\/www.notebook.hu\/blog\/wp-json\/wp\/v2\/comments?post=3293"}],"version-history":[{"count":5,"href":"https:\/\/www.notebook.hu\/blog\/wp-json\/wp\/v2\/posts\/3293\/revisions"}],"predecessor-version":[{"id":3315,"href":"https:\/\/www.notebook.hu\/blog\/wp-json\/wp\/v2\/posts\/3293\/revisions\/3315"}],"wp:featuredmedia":[{"embeddable":true,"href":"https:\/\/www.notebook.hu\/blog\/wp-json\/wp\/v2\/media\/3295"}],"wp:attachment":[{"href":"https:\/\/www.notebook.hu\/blog\/wp-json\/wp\/v2\/media?parent=3293"}],"wp:term":[{"taxonomy":"category","embeddable":true,"href":"https:\/\/www.notebook.hu\/blog\/wp-json\/wp\/v2\/categories?post=3293"},{"taxonomy":"post_tag","embeddable":true,"href":"https:\/\/www.notebook.hu\/blog\/wp-json\/wp\/v2\/tags?post=3293"}],"curies":[{"name":"wp","href":"https:\/\/api.w.org\/{rel}","templated":true}]}}