{"id":3288,"date":"2018-08-07T10:50:00","date_gmt":"2018-08-07T08:50:00","guid":{"rendered":"https:\/\/www.notebook.hu\/blog\/?p=3288"},"modified":"2018-08-07T10:50:00","modified_gmt":"2018-08-07T08:50:00","slug":"johet-a-hajlithato-mobilok-kora","status":"publish","type":"post","link":"https:\/\/www.notebook.hu\/blog\/johet-a-hajlithato-mobilok-kora\/","title":{"rendered":"J\u00f6het a hajl\u00edthat\u00f3 mobilok kora?"},"content":{"rendered":"<p><a href=\"https:\/\/www.notebook.hu\/blog\/wp-content\/uploads\/2018\/07\/Samsung-Flexible-Display-770x430.jpg\"><img loading=\"lazy\" decoding=\"async\" data-attachment-id=\"3289\" data-permalink=\"https:\/\/www.notebook.hu\/blog\/johet-a-hajlithato-mobilok-kora\/samsung-flexible-display-770x430\/\" data-orig-file=\"https:\/\/www.notebook.hu\/blog\/wp-content\/uploads\/2018\/07\/Samsung-Flexible-Display-770x430.jpg\" data-orig-size=\"770,430\" data-comments-opened=\"0\" data-image-meta=\"{&quot;aperture&quot;:&quot;0&quot;,&quot;credit&quot;:&quot;&quot;,&quot;camera&quot;:&quot;&quot;,&quot;caption&quot;:&quot;&quot;,&quot;created_timestamp&quot;:&quot;0&quot;,&quot;copyright&quot;:&quot;&quot;,&quot;focal_length&quot;:&quot;0&quot;,&quot;iso&quot;:&quot;0&quot;,&quot;shutter_speed&quot;:&quot;0&quot;,&quot;title&quot;:&quot;&quot;,&quot;orientation&quot;:&quot;0&quot;}\" data-image-title=\"Samsung-Flexible-Display-770&#215;430\" data-image-description=\"\" data-image-caption=\"\" data-medium-file=\"https:\/\/www.notebook.hu\/blog\/wp-content\/uploads\/2018\/07\/Samsung-Flexible-Display-770x430-300x168.jpg\" data-large-file=\"https:\/\/www.notebook.hu\/blog\/wp-content\/uploads\/2018\/07\/Samsung-Flexible-Display-770x430.jpg\" class=\"alignnone size-full wp-image-3289\" src=\"https:\/\/www.notebook.hu\/blog\/wp-content\/uploads\/2018\/07\/Samsung-Flexible-Display-770x430.jpg\" alt=\"\" width=\"770\" height=\"430\" srcset=\"https:\/\/www.notebook.hu\/blog\/wp-content\/uploads\/2018\/07\/Samsung-Flexible-Display-770x430.jpg 770w, https:\/\/www.notebook.hu\/blog\/wp-content\/uploads\/2018\/07\/Samsung-Flexible-Display-770x430-300x168.jpg 300w, https:\/\/www.notebook.hu\/blog\/wp-content\/uploads\/2018\/07\/Samsung-Flexible-Display-770x430-768x429.jpg 768w\" sizes=\"auto, (max-width: 770px) 100vw, 770px\" \/><\/a><\/p>\n<p><strong>Egy-k\u00e9t \u00e9vvel ezel\u0151tt jelentek meg az els\u0151 cikkek arr\u00f3l, hogy a Samsung egy csukl\u00f3p\u00e1nthoz hasonl\u00f3, hajl\u00edthat\u00f3 testtel rendelkez\u0151 okostelefonnal k\u00e9sz\u00fcl felmosni a padl\u00f3t a mobilpiaccal. Az\u00f3ta ugyan r\u00f6ppentek fel pletyk\u00e1k a t\u00e9m\u00e1t illet\u0151en, de nemr\u00e9g kezdtek el \u00fajra er\u0151s\u00f6dni a hangok\u2026 viszont nem a Samsung h\u00e1za t\u00e1j\u00e1n.<\/strong><\/p>\n<p>A Galaxy X \u00e9s Galaxy F-n\u00e9ven emlegetett koncepci\u00f3kkal a Samsung sok szem\u00f6ld\u00f6k\u00f6t tudott felvonni, de a jelenleg h\u00e1tt\u00e9rben foly\u00f3 fejleszt\u00e9st be\u00e1rny\u00e9kolhatja a Huawei. A t\u00e1vol-keleten nem apr\u00f3zz\u00e1k el a dolgokat, m\u00e1r 2019 els\u0151 fel\u00e9ben bemutatn\u00e1k a mobilt, ami a BOE hajl\u00edthat\u00f3 kijelz\u0151j\u00e9vel \u00e9rkezne meg.<\/p>\n<figure id=\"attachment_3290\" aria-describedby=\"caption-attachment-3290\" style=\"width: 618px\" class=\"wp-caption alignnone\"><a href=\"https:\/\/www.notebook.hu\/blog\/wp-content\/uploads\/2018\/07\/Your-Finger-Goes-Through-the-Screen-in-Apple-s-New-Flexible-Patent-467231-4.jpg\"><img loading=\"lazy\" decoding=\"async\" data-attachment-id=\"3290\" data-permalink=\"https:\/\/www.notebook.hu\/blog\/johet-a-hajlithato-mobilok-kora\/your-finger-goes-through-the-screen-in-apple-s-new-flexible-patent-467231-4\/\" data-orig-file=\"https:\/\/www.notebook.hu\/blog\/wp-content\/uploads\/2018\/07\/Your-Finger-Goes-Through-the-Screen-in-Apple-s-New-Flexible-Patent-467231-4.jpg\" data-orig-size=\"4664,2682\" data-comments-opened=\"0\" data-image-meta=\"{&quot;aperture&quot;:&quot;0&quot;,&quot;credit&quot;:&quot;&quot;,&quot;camera&quot;:&quot;&quot;,&quot;caption&quot;:&quot;&quot;,&quot;created_timestamp&quot;:&quot;0&quot;,&quot;copyright&quot;:&quot;&quot;,&quot;focal_length&quot;:&quot;0&quot;,&quot;iso&quot;:&quot;0&quot;,&quot;shutter_speed&quot;:&quot;0&quot;,&quot;title&quot;:&quot;&quot;,&quot;orientation&quot;:&quot;0&quot;}\" data-image-title=\"Your-Finger-Goes-Through-the-Screen-in-Apple-s-New-Flexible-Patent-467231-4\" data-image-description=\"\" data-image-caption=\"\" data-medium-file=\"https:\/\/www.notebook.hu\/blog\/wp-content\/uploads\/2018\/07\/Your-Finger-Goes-Through-the-Screen-in-Apple-s-New-Flexible-Patent-467231-4-300x173.jpg\" data-large-file=\"https:\/\/www.notebook.hu\/blog\/wp-content\/uploads\/2018\/07\/Your-Finger-Goes-Through-the-Screen-in-Apple-s-New-Flexible-Patent-467231-4-1024x589.jpg\" class=\"wp-image-3290 size-large\" src=\"https:\/\/www.notebook.hu\/blog\/wp-content\/uploads\/2018\/07\/Your-Finger-Goes-Through-the-Screen-in-Apple-s-New-Flexible-Patent-467231-4-1024x589.jpg\" alt=\"\" width=\"618\" height=\"355\" srcset=\"https:\/\/www.notebook.hu\/blog\/wp-content\/uploads\/2018\/07\/Your-Finger-Goes-Through-the-Screen-in-Apple-s-New-Flexible-Patent-467231-4-1024x589.jpg 1024w, https:\/\/www.notebook.hu\/blog\/wp-content\/uploads\/2018\/07\/Your-Finger-Goes-Through-the-Screen-in-Apple-s-New-Flexible-Patent-467231-4-300x173.jpg 300w, https:\/\/www.notebook.hu\/blog\/wp-content\/uploads\/2018\/07\/Your-Finger-Goes-Through-the-Screen-in-Apple-s-New-Flexible-Patent-467231-4-768x442.jpg 768w\" sizes=\"auto, (max-width: 618px) 100vw, 618px\" \/><\/a><figcaption id=\"caption-attachment-3290\" class=\"wp-caption-text\"><em>Igen, ez itt egy kijelz\u0151.<\/em><\/figcaption><\/figure>\n<p>Az viszont biztos, hogy nem a nagy t\u00f6megekre megy majd a Huawei, hanem az els\u0151s\u00e9g okozta m\u00e9retes h\u00edrver\u00e9sre. A Nikkei szerint csak 20-30.000 darabot k\u00e9sz\u00fclnek majd gy\u00e1rtani bel\u0151le, l\u00e9v\u00e9n az itt haszn\u00e1lt technol\u00f3gia el\u0151\u00e1ll\u00edt\u00e1sa nem olcs\u00f3 mulats\u00e1g. A BOE sz\u00e1m\u00e1ra remek rekl\u00e1m lehet az els\u0151 \u201ehajl\u00e9kony telefon elk\u00e9sz\u00edt\u00e9s\u00e9\u00e9rt foly\u00f3 verseny, hiszen szeretn\u00e9nek az Apple kijelz\u0151 besz\u00e1ll\u00edt\u00f3j\u00e1v\u00e1 v\u00e1lni\u2026\u00e9s valljuk be, ett\u0151l jobb aj\u00e1nl\u00f3lev\u00e9l nem kell.<\/p>\n<p>P\u00e1r adat az egyik kijelz\u0151r\u0151l, amit a BOE bemutatott: a k\u00e9perny\u0151 egy 6.2 colos WQHD felbont\u00e1s\u00fa (1440&#215;3008 pixeles), flexibilis AMOLED panel volt, 538 ppi-s pixels\u0171r\u0171s\u00e9ggel \u00e9s 0.7 millim\u00e9teres kerettel. Ezt \u00e9p\u00edtett\u00e9k bele egy olyan tabletbe, aminek a v\u00e1za egy notebooknak megfelel\u0151en volt hajl\u00edthat\u00f3\u2026viszont a kijelz\u0151 a k\u00fcls\u0151 oldalon volt. \u00c9rdemesebb ezt m\u0171k\u00f6d\u00e9s k\u00f6zben l\u00e1tni, j\u00f6jj\u00f6n is r\u00f3la a vide\u00f3:<\/p>\n<p><iframe loading=\"lazy\" src=\"https:\/\/www.youtube.com\/embed\/_Mgs7P16Gao\" width=\"560\" height=\"315\" frameborder=\"0\" allowfullscreen=\"allowfullscreen\"><\/iframe><\/p>\n<p>A hajl\u00edthat\u00f3 kijelz\u0151k igazi forradalmat ind\u00edthatnak el, az am\u00fagy is rohamtemp\u00f3ban fejl\u0151d\u0151 digit\u00e1lis technol\u00f3gi\u00e1ban. A telefonok mellett a tabletek \u00e9s okos\u00f3r\u00e1k is nagyban \u00e1talakulhatnak, de a telev\u00edzi\u00f3z\u00e1s \u00e9s a sz\u00f3rakoztat\u00f3ipar is \u00faj gener\u00e1ci\u00f3ba l\u00e9phez. Ti v\u00e1rj\u00e1tok m\u00e1r az els\u0151 hajl\u00edthat\u00f3 telefonokat?<\/p>\n","protected":false},"excerpt":{"rendered":"<p>Egy-k\u00e9t \u00e9vvel ezel\u0151tt jelentek meg az els\u0151 cikkek arr\u00f3l, hogy a Samsung egy csukl\u00f3p\u00e1nthoz hasonl\u00f3, hajl\u00edthat\u00f3 testtel rendelkez\u0151 okostelefonnal k\u00e9sz\u00fcl felmosni a padl\u00f3t a mobilpiaccal. Az\u00f3ta ugyan r\u00f6ppentek fel pletyk\u00e1k a t\u00e9m\u00e1t illet\u0151en, de nemr\u00e9g kezdtek el \u00fajra er\u0151s\u00f6dni a hangok\u2026 viszont nem a Samsung h\u00e1za t\u00e1j\u00e1n. A Galaxy X \u00e9s Galaxy F-n\u00e9ven emlegetett koncepci\u00f3kkal &hellip;<\/p>\n","protected":false},"author":1,"featured_media":3289,"comment_status":"closed","ping_status":"open","sticky":false,"template":"","format":"standard","meta":{"_jetpack_memberships_contains_paid_content":false,"footnotes":""},"categories":[211],"tags":[429,428,58,267,55],"class_list":["post-3288","post","type-post","status-publish","format-standard","has-post-thumbnail","","category-tudomany","tag-boe","tag-hajlithato-kijelzo","tag-huawei","tag-kijelzo","tag-samsung"],"jetpack_featured_media_url":"https:\/\/www.notebook.hu\/blog\/wp-content\/uploads\/2018\/07\/Samsung-Flexible-Display-770x430.jpg","jetpack_shortlink":"https:\/\/wp.me\/p9xSLL-R2","jetpack_sharing_enabled":true,"_links":{"self":[{"href":"https:\/\/www.notebook.hu\/blog\/wp-json\/wp\/v2\/posts\/3288","targetHints":{"allow":["GET"]}}],"collection":[{"href":"https:\/\/www.notebook.hu\/blog\/wp-json\/wp\/v2\/posts"}],"about":[{"href":"https:\/\/www.notebook.hu\/blog\/wp-json\/wp\/v2\/types\/post"}],"author":[{"embeddable":true,"href":"https:\/\/www.notebook.hu\/blog\/wp-json\/wp\/v2\/users\/1"}],"replies":[{"embeddable":true,"href":"https:\/\/www.notebook.hu\/blog\/wp-json\/wp\/v2\/comments?post=3288"}],"version-history":[{"count":3,"href":"https:\/\/www.notebook.hu\/blog\/wp-json\/wp\/v2\/posts\/3288\/revisions"}],"predecessor-version":[{"id":3316,"href":"https:\/\/www.notebook.hu\/blog\/wp-json\/wp\/v2\/posts\/3288\/revisions\/3316"}],"wp:featuredmedia":[{"embeddable":true,"href":"https:\/\/www.notebook.hu\/blog\/wp-json\/wp\/v2\/media\/3289"}],"wp:attachment":[{"href":"https:\/\/www.notebook.hu\/blog\/wp-json\/wp\/v2\/media?parent=3288"}],"wp:term":[{"taxonomy":"category","embeddable":true,"href":"https:\/\/www.notebook.hu\/blog\/wp-json\/wp\/v2\/categories?post=3288"},{"taxonomy":"post_tag","embeddable":true,"href":"https:\/\/www.notebook.hu\/blog\/wp-json\/wp\/v2\/tags?post=3288"}],"curies":[{"name":"wp","href":"https:\/\/api.w.org\/{rel}","templated":true}]}}