{"id":3215,"date":"2018-07-18T15:49:51","date_gmt":"2018-07-18T13:49:51","guid":{"rendered":"https:\/\/www.notebook.hu\/blog\/?p=3215"},"modified":"2018-07-31T10:42:36","modified_gmt":"2018-07-31T08:42:36","slug":"dell-g3-g5-teszt","status":"publish","type":"post","link":"https:\/\/www.notebook.hu\/blog\/dell-g3-g5-teszt\/","title":{"rendered":"Dell G3 &#038; G5 Teszt | Dinamikus du\u00f3"},"content":{"rendered":"<p><a href=\"https:\/\/www.notebook.hu\/blog\/wp-content\/uploads\/2018\/07\/Dell_GSeries.png\"><img decoding=\"async\" src=\"https:\/\/www.notebook.hu\/blog\/wp-content\/uploads\/2018\/07\/Dell_GSeries-1024x536.png\" alt=\"\" width=\"412\" \/><\/a><\/p>\n<p><strong>\u201eMin\u00e9l t\u00f6bb, ann\u00e1l jobb\u201d, \u201eA j\u00f3b\u00f3l sosem el\u00e9g\u201d \u00e9s m\u00e9g ehhez hasonl\u00f3 mott\u00f3k j\u00e1rhattak lelkes d\u00edlerem fej\u00e9ben, amikor kital\u00e1lta, hogy ebben a tesztben nem egy, hanem k\u00e9t notebookot kell nektek bemutatnom. J\u00f6jj\u00f6n teh\u00e1t kett\u0151 az egyben, a Dell G3 \u00e9s a Dell G5 tesztje.<\/strong><\/p>\n<p>A Dell-n\u00e9l nem apr\u00f3zt\u00e1k el a G-sz\u00e9ria beprom\u00f3z\u00e1s\u00e1t. Az amerikai gy\u00e1rt\u00f3 j\u00e1t\u00e9kokra szakosodott sorozat\u00e1nak n\u00e9pszer\u0171s\u00edt\u00e9s\u00e9ben a Marvel k\u00e9t bog\u00e1rm\u00e9ret\u0171 h\u0151s\u00e9t h\u00edvt\u00e1k seg\u00edts\u00e9g\u00fcl, a Hangy\u00e1t \u00e9s a Dar\u00e1zst, hogy egy kis izgalmat vigyenek a G-pek (\u00e9rtitek\u2026 g\u00e9pek\u2026 bocs) rekl\u00e1manyag\u00e1ba. Egyfajta meta \u00fczenete is lehet ennek az eg\u00e9sznek, hiszen a Dell c\u00e9lja a mainstream gamerek megtal\u00e1l\u00e1sa volt ezekkel a notebookokkal, ergo az el\u00e9rhet\u0151 \u00e1r \u00e9s a megfelel\u0151 teljes\u00edtm\u00e9ny rel\u00e1ci\u00f3j\u00e1nak megval\u00f3s\u00edt\u00e1sa. \u00a0Az amerikaiak G jelz\u00e9s\u0171 triumvir\u00e1tusa meg\u00e9rkezett a notebook.hu polcaira \u00e9s most v\u00e9gigmegy\u00fcnk a legkisebb \u00e9s a k\u00f6z\u00e9ps\u0151 kiad\u00e1son, azaz a G3-on \u00e9s a G5-\u00f6n.<\/p>\n<p><a href=\"https:\/\/www.notebook.hu\/blog\/wp-content\/uploads\/2018\/07\/DellG3G5_Cover.png\"><img loading=\"lazy\" decoding=\"async\" data-attachment-id=\"3216\" data-permalink=\"https:\/\/www.notebook.hu\/blog\/dell-g3-g5-teszt\/dellg3g5_cover\/\" data-orig-file=\"https:\/\/www.notebook.hu\/blog\/wp-content\/uploads\/2018\/07\/DellG3G5_Cover.png\" data-orig-size=\"1920,1080\" data-comments-opened=\"0\" data-image-meta=\"{&quot;aperture&quot;:&quot;0&quot;,&quot;credit&quot;:&quot;&quot;,&quot;camera&quot;:&quot;&quot;,&quot;caption&quot;:&quot;&quot;,&quot;created_timestamp&quot;:&quot;0&quot;,&quot;copyright&quot;:&quot;&quot;,&quot;focal_length&quot;:&quot;0&quot;,&quot;iso&quot;:&quot;0&quot;,&quot;shutter_speed&quot;:&quot;0&quot;,&quot;title&quot;:&quot;&quot;,&quot;orientation&quot;:&quot;0&quot;}\" data-image-title=\"DellG3&#038;G5_Cover\" data-image-description=\"\" data-image-caption=\"\" data-medium-file=\"https:\/\/www.notebook.hu\/blog\/wp-content\/uploads\/2018\/07\/DellG3G5_Cover-300x169.png\" data-large-file=\"https:\/\/www.notebook.hu\/blog\/wp-content\/uploads\/2018\/07\/DellG3G5_Cover-1024x576.png\" class=\"alignnone size-large wp-image-3216\" src=\"https:\/\/www.notebook.hu\/blog\/wp-content\/uploads\/2018\/07\/DellG3G5_Cover-1024x576.png\" alt=\"\" width=\"618\" height=\"348\" srcset=\"https:\/\/www.notebook.hu\/blog\/wp-content\/uploads\/2018\/07\/DellG3G5_Cover-1024x576.png 1024w, https:\/\/www.notebook.hu\/blog\/wp-content\/uploads\/2018\/07\/DellG3G5_Cover-300x169.png 300w, https:\/\/www.notebook.hu\/blog\/wp-content\/uploads\/2018\/07\/DellG3G5_Cover-768x432.png 768w, https:\/\/www.notebook.hu\/blog\/wp-content\/uploads\/2018\/07\/DellG3G5_Cover.png 1920w\" sizes=\"auto, (max-width: 618px) 100vw, 618px\" \/><\/a><\/p>\n<p><strong>Dell G3 \u2013 A &#8222;kistes\u00f3&#8221; sem olyan gyengus<\/strong><\/p>\n<p>A Dell G3-asa az bel\u00e9p\u0151 szint\u0171 gamer notebookok alapszab\u00e1lyait alkalmazza: avagy v\u00e9gy egy er\u0151s multim\u00e9di\u00e1s vasat, \u00f6lt\u00f6ztesd gamer diz\u00e1jnba \u00e9s voil\u00e1, k\u00e9sz a gamer g\u00e9p! Ez hib\u00e1tlanul meg is van, hiszen k\u00fcls\u0151re ugyan visszafogottan, de p\u00e1r fest\u00e9sbeli l\u00e1tv\u00e1nyelemmel \u201egameresedett\u201d \u00e1t multim\u00e9di\u00e1s g\u00e9pb\u0151l a fekete G3-as. A formavil\u00e1ga ink\u00e1bb id\u00e9zi a kor\u00e1bbi ASUS multim\u00e9di\u00e1s notebookokat, de ahogy azon az oldalon elindult a \u201esz\u00f6gletesed\u00e9s\u201d, \u00fagy a Delln\u00e9l is tapasztalhat\u00f3 egy kis alakul\u00e1s a g\u00e9ph\u00e1zakn\u00e1l. M\u00e9reteit tekintve egy 22,7x380x258 mm-es, tokkal-von\u00f3val 2.53 kg-os notebookot kapunk, ami a 15.6 inches kijelz\u0151vel rendelkez\u0151 g\u00e9pekn\u00e9l egy korrekt m\u00e9retnek tekinthet\u0151. L\u00e9v\u00e9n egy feler\u0151s\u00edtett multim\u00e9di\u00e1s notebookr\u00f3l van sz\u00f3, az audiovizu\u00e1lis \u00e9lm\u00e9nyre aligha lesz rossz szavunk. a k\u00e9t Waves MaxxAudio\u00ae Pro technol\u00f3gi\u00e1j\u00fa el\u0151re sug\u00e1rz\u00f3 hangsz\u00f3r\u00f3 a notebook m\u00e9rc\u00e9t abszol\u00fat megugorja, komolyabb hang\u00e9lm\u00e9ny\u00e9rt tess\u00e9k egy komolyabb hangrendszer ut\u00e1n n\u00e9zni. A j\u00e1t\u00e9kaink k\u00e9pi vil\u00e1g\u00e1t egy 15.6 colos, FullHD IPS matt LED kijelz\u0151n \u00e9lvezhetj\u00fck. A f\u00e9nyereje teljesen rendben van, ahogy a k\u00e9pmin\u0151s\u00e9ge is, egyed\u00fcl a magasabb Hz-sz\u00e1mot hi\u00e1nyolom a k\u00e9pfriss\u00edt\u00e9si r\u00e1t\u00e1n\u00e1l, ami egy gamer vas eset\u00e9n am\u00fagy m\u00e1r indokolt lenne. Portol\u00e1s\u00e1ban egy \u00e9rdekes helyzetbe ker\u00fcltem: a tesztg\u00e9p volt az egyetlen, ami nem rendelkezett Thunderbolt csatlakoz\u00f3val, azaz USB Type-C dugasszal, a webshopunkban tal\u00e1lhat\u00f3 G3 modellek, viszont igen, \u00edgy nem lesz gond a nagy sebess\u00e9g\u0171 adat\u00e1tvitellel, egyik kiad\u00e1s eset\u00e9ben sem. Amim volt, az egy SD-k\u00e1rtya olvas\u00f3, 3 darab USB3.1-es port, HDMI-csatlakoz\u00e1sra lehet\u0151s\u00e9g, valamint egy Ethernet port is. A g\u00e9ph\u00e1zban b\u00fajik meg m\u00e9g egy 802.11ac-szabv\u00e1nyos WiFi-vev\u0151 is, valamint egy Bluetooth 5.0-\u00e1s port, az extr\u00e1k k\u00f6z\u00f6tt meg szerepel egy ujjlenyomat olvas\u00f3, amit a Power gombba \u00e9p\u00edtettek bele. A beviteli eszk\u00f6z\u00f6kr\u0151l is essen sz\u00f3, b\u00e1r csak annyi, amennyit felt\u00e9tlen \u00e9rdemes: a tasztat\u00fara k\u00e9nyelmesen haszn\u00e1lhat\u00f3 a standard feladatokn\u00e1l, a ny\u00edl-billenty\u0171ket ugyan elv\u00e1lasztott\u00e1k a t\u00f6bbi elemt\u0151l, de m\u00e9reteit tekintve viszont el\u00e9g kicsinek t\u0171nnek. A WASD nem kapott komolyabb megk\u00fcl\u00f6nb\u00f6ztet\u00e9st, sem fest\u00e9sben, sem h\u00e1tt\u00e9r vil\u00e1g\u00edt\u00e1sban. A touchpad a szok\u00e1sos m\u0171anyag fel\u00fclet, j\u00f3l \u00e9rz\u00e9keli a gesztusainkat, de egy kicsit \u201el\u00f6ty\u00f6g\u0151snek\u201d hat, amikor kattintunk rajta.<\/p>\n<p><a href=\"https:\/\/www.notebook.hu\/blog\/wp-content\/uploads\/2018\/07\/DellG3_Front.png\"><img loading=\"lazy\" decoding=\"async\" data-attachment-id=\"3219\" data-permalink=\"https:\/\/www.notebook.hu\/blog\/dell-g3-g5-teszt\/dellg3_front\/\" data-orig-file=\"https:\/\/www.notebook.hu\/blog\/wp-content\/uploads\/2018\/07\/DellG3_Front.png\" data-orig-size=\"1920,1080\" data-comments-opened=\"0\" data-image-meta=\"{&quot;aperture&quot;:&quot;0&quot;,&quot;credit&quot;:&quot;&quot;,&quot;camera&quot;:&quot;&quot;,&quot;caption&quot;:&quot;&quot;,&quot;created_timestamp&quot;:&quot;0&quot;,&quot;copyright&quot;:&quot;&quot;,&quot;focal_length&quot;:&quot;0&quot;,&quot;iso&quot;:&quot;0&quot;,&quot;shutter_speed&quot;:&quot;0&quot;,&quot;title&quot;:&quot;&quot;,&quot;orientation&quot;:&quot;0&quot;}\" data-image-title=\"DellG3_Front\" data-image-description=\"\" data-image-caption=\"\" data-medium-file=\"https:\/\/www.notebook.hu\/blog\/wp-content\/uploads\/2018\/07\/DellG3_Front-300x169.png\" data-large-file=\"https:\/\/www.notebook.hu\/blog\/wp-content\/uploads\/2018\/07\/DellG3_Front-1024x576.png\" class=\"alignnone size-large wp-image-3219\" src=\"https:\/\/www.notebook.hu\/blog\/wp-content\/uploads\/2018\/07\/DellG3_Front-1024x576.png\" alt=\"\" width=\"618\" height=\"348\" srcset=\"https:\/\/www.notebook.hu\/blog\/wp-content\/uploads\/2018\/07\/DellG3_Front-1024x576.png 1024w, https:\/\/www.notebook.hu\/blog\/wp-content\/uploads\/2018\/07\/DellG3_Front-300x169.png 300w, https:\/\/www.notebook.hu\/blog\/wp-content\/uploads\/2018\/07\/DellG3_Front-768x432.png 768w, https:\/\/www.notebook.hu\/blog\/wp-content\/uploads\/2018\/07\/DellG3_Front.png 1920w\" sizes=\"auto, (max-width: 618px) 100vw, 618px\" \/><\/a><\/p>\n<p>Teljes\u00edtm\u00e9ny\u00e9t tekintve a panasz oly messze \u00e1llhat t\u0151le, mint Budapestt\u0151l Krasznodar (m\u00e9g VB-l\u00e1zban \u00e9gek, bocsi), annak ellen\u00e9re, hogy ez a sz\u00e1msorban a G3 a \u201elegkisebb\u201d. Intel\u00ae Core&#x2122; i7-8750H Processzor 9 meg\u00e1s Cache-el \u00e9s 4.10 GHz-ig h\u00fazhat\u00f3 teljes\u00edtm\u00e9ny\u00e9vel baromi j\u00f3 v\u00e1laszt\u00e1snak bizonyult, de ami igaz\u00e1n megdobja a hangulatot, az nem m\u00e1s, mint a 4 gig\u00e1s NVIDIA GeForce GTX 1050Ti! Rengeteg mindent el\u00e1rul a G-sz\u00e9ri\u00e1r\u00f3l, hogy minden darabot a Square Enix k\u00e9sz\u00fcl\u0151 j\u00e1t\u00e9k\u00e1val, a Shadow of the Tomb Raider-el prom\u00f3znak\u2026 \u00e9s ez nem csak \u00fcres fecseg\u00e9s, hanem a g\u00e9p b\u00edrni is fogja Croft kisasszony \u00fajragondolt t\u00f6rt\u00e9net\u00e9nek harmadik epiz\u00f3dj\u00e1t. Sajna az \u00faj TR-re v\u00e1rni kell, de a benchmarkjaink k\u00e9zn\u00e9l voltak \u00e9s a m\u00e9r\u00e9sek alapj\u00e1n FullHD felbont\u00e1son, magas \u00e9s k\u00f6zepes be\u00e1ll\u00edt\u00e1sok kever\u00e9k\u00e9n\u00e9l nem lehet majd probl\u00e9m\u00e1nk. A Norm\u00e1l be\u00e1ll\u00edt\u00e1sokon a Final Fantasy XV Benchmarkon egy er\u0151s \u201eStandard\u201d eredm\u00e9nyt produk\u00e1lt, azaz norm\u00e1l fut\u00e1st biztos\u00edt a hardver az \u00fajabb j\u00e1t\u00e9koknak is. A 4K-n\u00e1l az\u00e9rt m\u00e1r er\u0151sen rezgett a l\u00e9c, ott az Alacsony be\u00e1ll\u00edt\u00e1sokon futtattam le a benchmarkot, ami ugyan korrekten v\u00e9gigment (nem szaggatott folyamatosan), azonban dropokat produk\u00e1lt m\u00e1r, \u00edgy a j\u00e1t\u00e9k\u00e9lm\u00e9nyen eshet csorba, ha nagyobb t\u00f6megjelenetekn\u00e9l, meg-megakad a j\u00e1t\u00e9k. Nem volt v\u00e9szes, de a gamerek nem igaz\u00e1n szeretik, ha kir\u00e1ntja \u0151ket a ritmusb\u00f3l egy-egy belassul\u00e1s. A 3DMark teszteken ugyan maradand\u00f3t nem ny\u00fajtott, de a TimeSpy \u00e9s a Fire Strike is arra hivatott, hogy az asztali gamer vasakat is megizzassza, h\u00e1t m\u00e9g a notebookokat. A videok\u00e1rtya \u00e9s a processzor komb\u00f3j\u00e1hoz persze m\u00e9g egy harmadik munk\u00e1st, a 8 GB-nyi DDR4\/2666MHz mem\u00f3ri\u00e1t is hozz\u00e1 kell adni, hiszen \u0151 is fontos r\u00e9sztvev\u0151je a G3 munk\u00e1ss\u00e1g\u00e1nak. A 128GB-os SSD \u00e9s az 1TB-os HDD kombin\u00e1ci\u00f3ja egy j\u00f3l megszokott, biztos p\u00e1ros\u00edt\u00e1s, ami itt sem okoz csal\u00f3d\u00e1st. El\u0151bbir\u0151l a Windows marha gyorsan bootol, ahogy a r\u00e1 telep\u00edtett szoftverek is j\u00f3val gyorsabban t\u00f6lt\u0151dnek, k\u00f6zben az 1 terr\u00e1nyi hely elegend\u0151 a sok-sok fot\u00f3nak, vide\u00f3nak \u00e9s j\u00e1t\u00e9koknak.<\/p>\n<p><a href=\"https:\/\/www.notebook.hu\/blog\/wp-content\/uploads\/2018\/07\/DellG3_Keyboard.png\"><img loading=\"lazy\" decoding=\"async\" data-attachment-id=\"3234\" data-permalink=\"https:\/\/www.notebook.hu\/blog\/dell-g3-g5-teszt\/dellg3_keyboard\/\" data-orig-file=\"https:\/\/www.notebook.hu\/blog\/wp-content\/uploads\/2018\/07\/DellG3_Keyboard.png\" data-orig-size=\"1920,1080\" data-comments-opened=\"0\" data-image-meta=\"{&quot;aperture&quot;:&quot;0&quot;,&quot;credit&quot;:&quot;&quot;,&quot;camera&quot;:&quot;&quot;,&quot;caption&quot;:&quot;&quot;,&quot;created_timestamp&quot;:&quot;0&quot;,&quot;copyright&quot;:&quot;&quot;,&quot;focal_length&quot;:&quot;0&quot;,&quot;iso&quot;:&quot;0&quot;,&quot;shutter_speed&quot;:&quot;0&quot;,&quot;title&quot;:&quot;&quot;,&quot;orientation&quot;:&quot;0&quot;}\" data-image-title=\"DellG3_Keyboard\" data-image-description=\"\" data-image-caption=\"\" data-medium-file=\"https:\/\/www.notebook.hu\/blog\/wp-content\/uploads\/2018\/07\/DellG3_Keyboard-300x169.png\" data-large-file=\"https:\/\/www.notebook.hu\/blog\/wp-content\/uploads\/2018\/07\/DellG3_Keyboard-1024x576.png\" class=\"alignnone size-large wp-image-3234\" src=\"https:\/\/www.notebook.hu\/blog\/wp-content\/uploads\/2018\/07\/DellG3_Keyboard-1024x576.png\" alt=\"\" width=\"618\" height=\"348\" srcset=\"https:\/\/www.notebook.hu\/blog\/wp-content\/uploads\/2018\/07\/DellG3_Keyboard-1024x576.png 1024w, https:\/\/www.notebook.hu\/blog\/wp-content\/uploads\/2018\/07\/DellG3_Keyboard-300x169.png 300w, https:\/\/www.notebook.hu\/blog\/wp-content\/uploads\/2018\/07\/DellG3_Keyboard-768x432.png 768w, https:\/\/www.notebook.hu\/blog\/wp-content\/uploads\/2018\/07\/DellG3_Keyboard.png 1920w\" sizes=\"auto, (max-width: 618px) 100vw, 618px\" \/><\/a><\/p>\n<p><em>K\u00edv\u00e1ncsi lenn\u00e9l egy vide\u00f3s term\u00e9kbemutat\u00f3ra? N\u00e9zd meg most a Dell G3-ast \u00e9s G5-\u00f6st a YouTube-csatorn\u00e1nkra k\u00e9sz\u00fclt vide\u00f3n kereszt\u00fcl is!<\/em><\/p>\n<p><iframe loading=\"lazy\" src=\"https:\/\/www.youtube.com\/embed\/vVHCz0hTGK0\" width=\"560\" height=\"315\" frameborder=\"0\" allowfullscreen=\"allowfullscreen\"><\/iframe><\/p>\n<p><strong>Dell G5 \u2013 A k\u00f6z\u00e9ps\u0151 gyerek mindig fura?<\/strong><\/p>\n<p>Nyergelj\u00fcnk \u00e1t a nagyobbik testv\u00e9rre, azaz a G5-\u00f6sre, ami m\u00e1r egy kicsit komolyabban vette a \u201egamer diz\u00e1jn fogalm\u00e1t\u201d. A megfelel\u0151 mennyis\u00e9g\u0171 leveg\u0151 \u00e1tmozgat\u00e1s\u00e1hoz, h\u0171t\u0151rendszert kieg\u00e9sz\u00edt\u0151 speci\u00e1lis bord\u00e1z\u00e1s\u00e1t alak\u00edtottak ki a g\u00e9p h\u00e1ts\u00f3 fel\u00e9re, ami nem csak praktikus, de diz\u00e1jn szempontj\u00e1b\u00f3l sem utols\u00f3. Az alap fekete fest\u00e9s mell\u00e9 ez a grafitsz\u00fcrke elem nagyon j\u00f3l j\u00f6n \u00e9s remek\u00fcl passzol a notebook \u00e9lesebb formavil\u00e1g\u00e1hoz. Dimenzi\u00f3i alapj\u00e1n egy kicsit kil\u00f3g a 15.6-os notebookok k\u00f6r\u00e9b\u0151l, ami f\u0151leg a diz\u00e1jnelemek miatt lehet: 389 x 274.7 x 24.95 mm-es kialak\u00edt\u00e1sa \u00e9s 2.61kg-os s\u00falya m\u00e1r a testesebb vasak k\u00f6z\u00e9 sorolj\u00e1k. Ahogy a G3-asn\u00e1l, \u00fagy a G5-\u00f6sn\u00e9l \u00a0is rendben vannak a multim\u00e9di\u00e1s t\u00e9nyez\u0151k, azaz a k\u00e9p \u00e9s a hang. A kijelz\u0151 a G3-asn\u00e1l is haszn\u00e1lt 15.6 colos, FullHD IPS matt LED panel, ami ugyan elegend\u0151, de m\u00e9g mindig nem egy 4K 60Hz-es monitor\u2026na most, erre r\u00e1j\u00f6ttek a Delln\u00e9l is, \u00edgy a portok k\u00f6z\u00f6tt szerepel egy Thunderbolt 3-as, USB 3.1 Type-C \u00e9s egy HDMI 2.0-\u00e1s, aminek h\u00e1la egy k\u00fcls\u0151, izmosabb monitort is r\u00e1 lehet k\u00f6tni a G5-re. Vissza m\u00e9g a multim\u00e9di\u00e1ra, hiszen a hangtechnika is \u00e9rdemel p\u00e1r karaktert. A Waves MaxxAudio\u00ae Pro a term\u00e9kcsal\u00e1d \u00e1lland\u00f3 hangrendszere itt is hozza a min\u0151s\u00e9get, b\u00e1r tov\u00e1bbra is aj\u00e1nlott a gamingn\u00e9l a f\u00fcles, vagy egy \u00f6sszetettebb hangrendszer haszn\u00e1lata. Az el\u0151bb m\u00e1r esett sz\u00f3 k\u00e9t portr\u00f3l, most soroljuk fel a marad\u00e9kot: USB3.1-esb\u0151l jutott a g\u00e9pre h\u00e1rom darab, valamint egy SD\/MMC k\u00e1rtyaolvas\u00f3, z\u00e1r\u00e1sk\u00e9nt pedig ide is megkaptuk a HDMI-n \u00e9s a Type-C-n k\u00edv\u00fcl az Ethernet dugaszt, valamint a combo-audio jack csatlakoz\u00f3t is, na meg a bekapcsol\u00f3 gombon az ujjlenyomat olvas\u00f3t. Intel 8256-os chipnek k\u00f6sz\u00f6nhet\u0151en itt is megvan a k\u00e9ts\u00e1vos, 2,4 \u00e9s 5 GHz-es WiFi-v\u00e9tel\u00fcnk \u00e9s 4.2-\u00f6s Bluetooth kapcsolat. Ami miatt kiemelt\u00e9k ezt a g\u00e9pet, az mindenk\u00e9pp a k\u00e9t ventill\u00e1toros, h\u0171t\u0151rendszer, ami optim\u00e1lis h\u0151m\u00e9rs\u00e9kleten igyekszik tartani a g\u00e9pet a legh\u00faz\u00f3sabb id\u0151szak\u00e1ban is. Itt j\u00f6n ki az els\u0151 komolyabb k\u00fcl\u00f6nbs\u00e9g a G3-al kapcsolatban, hiszen am\u00edg a kistes\u00f3 a standard h\u0171t\u0151rendszer\u00e9vel sz\u00e9pen belemelegedett a munk\u00e1ba, a G5-\u00f6s m\u00e9g az izzaszt\u00f3bb id\u0151szakokat is (noha kicsit z\u00fag\u00f3sabban), de j\u00f3l viselte. A komolyabb j\u00e1t\u00e9kra sz\u00e1nt g\u00e9pekn\u00e9l ez egy fontos k\u00f6vetelm\u00e9ny, hogy ne csak j\u00f3 teljes\u00edtm\u00e9nyt kapjunk, de a f\u0171t\u00e9ssz\u00e1ml\u00e1nkon ne kurt\u00edtson ez\u00e9rt cser\u00e9be. A beviteli eszk\u00f6z\u00f6kn\u00e9l itt is hasonl\u00f3 a helyzet, mint a G3 eset\u00e9ben: egy relat\u00edve k\u00e9nyelmes billenty\u0171zet \u00e9s egy strandard teljes\u00edtm\u00e9nyt produk\u00e1l\u00f3, \u00f6sszeszerel\u00e9si min\u0151s\u00e9gben egy kicsit visszafogottabbat produk\u00e1l\u00f3 touchpad.<\/p>\n<p><a href=\"https:\/\/www.notebook.hu\/blog\/wp-content\/uploads\/2018\/07\/DellG5_Front.png\"><img loading=\"lazy\" decoding=\"async\" data-attachment-id=\"3221\" data-permalink=\"https:\/\/www.notebook.hu\/blog\/dell-g3-g5-teszt\/dellg5_front\/\" data-orig-file=\"https:\/\/www.notebook.hu\/blog\/wp-content\/uploads\/2018\/07\/DellG5_Front.png\" data-orig-size=\"1920,1080\" data-comments-opened=\"0\" data-image-meta=\"{&quot;aperture&quot;:&quot;0&quot;,&quot;credit&quot;:&quot;&quot;,&quot;camera&quot;:&quot;&quot;,&quot;caption&quot;:&quot;&quot;,&quot;created_timestamp&quot;:&quot;0&quot;,&quot;copyright&quot;:&quot;&quot;,&quot;focal_length&quot;:&quot;0&quot;,&quot;iso&quot;:&quot;0&quot;,&quot;shutter_speed&quot;:&quot;0&quot;,&quot;title&quot;:&quot;&quot;,&quot;orientation&quot;:&quot;0&quot;}\" data-image-title=\"DellG5_Front\" data-image-description=\"\" data-image-caption=\"\" data-medium-file=\"https:\/\/www.notebook.hu\/blog\/wp-content\/uploads\/2018\/07\/DellG5_Front-300x169.png\" data-large-file=\"https:\/\/www.notebook.hu\/blog\/wp-content\/uploads\/2018\/07\/DellG5_Front-1024x576.png\" class=\"alignnone size-large wp-image-3221\" src=\"https:\/\/www.notebook.hu\/blog\/wp-content\/uploads\/2018\/07\/DellG5_Front-1024x576.png\" alt=\"\" width=\"618\" height=\"348\" srcset=\"https:\/\/www.notebook.hu\/blog\/wp-content\/uploads\/2018\/07\/DellG5_Front-1024x576.png 1024w, https:\/\/www.notebook.hu\/blog\/wp-content\/uploads\/2018\/07\/DellG5_Front-300x169.png 300w, https:\/\/www.notebook.hu\/blog\/wp-content\/uploads\/2018\/07\/DellG5_Front-768x432.png 768w, https:\/\/www.notebook.hu\/blog\/wp-content\/uploads\/2018\/07\/DellG5_Front.png 1920w\" sizes=\"auto, (max-width: 618px) 100vw, 618px\" \/><\/a><\/p>\n<p>Most pedig essen sz\u00f3 a teljes\u00edtm\u00e9nyr\u0151l, ami a G3-ashoz megsz\u00f3lal\u00e1sig hasonl\u00f3 setup biztos\u00edt. A nyolcadik gener\u00e1ci\u00f3s Coffee Lake processzor dolgozik, az i7-8750H. \u00a0A 14 nm-es technol\u00f3gi\u00e1val k\u00e9sz\u00fcl\u0151 processzorban 6 fizikai magot tal\u00e1lunk \u00e9s a Hyperthreading-nek k\u00f6sz\u00f6nhet\u0151en egyszerre 12 sz\u00e1lon k\u00e9pes v\u00e9grehajtani a feladatokat.\u00a0 A processzor alap \u00f3rajele 2,2 Ghz, mely azonban turb\u00f3 m\u00f3dban eg\u00e9szen 4.1 GHz-ig emelkedhet. A tesztalanyunk emell\u00e9 egy NVIDIA GeForce GTX 1050 Ti vide\u00f3vez\u00e9rl\u0151t kapott, melyben a GP107-es architekt\u00far\u00e1j\u00fa chip dolgozik, ak\u00e1rcsak a sima 1050-es v\u00e1ltozatban. A 14 nm-en k\u00e9sz\u00fclt VGA 128 biten kapcsol\u00f3d\u00f3 4 GB GDDR5-\u00f6s mem\u00f3ria seg\u00edti, \u00f3rajele eg\u00e9szen 1493 MHz-ig emelkedhet. A mem\u00f3ria slotokat 8GB DDR4-es, 2666MHz-es teljes\u00edtm\u00e9ny\u0171 RAM foglalja el, a f\u00e1jlok, valamint a telep\u00edtett programok hasonl\u00f3an tehetnek a 128GB-nyi SSD-vel \u00e9s az 1TB-s 5400rpm-es HDD-vel. Teljes\u00edtm\u00e9ny\u00e9t tekintve ne v\u00e1rjunk l\u00e1tv\u00e1nyos k\u00fcl\u00f6nbs\u00e9get a G3-hoz k\u00e9pest, hiszen ugyanabb\u00f3l gazd\u00e1lkodtak, mint a G3 eset\u00e9ben. Az \u00fajabb j\u00e1t\u00e9kok itt is a k\u00f6z\u00e9p \u00e9s magas be\u00e1ll\u00edt\u00e1sok k\u00f6z\u00f6tt egyens\u00falyoznak majd, m\u00edg a 4K-s j\u00e1t\u00e9k m\u00e1r egy kicsit komolyabb feladat a G5 bicsk\u00e1j\u00e1nak. Nem lehetetlen, de itt m\u00e1r \u00e9rdemes alacsonyabb be\u00e1ll\u00edt\u00e1sokkal dolgozni. A g\u00e9p \u00f6sszess\u00e9g\u00e9ben stabilan futott, nem lehetett r\u00e1 panaszom, ak\u00e1rcsak a kistes\u00f3ra. A benchmarkokn\u00e1l ugyan \u00e9rz\u00e9kelhet\u0151 volt egy leheletnyi k\u00fcl\u00f6nbs\u00e9g a G5 fel\u00e9, de a l\u00e9nyegi k\u00fcl\u00f6nbs\u00e9get a k\u00e9t g\u00e9p k\u00f6z\u00f6tt az extra elemek jelentett\u00e9k. Akkuid\u0151 \u00e9s t\u00f6lt\u00e9s szempontj\u00e1b\u00f3l a G3-al megint csak egy eredm\u00e9nyt produk\u00e1l: az 56 Wh-s, 4 cell\u00e1s aksi dolgozik mind a k\u00e9t oldalon. Nagy pozit\u00edvum a gyors t\u00f6lt\u00e9si id\u0151, az okostelefonokhoz hasonl\u00f3 teljes\u00edtm\u00e9nyt tudja nagyj\u00e1b\u00f3l produk\u00e1lni a Dell, hiszen alig 60 perc alatt m\u00e1r 80%-on lesz akkunk, 15 perc pedig 25%-ra elegend\u0151.<\/p>\n<p><a href=\"https:\/\/www.notebook.hu\/blog\/wp-content\/uploads\/2018\/07\/DellG5_Keyboard.png\"><img loading=\"lazy\" decoding=\"async\" data-attachment-id=\"3235\" data-permalink=\"https:\/\/www.notebook.hu\/blog\/dell-g3-g5-teszt\/dellg5_keyboard\/\" data-orig-file=\"https:\/\/www.notebook.hu\/blog\/wp-content\/uploads\/2018\/07\/DellG5_Keyboard.png\" data-orig-size=\"1920,1080\" data-comments-opened=\"0\" data-image-meta=\"{&quot;aperture&quot;:&quot;0&quot;,&quot;credit&quot;:&quot;&quot;,&quot;camera&quot;:&quot;&quot;,&quot;caption&quot;:&quot;&quot;,&quot;created_timestamp&quot;:&quot;0&quot;,&quot;copyright&quot;:&quot;&quot;,&quot;focal_length&quot;:&quot;0&quot;,&quot;iso&quot;:&quot;0&quot;,&quot;shutter_speed&quot;:&quot;0&quot;,&quot;title&quot;:&quot;&quot;,&quot;orientation&quot;:&quot;0&quot;}\" data-image-title=\"DellG5_Keyboard\" data-image-description=\"\" data-image-caption=\"\" data-medium-file=\"https:\/\/www.notebook.hu\/blog\/wp-content\/uploads\/2018\/07\/DellG5_Keyboard-300x169.png\" data-large-file=\"https:\/\/www.notebook.hu\/blog\/wp-content\/uploads\/2018\/07\/DellG5_Keyboard-1024x576.png\" class=\"alignnone size-large wp-image-3235\" src=\"https:\/\/www.notebook.hu\/blog\/wp-content\/uploads\/2018\/07\/DellG5_Keyboard-1024x576.png\" alt=\"\" width=\"618\" height=\"348\" srcset=\"https:\/\/www.notebook.hu\/blog\/wp-content\/uploads\/2018\/07\/DellG5_Keyboard-1024x576.png 1024w, https:\/\/www.notebook.hu\/blog\/wp-content\/uploads\/2018\/07\/DellG5_Keyboard-300x169.png 300w, https:\/\/www.notebook.hu\/blog\/wp-content\/uploads\/2018\/07\/DellG5_Keyboard-768x432.png 768w, https:\/\/www.notebook.hu\/blog\/wp-content\/uploads\/2018\/07\/DellG5_Keyboard.png 1920w\" sizes=\"auto, (max-width: 618px) 100vw, 618px\" \/><\/a><\/p>\n<p><strong>\u00d6sszefoglal\u00e1s<\/strong><\/p>\n<p>A Dell G3 \u00e9s a G5 bemutat\u00e1sa sor\u00e1n t\u00f6k\u00e9letesen kirajzol\u00f3dott, hogy hogyan is l\u00e9pkedhet\u00fcnk felfel\u00e9 a gamer g\u00e9pek szintj\u00e9n. L\u00e1thattuk, hogy egy er\u0151sebb multim\u00e9di\u00e1s hardver kiindul\u00f3pontk\u00e9nt mire elegend\u0151 \u00e9s az, hogy ezt kisebb-nagyobb extr\u00e1kkal, minim\u00e1lis \u00e1rv\u00e1ltoz\u00e1ssal mit eredm\u00e9nyez. \u00dagy gondolom, hogy a k\u00e9t kiad\u00e1s k\u00f6zti k\u00fcl\u00f6nbs\u00e9g ink\u00e1bb a G5 jav\u00e1ra billenti a m\u00e9rleget, a jobb h\u0171t\u0151rendszerrel \u00e9s a Thunderbolt csatlakoz\u00f3val, de a G3 is remek v\u00e1laszt\u00e1s egy fels\u0151-k\u00f6z\u00e9p szint\u0171 be\u00e1ll\u00edt\u00e1sokon j\u00e1tszani k\u00edv\u00e1n\u00f3 felhaszn\u00e1l\u00f3nak.<\/p>\n","protected":false},"excerpt":{"rendered":"<p>\u201eMin\u00e9l t\u00f6bb, ann\u00e1l jobb\u201d, \u201eA j\u00f3b\u00f3l sosem el\u00e9g\u201d \u00e9s m\u00e9g ehhez hasonl\u00f3 mott\u00f3k j\u00e1rhattak lelkes d\u00edlerem fej\u00e9ben, amikor kital\u00e1lta, hogy ebben a tesztben nem egy, hanem k\u00e9t notebookot kell nektek bemutatnom. J\u00f6jj\u00f6n teh\u00e1t kett\u0151 az egyben, a Dell G3 \u00e9s a Dell G5 tesztje. A Dell-n\u00e9l nem apr\u00f3zt\u00e1k el a G-sz\u00e9ria beprom\u00f3z\u00e1s\u00e1t. Az amerikai gy\u00e1rt\u00f3 &hellip;<\/p>\n","protected":false},"author":1,"featured_media":3222,"comment_status":"closed","ping_status":"open","sticky":false,"template":"","format":"standard","meta":{"_jetpack_memberships_contains_paid_content":false,"footnotes":""},"categories":[43,347],"tags":[238,419,420,234,233,237],"class_list":["post-3215","post","type-post","status-publish","format-standard","has-post-thumbnail","","category-tesztek","category-videok","tag-bemutato","tag-dell-g3","tag-dell-g5","tag-termekbemutato","tag-termekteszt","tag-teszt"],"jetpack_featured_media_url":"https:\/\/www.notebook.hu\/blog\/wp-content\/uploads\/2018\/07\/Dell_GSeries.png","jetpack_shortlink":"https:\/\/wp.me\/p9xSLL-PR","jetpack_sharing_enabled":true,"_links":{"self":[{"href":"https:\/\/www.notebook.hu\/blog\/wp-json\/wp\/v2\/posts\/3215","targetHints":{"allow":["GET"]}}],"collection":[{"href":"https:\/\/www.notebook.hu\/blog\/wp-json\/wp\/v2\/posts"}],"about":[{"href":"https:\/\/www.notebook.hu\/blog\/wp-json\/wp\/v2\/types\/post"}],"author":[{"embeddable":true,"href":"https:\/\/www.notebook.hu\/blog\/wp-json\/wp\/v2\/users\/1"}],"replies":[{"embeddable":true,"href":"https:\/\/www.notebook.hu\/blog\/wp-json\/wp\/v2\/comments?post=3215"}],"version-history":[{"count":20,"href":"https:\/\/www.notebook.hu\/blog\/wp-json\/wp\/v2\/posts\/3215\/revisions"}],"predecessor-version":[{"id":3249,"href":"https:\/\/www.notebook.hu\/blog\/wp-json\/wp\/v2\/posts\/3215\/revisions\/3249"}],"wp:featuredmedia":[{"embeddable":true,"href":"https:\/\/www.notebook.hu\/blog\/wp-json\/wp\/v2\/media\/3222"}],"wp:attachment":[{"href":"https:\/\/www.notebook.hu\/blog\/wp-json\/wp\/v2\/media?parent=3215"}],"wp:term":[{"taxonomy":"category","embeddable":true,"href":"https:\/\/www.notebook.hu\/blog\/wp-json\/wp\/v2\/categories?post=3215"},{"taxonomy":"post_tag","embeddable":true,"href":"https:\/\/www.notebook.hu\/blog\/wp-json\/wp\/v2\/tags?post=3215"}],"curies":[{"name":"wp","href":"https:\/\/api.w.org\/{rel}","templated":true}]}}