{"id":3173,"date":"2018-07-11T10:04:29","date_gmt":"2018-07-11T08:04:29","guid":{"rendered":"https:\/\/www.notebook.hu\/blog\/?p=3173"},"modified":"2018-08-08T11:24:52","modified_gmt":"2018-08-08T09:24:52","slug":"a-legjobb-vekony-notebookok-beach-body-a-notebookoknal","status":"publish","type":"post","link":"https:\/\/www.notebook.hu\/blog\/a-legjobb-vekony-notebookok-beach-body-a-notebookoknal\/","title":{"rendered":"A legjobb v\u00e9kony notebookok? | Beach body a notebookokn\u00e1l"},"content":{"rendered":"<p><a href=\"https:\/\/www.notebook.hu\/blog\/wp-content\/uploads\/2018\/07\/vekonynotebookok.jpg\"><img loading=\"lazy\" decoding=\"async\" data-attachment-id=\"3174\" data-permalink=\"https:\/\/www.notebook.hu\/blog\/a-legjobb-vekony-notebookok-beach-body-a-notebookoknal\/vekonynotebookok\/\" data-orig-file=\"https:\/\/www.notebook.hu\/blog\/wp-content\/uploads\/2018\/07\/vekonynotebookok.jpg\" data-orig-size=\"1920,1091\" data-comments-opened=\"0\" data-image-meta=\"{&quot;aperture&quot;:&quot;0&quot;,&quot;credit&quot;:&quot;&quot;,&quot;camera&quot;:&quot;&quot;,&quot;caption&quot;:&quot;&quot;,&quot;created_timestamp&quot;:&quot;0&quot;,&quot;copyright&quot;:&quot;&quot;,&quot;focal_length&quot;:&quot;0&quot;,&quot;iso&quot;:&quot;0&quot;,&quot;shutter_speed&quot;:&quot;0&quot;,&quot;title&quot;:&quot;&quot;,&quot;orientation&quot;:&quot;0&quot;}\" data-image-title=\"vekonynotebookok\" data-image-description=\"\" data-image-caption=\"\" data-medium-file=\"https:\/\/www.notebook.hu\/blog\/wp-content\/uploads\/2018\/07\/vekonynotebookok-300x170.jpg\" data-large-file=\"https:\/\/www.notebook.hu\/blog\/wp-content\/uploads\/2018\/07\/vekonynotebookok-1024x582.jpg\" class=\"alignnone size-large wp-image-3174\" src=\"https:\/\/www.notebook.hu\/blog\/wp-content\/uploads\/2018\/07\/vekonynotebookok-1024x582.jpg\" alt=\"\" width=\"618\" height=\"351\" srcset=\"https:\/\/www.notebook.hu\/blog\/wp-content\/uploads\/2018\/07\/vekonynotebookok-1024x582.jpg 1024w, https:\/\/www.notebook.hu\/blog\/wp-content\/uploads\/2018\/07\/vekonynotebookok-300x170.jpg 300w, https:\/\/www.notebook.hu\/blog\/wp-content\/uploads\/2018\/07\/vekonynotebookok-768x436.jpg 768w, https:\/\/www.notebook.hu\/blog\/wp-content\/uploads\/2018\/07\/vekonynotebookok.jpg 1920w\" sizes=\"auto, (max-width: 618px) 100vw, 618px\" \/><\/a><\/p>\n<p><strong>Praktikus okok alapj\u00e1n is lehet notebookot v\u00e1lasztani. Nem egyszer tapasztaltam m\u00e1r, hogy nem azt a k\u00e9rd\u00e9st tett\u00e9k fel nekem, hogy \u201eNem tudn\u00e1l egy er\u0151s notebookot aj\u00e1nlani nekem, nyolcadik gener\u00e1ci\u00f3s processzorral \u00e9s j\u00f3 vide\u00f3k\u00e1rty\u00e1val?\u201d, hanem ink\u00e1bb azt, hogy \u201eNem tudn\u00e1l egy kicsi, de er\u0151s g\u00e9pet mondani?\u201d. Ebben a blogposztban most \u00f6sszegy\u0171jt\u00f6ttem n\u00e9gy olyan g\u00e9pet, ami megfelel ennek a felt\u00e9telnek!<\/strong><\/p>\n<p><strong> ASUS Zenbook<\/strong> <strong>UX331UA<\/strong><\/p>\n<p>Kezdj\u00fck az ASUS pr\u00e9mium ultrabook-sz\u00e9ri\u00e1j\u00e1nak tagjaival, k\u00f6z\u00fcl\u00fck is az <a href=\"https:\/\/www.notebook.hu\/asus-zenbook-13-ux331ua-eg003t-kek\"><strong>UX331UA<\/strong><\/a> jelz\u00e9s\u0171 g\u00e9ppel. Ez az egyik term\u00e9kcsal\u00e1d, amit a majd k\u00e9s\u0151bbiekben emleget\u00e9sre ker\u00fcl\u0151 Apple notebookokkal \u00f6sszehasonl\u00edtgatni szoktak, hiszen teljes\u00edtm\u00e9ny\u00e9t \u00e9s felhaszn\u00e1l\u00f3i b\u00e1zis\u00e1t tekintve hasonl\u00f3 param\u00e9terekkel rendelkezik. Ez egy standard kialak\u00edt\u00e1s\u00fa v\u00e1ltozat, azonban el\u00e9rhet\u0151 a piacon olyan Zenbook is, aminek a FullHD IPS kijelz\u0151je 360 fokban kihajthat\u00f3 az ErgoLift zsan\u00e9roknak k\u00f6sz\u00f6nhet\u0151en. A nyolcadik gener\u00e1ci\u00f3s Intel processzor, a 8GB RAM \u00e9s a 256GB-os SSD-nek k\u00f6sz\u00f6nhet\u0151en a white colar \u00e9s egy\u00e9b irodai munk\u00e1k elv\u00e9gz\u00e9s\u00e9re t\u00f6k\u00e9letes \u00e9s ami a legfontosabb a mai list\u00e1n: nem foglal sok helyet! 1,12kg, \u00edgy valamivel k\u00f6nnyebb, mint a Macbook Air, m\u00e9reteit tekintve pedig egy 31.0&#215;21.6&#215;1.20~1.39 (v\u00e9konyodik a test) centim\u00e9teres darabr\u00f3l van sz\u00f3.<\/p>\n<p><strong> Acer Swift 3 <\/strong><\/p>\n<p>Tavaly a Swift 1-esr\u0151l m\u00e1r k\u00e9sz\u00fclt vide\u00f3 a YouTube-csatorn\u00e1nkra (ezt a bekezd\u00e9s v\u00e9g\u00e9n meg tudj\u00e1tok n\u00e9zni), a <a href=\"https:\/\/www.notebook.hu\/acer-swift-3-sf314-52-nx-gpjeu-006-pink\"><strong>Swift 3<\/strong><\/a>-asr\u00f3l pedig most essen p\u00e1r sz\u00f3. Ez egy fokkal nagyobb, viszont ann\u00e1l csajosabb a pink kiad\u00e1ssal. Az Intel i5-7200U processzor az egyik legn\u00e9pszer\u0171bb v\u00e1laszt\u00e1s volt a multim\u00e9di\u00e1s g\u00e9pekn\u00e9l, \u00edgy a Swift 3-b\u00f3l sem maradhatott ki, ezt pedig megtoldott\u00e1k m\u00e9g az el\u0151z\u0151ekhez hasonl\u00f3an 8GB RAM-mal. A 338 x 234 x 17.95 mm-es f\u00e9mh\u00e1zba burkolt eszk\u00f6z egy kicsit s\u00falyosabb, mint a t\u00f6bbiek, hiszen 1.8 kilogrammos s\u00fallyal oper\u00e1l, ultrabooknak megfelel\u0151en pedig hossz\u00fa \u00fczemid\u0151t biztos\u00edt neki a 48 Wh-s akkumul\u00e1tora.<br \/>\n<iframe loading=\"lazy\" src=\"https:\/\/www.youtube.com\/embed\/GhqFKLzR_XQ\" width=\"560\" height=\"315\" frameborder=\"0\" allowfullscreen=\"allowfullscreen\"><\/iframe><\/p>\n<p><strong> Lenovo IdeaPad 720S<\/strong><\/p>\n<p>Szint\u00e9n szerepelt m\u00e1r vide\u00f3s bemutat\u00f3ban a 13 colos kisokos, \u00edgy csak r\u00f6viden \u00f6sszefoglalva: \u00c1r\/\u00e9rt\u00e9k ar\u00e1nyban rendk\u00edv\u00fcl er\u0151s, hiszen egy leg\u00fajabb gener\u00e1ci\u00f3s Intel\u00ae Core&#x2122; i7-8550U processzor dolgozik benne, 8 giga RAM-al kieg\u00e9sz\u00fclve. Az <a href=\"https:\/\/www.notebook.hu\/lenovo-ideapad-720s-13ikbr-81bv006bhv-pezsgoarany\"><strong>IdeaPad 720S<\/strong><\/a>-ben szerepl\u0151 Intel\u00ae UHD Graphics 620 integr\u00e1lt grafikus vez\u00e9rl\u0151 ugyan nem a legcombosabb, de MOBA-ak, vagy p\u00e1r kisebb g\u00e9pig\u00e9ny\u0171 j\u00e1t\u00e9k elvitel\u00e9re t\u00f6k\u00e9letes, mindez pedig alig 1.1 kilogrammos g\u00e9pbe van s\u0171r\u00edtve. A g\u00e9ph\u00e1z 305.9 x 213.82 x 13.6 mm, \u00edgy az eddig felsoroltak \u201ek\u00f6z\u00e9pmez\u0151ny\u00e9ben\u201d van.<\/p>\n<p><a href=\"https:\/\/www.notebook.hu\/blog\/wp-content\/uploads\/2018\/04\/02.jpg\"><img loading=\"lazy\" decoding=\"async\" data-attachment-id=\"2924\" data-permalink=\"https:\/\/www.notebook.hu\/blog\/lenovo-idepad-720s-teszt\/02-5\/\" data-orig-file=\"https:\/\/www.notebook.hu\/blog\/wp-content\/uploads\/2018\/04\/02.jpg\" data-orig-size=\"4152,2720\" data-comments-opened=\"0\" data-image-meta=\"{&quot;aperture&quot;:&quot;7.1&quot;,&quot;credit&quot;:&quot;&quot;,&quot;camera&quot;:&quot;NIKON D3100&quot;,&quot;caption&quot;:&quot;&quot;,&quot;created_timestamp&quot;:&quot;1522120160&quot;,&quot;copyright&quot;:&quot;&quot;,&quot;focal_length&quot;:&quot;20&quot;,&quot;iso&quot;:&quot;200&quot;,&quot;shutter_speed&quot;:&quot;0.008&quot;,&quot;title&quot;:&quot;&quot;,&quot;orientation&quot;:&quot;1&quot;}\" data-image-title=\"02\" data-image-description=\"\" data-image-caption=\"\" data-medium-file=\"https:\/\/www.notebook.hu\/blog\/wp-content\/uploads\/2018\/04\/02-300x197.jpg\" data-large-file=\"https:\/\/www.notebook.hu\/blog\/wp-content\/uploads\/2018\/04\/02-1024x671.jpg\" class=\"alignnone size-large wp-image-2924\" src=\"https:\/\/www.notebook.hu\/blog\/wp-content\/uploads\/2018\/04\/02-1024x671.jpg\" alt=\"\" width=\"618\" height=\"405\" srcset=\"https:\/\/www.notebook.hu\/blog\/wp-content\/uploads\/2018\/04\/02-1024x671.jpg 1024w, https:\/\/www.notebook.hu\/blog\/wp-content\/uploads\/2018\/04\/02-300x197.jpg 300w, https:\/\/www.notebook.hu\/blog\/wp-content\/uploads\/2018\/04\/02-768x503.jpg 768w\" sizes=\"auto, (max-width: 618px) 100vw, 618px\" \/><\/a><\/p>\n<p><strong>ASUS VivoBook Flip 12 <\/strong><\/p>\n<p>A felsorol\u00e1sunk utols\u00f3 \u00e9s legolcs\u00f3bb darabja. Att\u00f3l azonban nem kell tartani, hogy \u201eh\u00edg a leve\u201d alapon a <strong><a href=\"https:\/\/www.notebook.hu\/asus-vivobook-flip-12-tp203nah-bp046t-szurke\">Vivobook Flip 12<\/a><\/strong> felt\u00e9tlen rosszabb is lenne. Vastagabb ugyan egy fokkal, mint a kor\u00e1bbiak, hiszen 293.4 x 198 x 21.35 mm-es dimenzi\u00f3kkal rendelkezik, de 1,3 kg-os s\u00faly\u00e1val m\u00e9g mindig a pehelys\u00falyban van. B\u00e1r Intel\u00ae Celeron\u00ae N3350-es processzor\u00e1val nem ez a legcombosabb vas, egy egyetemista sz\u00e1m\u00e1ra remek t\u00e1rs lehet a jegyzetel\u00e9sben, a beadand\u00f3k meg\u00edr\u00e1s\u00e1n\u00e1l, vagy \u00e9pp az el\u0151ad\u00e1sok k\u00f6zti sz\u00fcnetek elt\u00f6lt\u00e9s\u00e9n\u00e9l. Plusz pont, hogy j\u00e1tszik n\u00e1la is a 360 fokban kihajthat\u00f3 kijelz\u0151, amivel ak\u00e1r tablet form\u00e1ban is haszn\u00e1lhatjuk a VivoBookot.<\/p>\n<p><strong>B\u00f3nusz: Apple Macbook Air<\/strong><\/p>\n<p>Eddig jobb\u00e1ra a Windows-os notebookokat helyezt\u00fck el\u0151t\u00e9rbe, de egy ilyen \u00f6ssze\u00e1ll\u00edt\u00e1sn\u00e1l szinte k\u00f6telez\u0151 behozni a <strong><a href=\"https:\/\/www.notebook.hu\/apple-macbook-air-256gb-2017\">Macbook Air<\/a><\/strong>-t is a k\u00e9pbe. A list\u00e1ra egy 13 colos darabot tettem fel, ez m\u00e9g egy eg\u00e9szs\u00e9ges kijelz\u0151 m\u00e9ret, amin lehet dolgozni is, illetve a 1440 x 900 f\u00e9nyes LED kijelz\u0151 t\u00f6k\u00e9letes k\u00e9pmin\u0151s\u00e9get biztos\u00edt a vide\u00f3k n\u00e9zeget\u00e9s\u00e9hez. A vill\u00e1mgyors SSD-vel, az i5-\u00f6s Intel processzorral, valamint a 8GB mem\u00f3ri\u00e1val felszerelve pedig megb\u00edzhat\u00f3 munkat\u00e1rsk\u00e9nt viselkedik a h\u00e9tk\u00f6znapokban. Tudjuk j\u00f3l, hogy az alma log\u00f3val nem csak a megb\u00edzhat\u00f3 oper\u00e1ci\u00f3s rendszer, a stabil teljes\u00edtm\u00e9ny, de az elegancia is \u00e9rkezik: letisztult, de eleg\u00e1ns formavil\u00e1g garant\u00e1lva. Alig 1.35kg-os s\u00faly\u00e1val szinte \u00e9szrevehetetlen egy oldalt\u00e1sk\u00e1ban, legv\u00e9konyabb pontj\u00e1n pedig alig 0.3 cm-es. Aki az Apple term\u00e9kekre esk\u00fcszik \u00e9s szeretne mag\u00e1nak egy mobilis, teljes\u00edtm\u00e9ny\u00e9t tekintve ink\u00e1bb a k\u00f6z\u00e9pkateg\u00f3ri\u00e1ban elhelyezked\u0151 g\u00e9pet, annak t\u00f6k\u00e9letesen aj\u00e1nlhat\u00f3 ez a darab, aki pedig a Windows-os t\u00e9m\u00e1kra v\u00e1gyik, az g\u00f6rgessen tov\u00e1bb.<\/p>\n<p>&nbsp;<\/p>\n","protected":false},"excerpt":{"rendered":"<p>Praktikus okok alapj\u00e1n is lehet notebookot v\u00e1lasztani. Nem egyszer tapasztaltam m\u00e1r, hogy nem azt a k\u00e9rd\u00e9st tett\u00e9k fel nekem, hogy \u201eNem tudn\u00e1l egy er\u0151s notebookot aj\u00e1nlani nekem, nyolcadik gener\u00e1ci\u00f3s processzorral \u00e9s j\u00f3 vide\u00f3k\u00e1rty\u00e1val?\u201d, hanem ink\u00e1bb azt, hogy \u201eNem tudn\u00e1l egy kicsi, de er\u0151s g\u00e9pet mondani?\u201d. Ebben a blogposztban most \u00f6sszegy\u0171jt\u00f6ttem n\u00e9gy olyan g\u00e9pet, ami megfelel &hellip;<\/p>\n","protected":false},"author":1,"featured_media":3174,"comment_status":"closed","ping_status":"open","sticky":false,"template":"","format":"standard","meta":{"_jetpack_memberships_contains_paid_content":false,"footnotes":""},"categories":[42],"tags":[418,56,415,416,270,417],"class_list":["post-3173","post","type-post","status-publish","format-standard","has-post-thumbnail","","category-cikkek","tag-acer-swift","tag-apple","tag-asus-vivobook","tag-asus-zenbook","tag-lenovo-ideapad","tag-macbook-air"],"jetpack_featured_media_url":"https:\/\/www.notebook.hu\/blog\/wp-content\/uploads\/2018\/07\/vekonynotebookok.jpg","jetpack_shortlink":"https:\/\/wp.me\/p9xSLL-Pb","jetpack_sharing_enabled":true,"_links":{"self":[{"href":"https:\/\/www.notebook.hu\/blog\/wp-json\/wp\/v2\/posts\/3173","targetHints":{"allow":["GET"]}}],"collection":[{"href":"https:\/\/www.notebook.hu\/blog\/wp-json\/wp\/v2\/posts"}],"about":[{"href":"https:\/\/www.notebook.hu\/blog\/wp-json\/wp\/v2\/types\/post"}],"author":[{"embeddable":true,"href":"https:\/\/www.notebook.hu\/blog\/wp-json\/wp\/v2\/users\/1"}],"replies":[{"embeddable":true,"href":"https:\/\/www.notebook.hu\/blog\/wp-json\/wp\/v2\/comments?post=3173"}],"version-history":[{"count":6,"href":"https:\/\/www.notebook.hu\/blog\/wp-json\/wp\/v2\/posts\/3173\/revisions"}],"predecessor-version":[{"id":3273,"href":"https:\/\/www.notebook.hu\/blog\/wp-json\/wp\/v2\/posts\/3173\/revisions\/3273"}],"wp:featuredmedia":[{"embeddable":true,"href":"https:\/\/www.notebook.hu\/blog\/wp-json\/wp\/v2\/media\/3174"}],"wp:attachment":[{"href":"https:\/\/www.notebook.hu\/blog\/wp-json\/wp\/v2\/media?parent=3173"}],"wp:term":[{"taxonomy":"category","embeddable":true,"href":"https:\/\/www.notebook.hu\/blog\/wp-json\/wp\/v2\/categories?post=3173"},{"taxonomy":"post_tag","embeddable":true,"href":"https:\/\/www.notebook.hu\/blog\/wp-json\/wp\/v2\/tags?post=3173"}],"curies":[{"name":"wp","href":"https:\/\/api.w.org\/{rel}","templated":true}]}}