{"id":3171,"date":"2018-07-10T10:02:08","date_gmt":"2018-07-10T08:02:08","guid":{"rendered":"https:\/\/www.notebook.hu\/blog\/?p=3171"},"modified":"2018-07-10T10:02:08","modified_gmt":"2018-07-10T08:02:08","slug":"mentalis-betegseg-lett-a-jatek-fuggoseg","status":"publish","type":"post","link":"https:\/\/www.notebook.hu\/blog\/mentalis-betegseg-lett-a-jatek-fuggoseg\/","title":{"rendered":"Ment\u00e1lis betegs\u00e9g lett a j\u00e1t\u00e9k-f\u00fcgg\u0151s\u00e9g"},"content":{"rendered":"<p><a href=\"https:\/\/www.notebook.hu\/blog\/wp-content\/uploads\/2018\/07\/children-593313_1280.jpg\"><img loading=\"lazy\" decoding=\"async\" data-attachment-id=\"3178\" data-permalink=\"https:\/\/www.notebook.hu\/blog\/mentalis-betegseg-lett-a-jatek-fuggoseg\/children-593313_1280\/\" data-orig-file=\"https:\/\/www.notebook.hu\/blog\/wp-content\/uploads\/2018\/07\/children-593313_1280.jpg\" data-orig-size=\"1280,853\" data-comments-opened=\"0\" data-image-meta=\"{&quot;aperture&quot;:&quot;0&quot;,&quot;credit&quot;:&quot;&quot;,&quot;camera&quot;:&quot;&quot;,&quot;caption&quot;:&quot;&quot;,&quot;created_timestamp&quot;:&quot;0&quot;,&quot;copyright&quot;:&quot;&quot;,&quot;focal_length&quot;:&quot;0&quot;,&quot;iso&quot;:&quot;0&quot;,&quot;shutter_speed&quot;:&quot;0&quot;,&quot;title&quot;:&quot;&quot;,&quot;orientation&quot;:&quot;0&quot;}\" data-image-title=\"children-593313_1280\" data-image-description=\"\" data-image-caption=\"\" data-medium-file=\"https:\/\/www.notebook.hu\/blog\/wp-content\/uploads\/2018\/07\/children-593313_1280-300x200.jpg\" data-large-file=\"https:\/\/www.notebook.hu\/blog\/wp-content\/uploads\/2018\/07\/children-593313_1280-1024x682.jpg\" class=\"alignnone size-large wp-image-3178\" src=\"https:\/\/www.notebook.hu\/blog\/wp-content\/uploads\/2018\/07\/children-593313_1280-1024x682.jpg\" alt=\"\" width=\"618\" height=\"412\" srcset=\"https:\/\/www.notebook.hu\/blog\/wp-content\/uploads\/2018\/07\/children-593313_1280-1024x682.jpg 1024w, https:\/\/www.notebook.hu\/blog\/wp-content\/uploads\/2018\/07\/children-593313_1280-300x200.jpg 300w, https:\/\/www.notebook.hu\/blog\/wp-content\/uploads\/2018\/07\/children-593313_1280-768x512.jpg 768w, https:\/\/www.notebook.hu\/blog\/wp-content\/uploads\/2018\/07\/children-593313_1280.jpg 1280w\" sizes=\"auto, (max-width: 618px) 100vw, 618px\" \/><\/a><\/p>\n<p><strong>Egy id\u0151r\u0151l-id\u0151re el\u0151ker\u00fcl\u0151 t\u00e9ma: \u00e1rtalmas-e a videoj\u00e1t\u00e9k az emberek sz\u00e1m\u00e1ra? Az biztos, hogy a t\u00falz\u00e1sba vitt j\u00e1t\u00e9kok okozta f\u00fcgg\u0151s\u00e9ggel foglalkozni kell, ez\u00e9rt az Eg\u00e9szs\u00e9g\u00fcgyi Vil\u00e1gszervezet m\u00e1r meg is tette a kezd\u0151 l\u00e9p\u00e9seket, hogy a szakemberek sz\u00e1m\u00e1ra is egyre nagyobb eszk\u00f6zt\u00e1rat tudjon ny\u00fajtani, a f\u00fcgg\u0151s\u00e9g legy\u0151z\u00e9s\u00e9ben. <\/strong><\/p>\n<p>Az Eg\u00e9szs\u00e9g\u00fcgyi Vil\u00e1gszervezet (WHO) 11. alkalommal adta ki a betegs\u00e9gek nemzetk\u00f6zi oszt\u00e1lyoz\u00e1s\u00e1nak (ICD) list\u00e1j\u00e1t, amiben ez\u00fattal m\u00e1r helyet kapott a videoj\u00e1t\u00e9k-f\u00fcgg\u0151s\u00e9g is. A saj\u00e1tos elme\u00e1llapotk\u00e9nt kezelt f\u00fcgg\u0151s\u00e9get a vil\u00e1gszerte ir\u00e1nyad\u00f3 eg\u00e9szs\u00e9g\u00fcgyi k\u00f3drendszer friss verzi\u00f3ja, az ICD-11 tartalmazza. E szerint, a j\u00e1t\u00e9kf\u00fcgg\u0151s\u00e9g olyan s\u00falyosan tart\u00f3s vagy visszat\u00e9r\u0151 viselked\u00e9s, amelyben a j\u00e1t\u00e9k \u201eels\u0151bbs\u00e9get \u00e9lvez az \u00e9let m\u00e1s ter\u00fcleteivel szemben\u201d.<\/p>\n<p>A WHO 26 \u00e9v ut\u00e1n adott ki ICD-list\u00e1t, amiben le\u00edrj\u00e1k a betegs\u00e9gek k\u00f3djait, jeleit, szimpt\u00f3m\u00e1it. A dokumentumot orvosok \u00e9s kutat\u00f3k haszn\u00e1lj\u00e1k a betegs\u00e9gek nyomon k\u00f6vet\u00e9s\u00e9hez \u00e9s diagnosztiz\u00e1l\u00e1s\u00e1hoz. A le\u00edr\u00e1s szerint a j\u00e1t\u00e9kf\u00fcgg\u0151s\u00e9g, ami a 6C51-es k\u00f3dot kapta, egy\u00e9ves id\u0151tartam alatt felismerhet\u0151, diagnosztiz\u00e1lhat\u00f3, de s\u00falyosabb esetekben enn\u00e9l hamarabb is fel\u00e1ll\u00edthat\u00f3 a diagn\u00f3zis. Az ut\u00f3bbi id\u0151kben t\u00f6bb s\u00falyos helyzetr\u0151l is hallottunk m\u00e1r a j\u00e1t\u00e9k-f\u00fcgg\u0151s\u00e9get illet\u0151en, el\u00e9g csak a 9 \u00e9ves Fortnite f\u00fcgg\u0151 kisl\u00e1nyra gondolni. Hogy ez a j\u00e1t\u00e9kok hib\u00e1ja lenne-e?<\/p>\n<p>Kinek a hib\u00e1ja ez? Nos, \u00fagy gondolom a felel\u0151ss\u00e9gnek csak j\u00f3val kisebb r\u00e9sze a j\u00e1t\u00e9kok\u00e9, vagy a j\u00e1t\u00e9kokat gy\u00e1rt\u00f3k\u00e9. A felel\u0151ss\u00e9g tov\u00e1bbra is a j\u00e1t\u00e9kos\u00e9, vagy a j\u00e1t\u00e9kost fel\u00fcgyel\u0151k\u00e9 (a fent eml\u00edtett esetben a kisl\u00e1ny sz\u00fclei\u00e9), hogy mennyiben tartja meg az \u00e9sszer\u0171 keretek k\u00f6zt a j\u00e1t\u00e9kkal t\u00f6lt\u00f6tt id\u0151t. A j\u00e1t\u00e9kok a benn\u00fck rejl\u0151 versenyhelyzettel motiv\u00e1lj\u00e1k a j\u00e1t\u00e9kosokat, hogy min\u00e9l t\u00f6bb id\u0151t t\u00f6ltsenek a kijelz\u0151k el\u0151tt, a felhaszn\u00e1l\u00f3nak azonban figyelnie kell arra, hogy a j\u00e1t\u00e9k mellett is tal\u00e1ljon olyan elfoglalts\u00e1got, ami hasonl\u00f3 m\u00f3d lek\u00f6ti, hasznos sz\u00e1m\u00e1ra, vagy \u00f6r\u00f6mmel t\u00f6lti el, mint a digit\u00e1lis vil\u00e1g.<\/p>\n<p><a href=\"https:\/\/www.notebook.hu\/blog\/wp-content\/uploads\/2018\/07\/xbox-1602822_1280.jpg\"><img loading=\"lazy\" decoding=\"async\" data-attachment-id=\"3179\" data-permalink=\"https:\/\/www.notebook.hu\/blog\/mentalis-betegseg-lett-a-jatek-fuggoseg\/xbox-1602822_1280\/\" data-orig-file=\"https:\/\/www.notebook.hu\/blog\/wp-content\/uploads\/2018\/07\/xbox-1602822_1280.jpg\" data-orig-size=\"1280,853\" data-comments-opened=\"0\" data-image-meta=\"{&quot;aperture&quot;:&quot;4&quot;,&quot;credit&quot;:&quot;&quot;,&quot;camera&quot;:&quot;Canon EOS 700D&quot;,&quot;caption&quot;:&quot;&quot;,&quot;created_timestamp&quot;:&quot;0&quot;,&quot;copyright&quot;:&quot;&quot;,&quot;focal_length&quot;:&quot;26&quot;,&quot;iso&quot;:&quot;640&quot;,&quot;shutter_speed&quot;:&quot;0.025&quot;,&quot;title&quot;:&quot;&quot;,&quot;orientation&quot;:&quot;0&quot;}\" data-image-title=\"xbox-1602822_1280\" data-image-description=\"\" data-image-caption=\"\" data-medium-file=\"https:\/\/www.notebook.hu\/blog\/wp-content\/uploads\/2018\/07\/xbox-1602822_1280-300x200.jpg\" data-large-file=\"https:\/\/www.notebook.hu\/blog\/wp-content\/uploads\/2018\/07\/xbox-1602822_1280-1024x682.jpg\" class=\"alignnone size-large wp-image-3179\" src=\"https:\/\/www.notebook.hu\/blog\/wp-content\/uploads\/2018\/07\/xbox-1602822_1280-1024x682.jpg\" alt=\"\" width=\"618\" height=\"412\" srcset=\"https:\/\/www.notebook.hu\/blog\/wp-content\/uploads\/2018\/07\/xbox-1602822_1280-1024x682.jpg 1024w, https:\/\/www.notebook.hu\/blog\/wp-content\/uploads\/2018\/07\/xbox-1602822_1280-300x200.jpg 300w, https:\/\/www.notebook.hu\/blog\/wp-content\/uploads\/2018\/07\/xbox-1602822_1280-768x512.jpg 768w, https:\/\/www.notebook.hu\/blog\/wp-content\/uploads\/2018\/07\/xbox-1602822_1280.jpg 1280w\" sizes=\"auto, (max-width: 618px) 100vw, 618px\" \/><\/a><\/p>\n","protected":false},"excerpt":{"rendered":"<p>Egy id\u0151r\u0151l-id\u0151re el\u0151ker\u00fcl\u0151 t\u00e9ma: \u00e1rtalmas-e a videoj\u00e1t\u00e9k az emberek sz\u00e1m\u00e1ra? Az biztos, hogy a t\u00falz\u00e1sba vitt j\u00e1t\u00e9kok okozta f\u00fcgg\u0151s\u00e9ggel foglalkozni kell, ez\u00e9rt az Eg\u00e9szs\u00e9g\u00fcgyi Vil\u00e1gszervezet m\u00e1r meg is tette a kezd\u0151 l\u00e9p\u00e9seket, hogy a szakemberek sz\u00e1m\u00e1ra is egyre nagyobb eszk\u00f6zt\u00e1rat tudjon ny\u00fajtani, a f\u00fcgg\u0151s\u00e9g legy\u0151z\u00e9s\u00e9ben. Az Eg\u00e9szs\u00e9g\u00fcgyi Vil\u00e1gszervezet (WHO) 11. alkalommal adta ki a betegs\u00e9gek &hellip;<\/p>\n","protected":false},"author":1,"featured_media":3178,"comment_status":"closed","ping_status":"open","sticky":false,"template":"","format":"standard","meta":{"_jetpack_memberships_contains_paid_content":false,"footnotes":""},"categories":[211],"tags":[413,229,411,414,176,412],"class_list":["post-3171","post","type-post","status-publish","format-standard","has-post-thumbnail","","category-tudomany","tag-betegseg","tag-fuggoseg","tag-icd","tag-mentalis-problema","tag-videojatek","tag-who"],"jetpack_featured_media_url":"https:\/\/www.notebook.hu\/blog\/wp-content\/uploads\/2018\/07\/children-593313_1280.jpg","jetpack_shortlink":"https:\/\/wp.me\/p9xSLL-P9","jetpack_sharing_enabled":true,"_links":{"self":[{"href":"https:\/\/www.notebook.hu\/blog\/wp-json\/wp\/v2\/posts\/3171","targetHints":{"allow":["GET"]}}],"collection":[{"href":"https:\/\/www.notebook.hu\/blog\/wp-json\/wp\/v2\/posts"}],"about":[{"href":"https:\/\/www.notebook.hu\/blog\/wp-json\/wp\/v2\/types\/post"}],"author":[{"embeddable":true,"href":"https:\/\/www.notebook.hu\/blog\/wp-json\/wp\/v2\/users\/1"}],"replies":[{"embeddable":true,"href":"https:\/\/www.notebook.hu\/blog\/wp-json\/wp\/v2\/comments?post=3171"}],"version-history":[{"count":3,"href":"https:\/\/www.notebook.hu\/blog\/wp-json\/wp\/v2\/posts\/3171\/revisions"}],"predecessor-version":[{"id":3180,"href":"https:\/\/www.notebook.hu\/blog\/wp-json\/wp\/v2\/posts\/3171\/revisions\/3180"}],"wp:featuredmedia":[{"embeddable":true,"href":"https:\/\/www.notebook.hu\/blog\/wp-json\/wp\/v2\/media\/3178"}],"wp:attachment":[{"href":"https:\/\/www.notebook.hu\/blog\/wp-json\/wp\/v2\/media?parent=3171"}],"wp:term":[{"taxonomy":"category","embeddable":true,"href":"https:\/\/www.notebook.hu\/blog\/wp-json\/wp\/v2\/categories?post=3171"},{"taxonomy":"post_tag","embeddable":true,"href":"https:\/\/www.notebook.hu\/blog\/wp-json\/wp\/v2\/tags?post=3171"}],"curies":[{"name":"wp","href":"https:\/\/api.w.org\/{rel}","templated":true}]}}