{"id":3136,"date":"2018-07-03T16:38:25","date_gmt":"2018-07-03T14:38:25","guid":{"rendered":"https:\/\/www.notebook.hu\/blog\/?p=3136"},"modified":"2018-07-03T16:38:25","modified_gmt":"2018-07-03T14:38:25","slug":"ujra-a-mikrofon-elott-hala-a-mesterseges-intelligencianak","status":"publish","type":"post","link":"https:\/\/www.notebook.hu\/blog\/ujra-a-mikrofon-elott-hala-a-mesterseges-intelligencianak\/","title":{"rendered":"\u00dajra a mikrofon el\u0151tt, h\u00e1la a mesters\u00e9ges intelligenci\u00e1nak!"},"content":{"rendered":"<p><a href=\"https:\/\/www.notebook.hu\/blog\/wp-content\/uploads\/2018\/06\/20180621_dupree.jpg\"><img loading=\"lazy\" decoding=\"async\" data-attachment-id=\"3138\" data-permalink=\"https:\/\/www.notebook.hu\/blog\/ujra-a-mikrofon-elott-hala-a-mesterseges-intelligencianak\/20180621_dupree\/\" data-orig-file=\"https:\/\/www.notebook.hu\/blog\/wp-content\/uploads\/2018\/06\/20180621_dupree.jpg\" data-orig-size=\"750,422\" data-comments-opened=\"0\" data-image-meta=\"{&quot;aperture&quot;:&quot;0&quot;,&quot;credit&quot;:&quot;&quot;,&quot;camera&quot;:&quot;&quot;,&quot;caption&quot;:&quot;&quot;,&quot;created_timestamp&quot;:&quot;0&quot;,&quot;copyright&quot;:&quot;&quot;,&quot;focal_length&quot;:&quot;0&quot;,&quot;iso&quot;:&quot;0&quot;,&quot;shutter_speed&quot;:&quot;0&quot;,&quot;title&quot;:&quot;&quot;,&quot;orientation&quot;:&quot;0&quot;}\" data-image-title=\"20180621_dupree\" data-image-description=\"\" data-image-caption=\"\" data-medium-file=\"https:\/\/www.notebook.hu\/blog\/wp-content\/uploads\/2018\/06\/20180621_dupree-300x169.jpg\" data-large-file=\"https:\/\/www.notebook.hu\/blog\/wp-content\/uploads\/2018\/06\/20180621_dupree.jpg\" class=\"alignnone wp-image-3138 size-full\" src=\"https:\/\/www.notebook.hu\/blog\/wp-content\/uploads\/2018\/06\/20180621_dupree.jpg\" alt=\"\" width=\"750\" height=\"422\" srcset=\"https:\/\/www.notebook.hu\/blog\/wp-content\/uploads\/2018\/06\/20180621_dupree.jpg 750w, https:\/\/www.notebook.hu\/blog\/wp-content\/uploads\/2018\/06\/20180621_dupree-300x169.jpg 300w\" sizes=\"auto, (max-width: 750px) 100vw, 750px\" \/><\/a><\/p>\n<p><strong>Kor\u00e1bban \u00edrtunk egy cikket arr\u00f3l, milyen m\u00f3don tudja befoly\u00e1solni a virtu\u00e1lis val\u00f3s\u00e1g technol\u00f3gi\u00e1ja az eg\u00e9szs\u00e9g\u00fcgyet. Mi a helyzet az informatika tov\u00e1bbi \u00e1gazataival? Nos, most egy olyan esetr\u0151l sz\u00e1molhatunk be, amikor a mesters\u00e9ges intelligencia hangot adott, egy megn\u00e9mult r\u00e1di\u00f3snak. <\/strong><\/p>\n<p>A Cox Media riportere Jamie Dupree borzalmas helyzetben tal\u00e1lta mag\u00e1t. Egy k\u00fcl\u00f6n\u00f6s idegrendszeri betegs\u00e9g k\u00f6vetkezt\u00e9ben \u201eelvesztette hangj\u00e1t\u201d, mivel a nyelve el\u0151reesik a sz\u00e1j\u00fcregbe \u00e9s a torka megfesz\u00fcl, valah\u00e1nyszor meg akar sz\u00f3lalni. Egy r\u00e1di\u00f3s karrier sz\u00e1m\u00e1ra v\u00e9gzetes lehet ez a betegs\u00e9g, Jamie munk\u00e1ltat\u00f3ja azonban nem adta fel. Az 54 \u00e9ves r\u00e1di\u00f3s els\u0151 k\u00f6rben \u00edr\u00e1sos interj\u00fakat k\u00e9sz\u00edtett, majd a technol\u00f3gi\u00e1nak h\u00e1la a mikrofon el\u00e9 is visszat\u00e9rhetett.<\/p>\n<p><a href=\"https:\/\/www.notebook.hu\/blog\/wp-content\/uploads\/2018\/06\/20180621_cereproc.jpg\"><img loading=\"lazy\" decoding=\"async\" data-attachment-id=\"3137\" data-permalink=\"https:\/\/www.notebook.hu\/blog\/ujra-a-mikrofon-elott-hala-a-mesterseges-intelligencianak\/20180621_cereproc\/\" data-orig-file=\"https:\/\/www.notebook.hu\/blog\/wp-content\/uploads\/2018\/06\/20180621_cereproc.jpg\" data-orig-size=\"1500,665\" data-comments-opened=\"0\" data-image-meta=\"{&quot;aperture&quot;:&quot;0&quot;,&quot;credit&quot;:&quot;&quot;,&quot;camera&quot;:&quot;&quot;,&quot;caption&quot;:&quot;&quot;,&quot;created_timestamp&quot;:&quot;0&quot;,&quot;copyright&quot;:&quot;&quot;,&quot;focal_length&quot;:&quot;0&quot;,&quot;iso&quot;:&quot;0&quot;,&quot;shutter_speed&quot;:&quot;0&quot;,&quot;title&quot;:&quot;&quot;,&quot;orientation&quot;:&quot;0&quot;}\" data-image-title=\"20180621_cereproc\" data-image-description=\"\" data-image-caption=\"\" data-medium-file=\"https:\/\/www.notebook.hu\/blog\/wp-content\/uploads\/2018\/06\/20180621_cereproc-300x133.jpg\" data-large-file=\"https:\/\/www.notebook.hu\/blog\/wp-content\/uploads\/2018\/06\/20180621_cereproc-1024x454.jpg\" class=\"alignnone size-large wp-image-3137\" src=\"https:\/\/www.notebook.hu\/blog\/wp-content\/uploads\/2018\/06\/20180621_cereproc-1024x454.jpg\" alt=\"\" width=\"618\" height=\"274\" srcset=\"https:\/\/www.notebook.hu\/blog\/wp-content\/uploads\/2018\/06\/20180621_cereproc-1024x454.jpg 1024w, https:\/\/www.notebook.hu\/blog\/wp-content\/uploads\/2018\/06\/20180621_cereproc-300x133.jpg 300w, https:\/\/www.notebook.hu\/blog\/wp-content\/uploads\/2018\/06\/20180621_cereproc-768x340.jpg 768w, https:\/\/www.notebook.hu\/blog\/wp-content\/uploads\/2018\/06\/20180621_cereproc.jpg 1500w\" sizes=\"auto, (max-width: 618px) 100vw, 618px\" \/><\/a><\/p>\n<p>Gondolatait az \u0151 \u201erobotiz\u00e1lt\u201d hangj\u00e1n hallhatj\u00e1k ez\u00fattal a hallgat\u00f3k, hiszen kor\u00e1bbi anyagaib\u00f3l a CereProc nev\u0171 c\u00e9g mesters\u00e9ges intelligenci\u00e1ja elk\u00e9sz\u00edtette Jamie hangj\u00e1nak m\u00e1s\u00e1t. A projekt l\u00e9nyege a k\u00f6vetkez\u0151: nagyj\u00e1b\u00f3l 185 ezer forintnak megfelel\u0151 \u00f6sszeg\u00e9rt a CereProc mesters\u00e9ges intelligenci\u00e1ja elk\u00e9sz\u00edti egy ember hangj\u00e1t, ha a felhaszn\u00e1l\u00f3 a c\u00e9g oldal\u00e1n r\u00f6gz\u00edti a hangj\u00e1t k\u00fcl\u00f6nb\u00f6z\u0151 sz\u00f6vegeket olvas\u00e1sa k\u00f6zben. Ezt az MI apr\u00f3 r\u00e9szeltekre bontja, majd k\u00fcl\u00f6nb\u00f6z\u0151 sz\u00f6vegk\u00f6rnyezetekben \u00e9s helyzetekben megpr\u00f3b\u00e1lja kik\u00f6vetkeztetni, hogy melyik hanglejt\u00e9st alkalmazn\u00e1 a hang tulajdonosa. T\u00f6rt\u00e9net\u00fcnk h\u0151s\u00e9vel \u201ek\u00f6nny\u0171 dolguk volt\u201d, hiszen rengeteg kor\u00e1bbi hanganyag \u00e1llt rendelkez\u00e9sre a r\u00e1di\u00f3s megsz\u00f3laltat\u00e1s\u00e1hoz. A r\u00e1di\u00f3s j\u00fanius 25-\u00e9n ker\u00fclt ism\u00e9t ad\u00e1sba, a kor\u00e1bban r\u00f3la k\u00e9sz\u00fclt r\u00f6vid anyagot pedig n\u00e9mi angol-tud\u00e1ssal felszerelt olvas\u00f3inknak aj\u00e1nljuk.<\/p>\n<p>A neur\u00e1lis h\u00e1l\u00f3, amit l\u00e9trehoz a g\u00e9p egyszerre zseni\u00e1lis, s b\u00edzzunk benne, hogy megmarad orvosi felhaszn\u00e1l\u00e1sra ez. Egyel\u0151re egy k\u00fcl\u00f6n eszk\u00f6z kell ahhoz, hogy Jamie megsz\u00f3lalhasson, hiszen egy g\u00e9pen szerepl\u0151 program k\u00e9sz\u00edti el a hangj\u00e1t, de a k\u00e9s\u0151bbiekben ak\u00e1r egy \u201eDeus Ex\u201d-be ill\u0151 implant\u00e1tum form\u00e1j\u00e1ban, a n\u00e9m\u00e1k sz\u00f3cs\u00f6vek\u00e9nt is szerepelhet egy, a CereProc-\u00e9hoz hasonl\u00f3 program.<br \/>\n<iframe loading=\"lazy\" src=\"https:\/\/www.youtube.com\/embed\/TEQBHKpo0pQ\" width=\"560\" height=\"315\" frameborder=\"0\" allowfullscreen=\"allowfullscreen\"><\/iframe><\/p>\n","protected":false},"excerpt":{"rendered":"<p>Kor\u00e1bban \u00edrtunk egy cikket arr\u00f3l, milyen m\u00f3don tudja befoly\u00e1solni a virtu\u00e1lis val\u00f3s\u00e1g technol\u00f3gi\u00e1ja az eg\u00e9szs\u00e9g\u00fcgyet. Mi a helyzet az informatika tov\u00e1bbi \u00e1gazataival? Nos, most egy olyan esetr\u0151l sz\u00e1molhatunk be, amikor a mesters\u00e9ges intelligencia hangot adott, egy megn\u00e9mult r\u00e1di\u00f3snak. A Cox Media riportere Jamie Dupree borzalmas helyzetben tal\u00e1lta mag\u00e1t. Egy k\u00fcl\u00f6n\u00f6s idegrendszeri betegs\u00e9g k\u00f6vetkezt\u00e9ben \u201eelvesztette hangj\u00e1t\u201d, &hellip;<\/p>\n","protected":false},"author":1,"featured_media":3137,"comment_status":"closed","ping_status":"open","sticky":false,"template":"","format":"standard","meta":{"_jetpack_memberships_contains_paid_content":false,"footnotes":""},"categories":[211],"tags":[399,402,400,177,403,401],"class_list":["post-3136","post","type-post","status-publish","format-standard","has-post-thumbnail","","category-tudomany","tag-cereproc","tag-hang","tag-jamie-dupree","tag-mesterseges-intelligencia","tag-mi","tag-radio"],"jetpack_featured_media_url":"https:\/\/www.notebook.hu\/blog\/wp-content\/uploads\/2018\/06\/20180621_cereproc.jpg","jetpack_shortlink":"https:\/\/wp.me\/p9xSLL-OA","jetpack_sharing_enabled":true,"_links":{"self":[{"href":"https:\/\/www.notebook.hu\/blog\/wp-json\/wp\/v2\/posts\/3136","targetHints":{"allow":["GET"]}}],"collection":[{"href":"https:\/\/www.notebook.hu\/blog\/wp-json\/wp\/v2\/posts"}],"about":[{"href":"https:\/\/www.notebook.hu\/blog\/wp-json\/wp\/v2\/types\/post"}],"author":[{"embeddable":true,"href":"https:\/\/www.notebook.hu\/blog\/wp-json\/wp\/v2\/users\/1"}],"replies":[{"embeddable":true,"href":"https:\/\/www.notebook.hu\/blog\/wp-json\/wp\/v2\/comments?post=3136"}],"version-history":[{"count":3,"href":"https:\/\/www.notebook.hu\/blog\/wp-json\/wp\/v2\/posts\/3136\/revisions"}],"predecessor-version":[{"id":3185,"href":"https:\/\/www.notebook.hu\/blog\/wp-json\/wp\/v2\/posts\/3136\/revisions\/3185"}],"wp:featuredmedia":[{"embeddable":true,"href":"https:\/\/www.notebook.hu\/blog\/wp-json\/wp\/v2\/media\/3137"}],"wp:attachment":[{"href":"https:\/\/www.notebook.hu\/blog\/wp-json\/wp\/v2\/media?parent=3136"}],"wp:term":[{"taxonomy":"category","embeddable":true,"href":"https:\/\/www.notebook.hu\/blog\/wp-json\/wp\/v2\/categories?post=3136"},{"taxonomy":"post_tag","embeddable":true,"href":"https:\/\/www.notebook.hu\/blog\/wp-json\/wp\/v2\/tags?post=3136"}],"curies":[{"name":"wp","href":"https:\/\/api.w.org\/{rel}","templated":true}]}}