{"id":3057,"date":"2018-06-21T09:35:42","date_gmt":"2018-06-21T07:35:42","guid":{"rendered":"https:\/\/www.notebook.hu\/blog\/?p=3057"},"modified":"2018-06-21T09:35:42","modified_gmt":"2018-06-21T07:35:42","slug":"jon-az-usb-3-2-adatkuldes-villamsebesen","status":"publish","type":"post","link":"https:\/\/www.notebook.hu\/blog\/jon-az-usb-3-2-adatkuldes-villamsebesen\/","title":{"rendered":"J\u00f6n az USB 3.2! | Adatk\u00fcld\u00e9s vill\u00e1msebesen!"},"content":{"rendered":"<p><a href=\"https:\/\/www.notebook.hu\/blog\/wp-content\/uploads\/2018\/06\/retro-futurist-usb-hd-wallpaper.jpg\"><img loading=\"lazy\" decoding=\"async\" data-attachment-id=\"3058\" data-permalink=\"https:\/\/www.notebook.hu\/blog\/jon-az-usb-3-2-adatkuldes-villamsebesen\/retro-futurist-usb-hd-wallpaper\/\" data-orig-file=\"https:\/\/www.notebook.hu\/blog\/wp-content\/uploads\/2018\/06\/retro-futurist-usb-hd-wallpaper.jpg\" data-orig-size=\"1600,900\" data-comments-opened=\"0\" data-image-meta=\"{&quot;aperture&quot;:&quot;0&quot;,&quot;credit&quot;:&quot;&quot;,&quot;camera&quot;:&quot;&quot;,&quot;caption&quot;:&quot;&quot;,&quot;created_timestamp&quot;:&quot;0&quot;,&quot;copyright&quot;:&quot;&quot;,&quot;focal_length&quot;:&quot;0&quot;,&quot;iso&quot;:&quot;0&quot;,&quot;shutter_speed&quot;:&quot;0&quot;,&quot;title&quot;:&quot;&quot;,&quot;orientation&quot;:&quot;0&quot;}\" data-image-title=\"retro-futurist-usb-hd-wallpaper\" data-image-description=\"\" data-image-caption=\"\" data-medium-file=\"https:\/\/www.notebook.hu\/blog\/wp-content\/uploads\/2018\/06\/retro-futurist-usb-hd-wallpaper-300x169.jpg\" data-large-file=\"https:\/\/www.notebook.hu\/blog\/wp-content\/uploads\/2018\/06\/retro-futurist-usb-hd-wallpaper-1024x576.jpg\" class=\"alignnone size-large wp-image-3058\" src=\"https:\/\/www.notebook.hu\/blog\/wp-content\/uploads\/2018\/06\/retro-futurist-usb-hd-wallpaper-1024x576.jpg\" alt=\"\" width=\"618\" height=\"348\" srcset=\"https:\/\/www.notebook.hu\/blog\/wp-content\/uploads\/2018\/06\/retro-futurist-usb-hd-wallpaper-1024x576.jpg 1024w, https:\/\/www.notebook.hu\/blog\/wp-content\/uploads\/2018\/06\/retro-futurist-usb-hd-wallpaper-300x169.jpg 300w, https:\/\/www.notebook.hu\/blog\/wp-content\/uploads\/2018\/06\/retro-futurist-usb-hd-wallpaper-768x432.jpg 768w, https:\/\/www.notebook.hu\/blog\/wp-content\/uploads\/2018\/06\/retro-futurist-usb-hd-wallpaper.jpg 1600w\" sizes=\"auto, (max-width: 618px) 100vw, 618px\" \/><\/a><br \/>\n<strong>2017 \u0151sz\u00e9n v\u00e9gleges\u00edt\u00e9sre ker\u00fcltek a 3.2-es USB szabv\u00e1ny specifik\u00e1ci\u00f3i. Ugyan a jelen alaplapja m\u00e9g az el\u0151z\u0151 v\u00e1ltozattal is hadban \u00e1llnak, azaz a 10 Gbps-os USB 3.1 Gen 2-vel, a piac sz\u00e9pen halad el\u0151re \u00e9s tervezi m\u00e1r a k\u00f6vetkez\u0151 l\u00e9p\u00e9st is. <\/strong><\/p>\n<p>Az \u00faj rendszer m\u0171k\u00f6d\u00e9s\u00e9r\u0151l r\u00f6viden: ez a kialak\u00edt\u00e1s egy s\u00e1v helyett kett\u0151t alkalmaz, \u00edgy az adott eszk\u00f6z vagy vez\u00e9rl\u0151 \u00e1ltal t\u00e1mogatott SuperSpeed m\u00f3dban k\u00e9t 5, vagy k\u00e9t 10 Gbps-os kapcsolat \u00e9p\u00edthet\u0151 ki. Ez 20 Gbps-ra n\u00f6veli a legjobb konfigur\u00e1ci\u00f3val el\u00e9rhet\u0151 \u00e1tviteli teljes\u00edtm\u00e9nyt, amib\u0151l maximum 2 GB\/s-os adat\u00e1tviteli temp\u00f3 hozhat\u00f3 \u00f6ssze. \u00daj k\u00e1belekre nem lesz sz\u00fcks\u00e9g, mert az USB Type-C SuperSpeed k\u00e1beleket eredetileg is erre a kialak\u00edt\u00e1sra tervezt\u00e9k, \u00edgy ezek teljes m\u00e9rt\u00e9kben t\u00e1mogatj\u00e1k az \u00faj USB 3.2-es szabv\u00e1nyt, ami term\u00e9szetesen visszafel\u00e9 is kompatibilis a kor\u00e1bbi specifik\u00e1ci\u00f3kkal.<\/p>\n<p><iframe loading=\"lazy\" src=\"https:\/\/www.youtube.com\/embed\/WPUvHeq_Sgs\" width=\"560\" height=\"315\" frameborder=\"0\" allowfullscreen=\"allowfullscreen\"><\/iframe><\/p>\n<p>Egy m\u00e1jusi vide\u00f3ban meg is mutatt\u00e1k nek\u00fcnk, hogyan m\u0171k\u00f6dik majd a 3.2-es rendszer. Eric Huang \u00e9s Gervais Fong egy Windows 10-et futtat\u00f3 eszk\u00f6z \u00e9s egy Linuxot haszn\u00e1l\u00f3 PC-t \u00e1ll\u00edtottak p\u00e1rba, amiben FPGA gondoskodott a kezdetleges implement\u00e1ci\u00f3r\u00f3l. Ennek a t\u00e1rol\u00f3 rendszere k\u00e9pes volt az adatok 2 GB\/s-os \u00edr\u00e1s\u00e1ra \u00e9s olvas\u00e1s\u00e1ra. Az USB 3.2 sebess\u00e9geit a technikusok s\u00e1vegyes\u00edt\u00e9ssel (lane bonding) \u00e9rt\u00e9k el, minek sor\u00e1n gyakorlatilag k\u00e9t 10 Gbps-os s\u00e1vot kapcsoltak \u00f6ssze, amihez egy szimpla Belkin USB 3.1 Type-C-s k\u00e1belt haszn\u00e1ltak. A demonstr\u00e1ci\u00f3 term\u00e9szetesen m\u00e9g csak protot\u00edpus f\u00e1zisban leledzik, felhaszn\u00e1l\u00f3i fronton a szabv\u00e1ny m\u00e9g 2019-ig v\u00e1rat mag\u00e1ra.<\/p>\n<p>Az USB 3.2 elterjed\u00e9s\u00e9b\u0151l els\u0151sorban a hordozhat\u00f3 SSD-h\u00e1tt\u00e9rt\u00e1rol\u00f3k, esetleg a k\u00fcls\u0151 videok\u00e1rty\u00e1k, illetve ezek haszn\u00e1l\u00f3i profit\u00e1lhatnak majd, hiszen a sz\u00f3ban forg\u00f3 eszk\u00f6z\u00f6k ak\u00e1r teljes m\u00e9rt\u00e9kben is k\u00e9pesek lehetnek majd az \u00faj szabv\u00e1ny sebess\u00e9gt\u00f6bblet\u00e9nek kiakn\u00e1z\u00e1s\u00e1ra.<\/p>\n<p>Forr\u00e1s:<\/p>\n<p><a href=\"https:\/\/prohardver.hu\/hir\/synopsis_bemutatta_vilag_elso_usb_3_2_demo.html\">https:\/\/prohardver.hu\/hir\/synopsis_bemutatta_vilag_elso_usb_3_2_demo.html<\/a><\/p>\n<p><a href=\"https:\/\/pcforum.hu\/hirek\/20547\/demoztak-a-brutalisan-gyorsra-sikeredett-usb-3-2-szabvanyt\">https:\/\/pcforum.hu\/hirek\/20547\/demoztak-a-brutalisan-gyorsra-sikeredett-usb-3-2-szabvanyt<\/a><\/p>\n<p>&nbsp;<\/p>\n","protected":false},"excerpt":{"rendered":"<p>2017 \u0151sz\u00e9n v\u00e9gleges\u00edt\u00e9sre ker\u00fcltek a 3.2-es USB szabv\u00e1ny specifik\u00e1ci\u00f3i. Ugyan a jelen alaplapja m\u00e9g az el\u0151z\u0151 v\u00e1ltozattal is hadban \u00e1llnak, azaz a 10 Gbps-os USB 3.1 Gen 2-vel, a piac sz\u00e9pen halad el\u0151re \u00e9s tervezi m\u00e1r a k\u00f6vetkez\u0151 l\u00e9p\u00e9st is. Az \u00faj rendszer m\u0171k\u00f6d\u00e9s\u00e9r\u0151l r\u00f6viden: ez a kialak\u00edt\u00e1s egy s\u00e1v helyett kett\u0151t alkalmaz, \u00edgy az &hellip;<\/p>\n","protected":false},"author":1,"featured_media":3058,"comment_status":"closed","ping_status":"open","sticky":false,"template":"","format":"standard","meta":{"_jetpack_memberships_contains_paid_content":false,"footnotes":""},"categories":[211],"tags":[255,378],"class_list":["post-3057","post","type-post","status-publish","format-standard","has-post-thumbnail","","category-tudomany","tag-usb","tag-usb-3-2"],"jetpack_featured_media_url":"https:\/\/www.notebook.hu\/blog\/wp-content\/uploads\/2018\/06\/retro-futurist-usb-hd-wallpaper.jpg","jetpack_shortlink":"https:\/\/wp.me\/p9xSLL-Nj","jetpack_sharing_enabled":true,"_links":{"self":[{"href":"https:\/\/www.notebook.hu\/blog\/wp-json\/wp\/v2\/posts\/3057","targetHints":{"allow":["GET"]}}],"collection":[{"href":"https:\/\/www.notebook.hu\/blog\/wp-json\/wp\/v2\/posts"}],"about":[{"href":"https:\/\/www.notebook.hu\/blog\/wp-json\/wp\/v2\/types\/post"}],"author":[{"embeddable":true,"href":"https:\/\/www.notebook.hu\/blog\/wp-json\/wp\/v2\/users\/1"}],"replies":[{"embeddable":true,"href":"https:\/\/www.notebook.hu\/blog\/wp-json\/wp\/v2\/comments?post=3057"}],"version-history":[{"count":1,"href":"https:\/\/www.notebook.hu\/blog\/wp-json\/wp\/v2\/posts\/3057\/revisions"}],"predecessor-version":[{"id":3059,"href":"https:\/\/www.notebook.hu\/blog\/wp-json\/wp\/v2\/posts\/3057\/revisions\/3059"}],"wp:featuredmedia":[{"embeddable":true,"href":"https:\/\/www.notebook.hu\/blog\/wp-json\/wp\/v2\/media\/3058"}],"wp:attachment":[{"href":"https:\/\/www.notebook.hu\/blog\/wp-json\/wp\/v2\/media?parent=3057"}],"wp:term":[{"taxonomy":"category","embeddable":true,"href":"https:\/\/www.notebook.hu\/blog\/wp-json\/wp\/v2\/categories?post=3057"},{"taxonomy":"post_tag","embeddable":true,"href":"https:\/\/www.notebook.hu\/blog\/wp-json\/wp\/v2\/tags?post=3057"}],"curies":[{"name":"wp","href":"https:\/\/api.w.org\/{rel}","templated":true}]}}