{"id":2976,"date":"2018-05-17T14:42:22","date_gmt":"2018-05-17T12:42:22","guid":{"rendered":"https:\/\/www.notebook.hu\/blog\/?p=2976"},"modified":"2018-07-31T10:47:50","modified_gmt":"2018-07-31T08:47:50","slug":"microsoft-surface-pro-teszt","status":"publish","type":"post","link":"https:\/\/www.notebook.hu\/blog\/microsoft-surface-pro-teszt\/","title":{"rendered":"Microsoft Surface Pro Teszt | Tablet luxuskivitelben"},"content":{"rendered":"<p><a href=\"https:\/\/www.notebook.hu\/blog\/wp-content\/uploads\/2018\/05\/microsoftsurfacepro.png\"><img decoding=\"async\" src=\"https:\/\/www.notebook.hu\/blog\/wp-content\/uploads\/2018\/05\/microsoftsurfacepro-1024x536.png\" alt=\"\" width=\"412\" \/><\/a><\/p>\n<p><strong>Mire sz\u00e1m\u00edthat az ember egy 2-in-1 g\u00e9pt\u0151l? Tulajdonk\u00e9ppen egy notebookra, ami k\u00f6zben elhagyta a billenty\u0171zet\u00e9t. Teljes\u00edtm\u00e9nyben ugyanis arra sz\u00e1m\u00edthatunk, ami egy office-multim\u00e9dia notebookt\u00f3l elv\u00e1rhat\u00f3, csak egy m\u00e9retesebb tablet form\u00e1j\u00e1ban. M\u00e9gis mire k\u00e9pes egy ilyen \u201et\u00fainv\u00e1n\u201d, ami egyenesen a Microsoft boszork\u00e1nykonyh\u00e1j\u00e1b\u00f3l \u00e9rkezik? A Microsoft Surface Pro tesztb\u0151l kider\u00fcl!<\/strong><\/p>\n<p><strong>K\u00fcls\u0151 \u00e9s eszk\u00f6zt\u00e1r: Tablett\u00e1s notebook<\/strong><\/p>\n<p>Pr\u00e9mium \u00e9rzet. Ennyi, \u00f6sszefoglaltam a k\u00fcls\u0151t. Az okos eszk\u00f6z\u00f6k, amik m\u00e1r a k\u00fclsej\u00fckkel meg akarj\u00e1k gy\u0151zni a potenci\u00e1lis v\u00e1s\u00e1rl\u00f3t, ak\u00e1r egy k\u00fcl\u00f6nleges sz\u00ednhaszn\u00e1lattal, ak\u00e1r \u00fajszer\u0171 form\u00e1kkal, vagy min\u0151s\u00e9gi anyaghaszn\u00e1lattal. A Microsoft Surface Pro eset\u00e9ben a fels\u0151 kateg\u00f3ri\u00e1s megjelen\u00e9s volt a c\u00e9l. Szemb\u0151l n\u00e9zve nincs t\u00faltolva a dolog, kicsit tal\u00e1n vastagnak is hathat a k\u00e1va (nekem valahol a vastag \u00e9s a \u201epont el\u00e9g\u201d k\u00f6zt egyens\u00falyozik), de a h\u00e1z tov\u00e1bbi r\u00e9sz\u00e9nek a kidolgoz\u00e1s\u00e1r\u00f3l s\u00fct a min\u0151s\u00e9g. Kellemes tapint\u00e1s\u00fa, sz\u00e9p formatervvel, felesleges man\u00edrok n\u00e9lk\u00fcl kaptuk meg a g\u00e9pet. A f\u00e9mes h\u00e1z h\u00e1tlapj\u00e1n kihajthat\u00f3 t\u00e1masz kell\u0151en stabilan tartja az eszk\u00f6zt ahhoz, hogy r\u00e1 merj\u00fck b\u00edzni ezt a feladatot, noha els\u0151 pillant\u00e1sra egy kicsit v\u00e9konyk\u00e1nak t\u0171nik az elem. A t\u00e1maszt\u00f3 fel\u00fcletet 160\u00b0-ig hajthatjuk ki, \u00edgy standard monitor\/tablet-szer\u0171 \u00e1ll\u00e1sb\u00f3l, rajzt\u00e1bl\u00e1knak megfelel\u0151 sz\u00f6gig d\u00f6nthetj\u00fck a Surface-t. Egy el\u00e9g massz\u00edv zsan\u00e9rt kaptunk, ennek h\u00e1la nem fog nyekleni-nyaklani az asztalunkon az eszk\u00f6z.\u00a0 A f\u00e9mh\u00e1z nem csak j\u00f3l n\u00e9z ki, hanem egy tablethez viszony\u00edtva, valamivel t\u00f6bb lehet\u0151s\u00e9get biztos\u00edt. Micro USB helyett egy mini display, valamint egy standard m\u00e9ret\u0171 USB 3.0-\u00e1st kapunk, valamint egy 3.5-\u00f6s jack csatlakoz\u00f3t \u00e9s microSD k\u00e1rtyaolvas\u00f3t. Szokatlan k\u00e9p, amikor a pendriveomat egy tabletbe dugva l\u00e1tom, de ezekn\u00e9l a pillanatokn\u00e1l valahogy eml\u00e9keztettem magam, hogy egy notebookr\u00f3l k\u00e9sz\u00fcl a teszt, aminek a billenty\u0171zet\u00e9t egy m\u00e1sik dobozban kell keresni. A g\u00e9p fels\u0151 oldal\u00e1n megvan a power gomb, valamint a hanger\u0151szab\u00e1lyz\u00e1s, a hajt\u00f3k\u00e1khoz tervezett m\u00e9lyed\u00e9s mellett pedig a jobb oldalra megkaptuk a t\u00f6lt\u0151 dugasz\u00e1t. A m\u00e1gneses csatlakoz\u00e1snak k\u00f6sz\u00f6nhet\u0151en \u00fagy pattan r\u00e1 a t\u00f6lt\u0151 v\u00e9ge a Surface oldal\u00e1ra, mint di\u00e9t\u00e1z\u00f3 Alien Facehugger, Ripley mellkas\u00e1ra. A kijelz\u0151 fel\u00e9, valamint a h\u00e1tlapra is jutott egy-egy FullHD vide\u00f3 r\u00f6gz\u00edt\u00e9s\u00e9re k\u00e9pes kamera, el\u0151bbi 5MP-es, m\u00edg ut\u00f3bbi 10MP-s. Ez nagyj\u00e1b\u00f3l arra elegend\u0151, amennyire egy 12 colos tablettel fot\u00f3zni akarunk. Az el\u0151lapi kamera t\u00f6k\u00e9letesen megfelel a telekommunik\u00e1ci\u00f3s k\u00f6vetelm\u00e9nyeknek, a h\u00e1tlapi pedig megfelel\u0151 ahhoz, hogy ha gyorsan valamir\u0151l kell egy fot\u00f3 a g\u00e9p mell\u0151l, akkor felkapjuk a Surface-t, kattintunk egyet, \u00e9s szevasz-tavasz.<\/p>\n<p><em>Megn\u00e9zn\u00e9l egy vide\u00f3s tesztet is a Microsoft Surface Pro-r\u00f3l? Ne tartsd vissza a kattint\u00e1sodat a lej\u00e1tsz\u00e1s gombt\u00f3l!<\/em><\/p>\n<p><iframe loading=\"lazy\" src=\"https:\/\/www.youtube.com\/embed\/6njVXsAFtjc\" width=\"560\" height=\"315\" frameborder=\"0\" allowfullscreen=\"allowfullscreen\"><\/iframe><br \/>\nA kijelz\u0151 egy 12.3 inches, Multi-Touch, 2736 x 1824-es felbont\u00e1s\u00fa, 3:2-es k\u00e9par\u00e1ny\u00fa, PixelSense panel. K\u00e9pmin\u0151s\u00e9g, f\u00e9nyer\u0151 \u00e9s sz\u00ednek tekintet\u00e9ben nem lehet panaszunk a Surface-re, a 267 PPI-es pixels\u0171r\u0171s\u00e9g sz\u00e1m-szer\u0171en a 3:2 k\u00e9par\u00e1ny\u00fa eszk\u00f6z\u00f6kn\u00e9l teljesen j\u00f3, s ez nem csak a statisztik\u00e1ban j\u00f6n ki, de a k\u00e9pre n\u00e9zve is. A klasszikus tabletes \u201evide\u00f3kat n\u00e9zeget\u00fcnk rajta, meg sz\u00f6rf\u00f6lget\u00fcnk a neten\u201d feladatokhoz teljesen megfelel\u0151, de komolyabb grafikai munk\u00e1kat is nyugodt sz\u00edvvel v\u00e9gezhet\u00fcnk rajta. Megfelel\u0151 programokkal, rendk\u00edv\u00fcl hasznos t\u00e1rsa lehet egy grafikusnak, esetleg k\u00e9pz\u0151m\u0171v\u00e9sznek, tervez\u0151nek.<\/p>\n<p><a href=\"https:\/\/www.notebook.hu\/blog\/wp-content\/uploads\/2018\/05\/microsoftsurface_tab.jpg\"><img loading=\"lazy\" decoding=\"async\" data-attachment-id=\"2984\" data-permalink=\"https:\/\/www.notebook.hu\/blog\/microsoft-surface-pro-teszt\/microsoftsurface_tab\/\" data-orig-file=\"https:\/\/www.notebook.hu\/blog\/wp-content\/uploads\/2018\/05\/microsoftsurface_tab.jpg\" data-orig-size=\"4608,3072\" data-comments-opened=\"0\" data-image-meta=\"{&quot;aperture&quot;:&quot;4.5&quot;,&quot;credit&quot;:&quot;&quot;,&quot;camera&quot;:&quot;NIKON D3100&quot;,&quot;caption&quot;:&quot;&quot;,&quot;created_timestamp&quot;:&quot;1523331981&quot;,&quot;copyright&quot;:&quot;&quot;,&quot;focal_length&quot;:&quot;20&quot;,&quot;iso&quot;:&quot;400&quot;,&quot;shutter_speed&quot;:&quot;0.0125&quot;,&quot;title&quot;:&quot;&quot;,&quot;orientation&quot;:&quot;1&quot;}\" data-image-title=\"microsoftsurface_tab\" data-image-description=\"\" data-image-caption=\"\" data-medium-file=\"https:\/\/www.notebook.hu\/blog\/wp-content\/uploads\/2018\/05\/microsoftsurface_tab-300x200.jpg\" data-large-file=\"https:\/\/www.notebook.hu\/blog\/wp-content\/uploads\/2018\/05\/microsoftsurface_tab-1024x683.jpg\" class=\"alignnone size-large wp-image-2984\" src=\"https:\/\/www.notebook.hu\/blog\/wp-content\/uploads\/2018\/05\/microsoftsurface_tab-1024x683.jpg\" alt=\"\" width=\"618\" height=\"412\" srcset=\"https:\/\/www.notebook.hu\/blog\/wp-content\/uploads\/2018\/05\/microsoftsurface_tab-1024x683.jpg 1024w, https:\/\/www.notebook.hu\/blog\/wp-content\/uploads\/2018\/05\/microsoftsurface_tab-300x200.jpg 300w, https:\/\/www.notebook.hu\/blog\/wp-content\/uploads\/2018\/05\/microsoftsurface_tab-768x512.jpg 768w\" sizes=\"auto, (max-width: 618px) 100vw, 618px\" \/><\/a><\/p>\n<p><strong>\u00a0<\/strong><strong>Teljes\u00edtm\u00e9ny: Multim\u00e9dia-szf\u00e9ra<\/strong><\/p>\n<p>A Surface, valamint a hozz\u00e1 hasonl\u00f3 2in1 g\u00e9pek eset\u00e9ben egy office\/multim\u00e9di\u00e1s vasat szoktak egy tabletbe s\u0171r\u00edteni a legt\u00f6bb esetben. Ez\u00e1ltal a technol\u00f3gia, ami egy notebookk\u00e1 var\u00e1zsolhat\u00f3 tabletet hoz el nek\u00fcnk, jelent\u0151s r\u00e9szben vesz r\u00e9szt az \u00e1raz\u00e1sban. Az Intel\u00ae Core&#x2122; i5-7300U-s processzora k\u00e9t maggal dolgozik, 2.60 \u00e9s 3.50 GHz k\u00f6z\u00f6tti teljes\u00edtm\u00e9nyre k\u00e9pes. Ez teljesen v\u00e1llalhat\u00f3 teljes\u00edtm\u00e9nyt produk\u00e1l (az el\u0151z\u0151 Surface-hez k\u00e9pest 2.5x-es teljes\u00edtm\u00e9nyjavul\u00e1st \u00edg\u00e9rt a Microsoft), s b\u00e1r j\u00e1t\u00e9kra nem mondan\u00e1m a legide\u00e1lisabbnak, l\u00e9v\u00e9n csak az integr\u00e1lt HD Graphics 620-ast haszn\u00e1lja, \u00edgy is hozza a multim\u00e9di\u00e1s g\u00e9pekt\u0151l elv\u00e1rt tud\u00e1st. Kipr\u00f3b\u00e1ltam rajta a legut\u00f3bbi Lenovo 720S-n\u00e9l is futtatott 3DMark SkyDiver tesztj\u00e9t, \u00e9s a Surface az eml\u00edtett notebook\u00e9hoz hasonl\u00f3 eredm\u00e9nyt produk\u00e1lt. Nem is ez lenne a legide\u00e1lisabb eszk\u00f6z a j\u00e1t\u00e9kra, de egy Dota 2, Heartstone, vagy alacsonyabb be\u00e1ll\u00edt\u00e1sokon a Fortnite, (nagyon bev\u00e1llal\u00f3san egy kor\u00e1bbi FIFA, szint\u00e9n alacsonyabb be\u00e1ll\u00edt\u00e1son) m\u00e9g az\u00e9rt elfutna rajta. 8GB DDR3L-es mem\u00f3ri\u00e1val is meg\u00e1ldottak minket, ami a c\u00e9lk\u00f6z\u00f6ns\u00e9gnek (white collar munk\u00e1k, designer feladatok \u2013 b\u00e1r ut\u00f3bbihoz jobb lenne a 16) eg\u00e9sz j\u00f3l lett bel\u0151ve. Az ehhez sz\u00fcks\u00e9ges energiaell\u00e1t\u00e1st egy 42Wh-s akkumul\u00e1tor oldja meg, aminek 13 \u00e9s f\u00e9l \u00f3r\u00e1nyi vide\u00f3n\u00e9zeget\u00e9si id\u0151t j\u00f3soltak a Microsoftn\u00e1l. Nos, ilyen jelleg\u0171 teszttel nem pr\u00f3b\u00e1lkoztunk, viszont akt\u00edvabb haszn\u00e1lat mellett a Surface Pro 3 \u00e9s f\u00e9l, 4 \u00f3r\u00e1nyi \u00fczemid\u0151t tudott fixen produk\u00e1lni. Utaz\u00e1shoz teh\u00e1t ide\u00e1lis, h\u00e9tk\u00f6znapi haszn\u00e1latn\u00e1l pedig a m\u0171szak fel\u00e9t t\u00f6lt\u0151n elt\u00f6lti majd. A t\u00f6lt\u00e9si id\u0151, ha m\u00e1r a sz\u00f3 el\u0151j\u00f6tt, nagyj\u00e1b\u00f3l k\u00e9t \u00f3ra, am\u00edg teljesen felt\u00f6lt\u0151dik a vas energi\u00e1val.<\/p>\n<p><a href=\"https:\/\/www.notebook.hu\/blog\/wp-content\/uploads\/2018\/05\/microsoftsurface_tablet.jpg\"><img loading=\"lazy\" decoding=\"async\" data-attachment-id=\"2985\" data-permalink=\"https:\/\/www.notebook.hu\/blog\/microsoft-surface-pro-teszt\/microsoftsurface_tablet\/\" data-orig-file=\"https:\/\/www.notebook.hu\/blog\/wp-content\/uploads\/2018\/05\/microsoftsurface_tablet.jpg\" data-orig-size=\"4080,2848\" data-comments-opened=\"0\" data-image-meta=\"{&quot;aperture&quot;:&quot;4&quot;,&quot;credit&quot;:&quot;&quot;,&quot;camera&quot;:&quot;NIKON D3100&quot;,&quot;caption&quot;:&quot;&quot;,&quot;created_timestamp&quot;:&quot;1523332049&quot;,&quot;copyright&quot;:&quot;&quot;,&quot;focal_length&quot;:&quot;26&quot;,&quot;iso&quot;:&quot;400&quot;,&quot;shutter_speed&quot;:&quot;0.016666666666667&quot;,&quot;title&quot;:&quot;&quot;,&quot;orientation&quot;:&quot;1&quot;}\" data-image-title=\"microsoftsurface_tablet\" data-image-description=\"\" data-image-caption=\"\" data-medium-file=\"https:\/\/www.notebook.hu\/blog\/wp-content\/uploads\/2018\/05\/microsoftsurface_tablet-300x209.jpg\" data-large-file=\"https:\/\/www.notebook.hu\/blog\/wp-content\/uploads\/2018\/05\/microsoftsurface_tablet-1024x715.jpg\" class=\"alignnone size-large wp-image-2985\" src=\"https:\/\/www.notebook.hu\/blog\/wp-content\/uploads\/2018\/05\/microsoftsurface_tablet-1024x715.jpg\" alt=\"\" width=\"618\" height=\"432\" srcset=\"https:\/\/www.notebook.hu\/blog\/wp-content\/uploads\/2018\/05\/microsoftsurface_tablet-1024x715.jpg 1024w, https:\/\/www.notebook.hu\/blog\/wp-content\/uploads\/2018\/05\/microsoftsurface_tablet-300x209.jpg 300w, https:\/\/www.notebook.hu\/blog\/wp-content\/uploads\/2018\/05\/microsoftsurface_tablet-768x536.jpg 768w\" sizes=\"auto, (max-width: 618px) 100vw, 618px\" \/><\/a><\/p>\n<p><strong>Kieg\u00e9sz\u00edt\u0151k: Az \u00f6rd\u00f6g a r\u00e9szeltekben lakozik<\/strong><\/p>\n<p>A Surface Prohoz k\u00e9t f\u00e9le kieg\u00e9sz\u00edt\u0151t siker\u00fclt megkapnom, egy Surface Penna-t, valamint az Alcantara billenty\u0171zetet (pont a leg\u00e9rdekesebbnek t\u0171n\u0151 Surface Dial maradt ki, amit a k\u00e9perny\u0151re t\u00e9ve jobbra-balra tudunk forgatni, ezzel p\u00e9ld\u00e1ul a sz\u00ednt\u00e1rcs\u00e1n tudunk gyorsabban keresni, a k\u00e9peket elforgatni, esetleg vide\u00f3 k\u00e9sz\u00edt\u00e9sn\u00e9l a nyersanyagban tekergethet\u00fcnk). Kezdj\u00fck a tollal, ami az 1776-os modell. \u00c9n a fekete v\u00e1ltozatot kaptam meg, ami egyszer\u0171, de nagyszer\u0171, ak\u00e1rcsak mag\u00e1nak a tollnak a formaterve. A kis eszk\u00f6z alig 20 gramm, \u00e9s m\u00e9reteit tekintve megegyezik egy \u00e1tlagos goly\u00f3stollal, m\u00e9gis bele tudtak szor\u00edtani egy \u00e9rz\u00e9kel\u0151t, ami 4,096 fokozat\u00fa nyom\u00e1sk\u00fcl\u00f6nbs\u00e9get k\u00e9pes \u00e9rz\u00e9kelni, \u00edgy ak\u00e1r nagyon finom vonalakkal \u00e9s halv\u00e1ny \u201eceruzavon\u00e1sokkal\u201d is oper\u00e1lhatunk. K\u00e9t gombot kaptunk r\u00e1, egyet a kijel\u00f6l\u0151 gombnak (ezt megnyomva c\u00edmsorokat jel\u00f6lhet\u00fcnk ki, rajzolt elemeket foghatunk meg egyben), valamint egy szem\u00e9lyre szabhat\u00f3 \u201ef\u0151 gombot\u201d, ami a standard tollak bekapcsol\u00f3 gombj\u00e1nak hely\u00e9n tal\u00e1lhat\u00f3. Ut\u00f3bbin\u00e1l megadhatjuk, hogy a kattint\u00e1sra el\u0151j\u00f6jj\u00f6n a kedvenc szerkeszt\u0151programunk, office alkalmaz\u00e1s, vagy egy csodaszarvas\u2026na j\u00f3, ez tal\u00e1n nem. A Microsoft egy csom\u00f3 appot felaj\u00e1nl, kezdve az Office-programokat, a Photoshopot, vagy az Artbookot, ahol \u00e9rdemes k\u00e9zbe venni a Pent. El\u0151bbin\u00e9l a jegyzetel\u00e9st seg\u00edti a kis eszk\u00f6z, megjegyz\u00e9sek-firk\u00e1k-kieg\u00e9sz\u00edt\u00e9sek-kiemel\u00e9sek sor\u00e1val, a m\u0171v\u00e9szibb v\u00e9n\u00e1n\u00e1l pedig az egyedi grafik\u00e1k l\u00e9trehoz\u00e1sa, kieg\u00e9sz\u00edt\u00e9se, vagy sz\u00e9p\u00edtget\u00e9se lehet a f\u0151 feladata. Nem vagyok pr\u00f3 grafikus, de h\u00e9tk\u00f6znapi felhaszn\u00e1l\u00f3k\u00e9nt is t\u00f6k j\u00f3l el tudtam sz\u00f3rakozni (egy \u00f3vod\u00e1s kapacit\u00e1saival) a Penna \u00e1ltal adott lehet\u0151s\u00e9gekkel. A sz\u00f6vegszerkeszt\u0151ben, a One Noteban, valamint a PowerPointban is remek\u00fcl haszn\u00e1lhat\u00f3, \u00edgy aki \u00e9ppens\u00e9ggel nem tudja el\u0151csapni a billenty\u0171zetet, mert olyan helysz\u00ednen van, a tollal remek\u00fcl ell\u00e1thatja a feladatai nagy r\u00e9sz\u00e9t. B\u00e1r kisessz\u00e9t nem fog vele \u00edrni, ha csak egyszer\u0171 megjegyz\u00e9seket kell felv\u00e1zolni, arra teljesen t\u00f6k\u00e9letes lesz a Pen.<\/p>\n<p><a href=\"https:\/\/www.notebook.hu\/blog\/wp-content\/uploads\/2018\/05\/microsoftsurface_toll.jpg\"><img loading=\"lazy\" decoding=\"async\" data-attachment-id=\"2986\" data-permalink=\"https:\/\/www.notebook.hu\/blog\/microsoft-surface-pro-teszt\/microsoftsurface_toll\/\" data-orig-file=\"https:\/\/www.notebook.hu\/blog\/wp-content\/uploads\/2018\/05\/microsoftsurface_toll.jpg\" data-orig-size=\"4608,3072\" data-comments-opened=\"0\" data-image-meta=\"{&quot;aperture&quot;:&quot;5&quot;,&quot;credit&quot;:&quot;&quot;,&quot;camera&quot;:&quot;NIKON D3100&quot;,&quot;caption&quot;:&quot;&quot;,&quot;created_timestamp&quot;:&quot;1523332296&quot;,&quot;copyright&quot;:&quot;&quot;,&quot;focal_length&quot;:&quot;24&quot;,&quot;iso&quot;:&quot;400&quot;,&quot;shutter_speed&quot;:&quot;0.01&quot;,&quot;title&quot;:&quot;&quot;,&quot;orientation&quot;:&quot;1&quot;}\" data-image-title=\"microsoftsurface_toll\" data-image-description=\"\" data-image-caption=\"\" data-medium-file=\"https:\/\/www.notebook.hu\/blog\/wp-content\/uploads\/2018\/05\/microsoftsurface_toll-300x200.jpg\" data-large-file=\"https:\/\/www.notebook.hu\/blog\/wp-content\/uploads\/2018\/05\/microsoftsurface_toll-1024x683.jpg\" class=\"alignnone size-large wp-image-2986\" src=\"https:\/\/www.notebook.hu\/blog\/wp-content\/uploads\/2018\/05\/microsoftsurface_toll-1024x683.jpg\" alt=\"\" width=\"618\" height=\"412\" srcset=\"https:\/\/www.notebook.hu\/blog\/wp-content\/uploads\/2018\/05\/microsoftsurface_toll-1024x683.jpg 1024w, https:\/\/www.notebook.hu\/blog\/wp-content\/uploads\/2018\/05\/microsoftsurface_toll-300x200.jpg 300w, https:\/\/www.notebook.hu\/blog\/wp-content\/uploads\/2018\/05\/microsoftsurface_toll-768x512.jpg 768w\" sizes=\"auto, (max-width: 618px) 100vw, 618px\" \/><\/a><\/p>\n<p>Azonban, ha m\u00e9gis egy komolyabb beadand\u00f3t, vagy jegyzetet kre\u00e1lna az ember, akkor ir\u00e1ny az Alcantara fel\u00e9 (nincs k\u00f6ze Thiago, valamint Rafael Alcantar\u00e1hoz, a Bayern M\u00fcnchen \u00e9s az Inter Milan labdar\u00fag\u00f3ihoz). A n\u00e9vv\u00e1laszt\u00e1s kev\u00e9sb\u00e9 pr\u00f3zai, hiszen a billenty\u0171zetet az alcantara nev\u0171, csiszolt b\u0151rh\u00f6z hasonl\u00f3 text\u00edli\u00e1val vont\u00e1k be, hogy k\u00fcl\u00f6nleges hat\u00e1sa legyen. Ehhez hasonl\u00f3 bevonattal jelent meg eg\u00e9r, valamint fejhallgat\u00f3 is a Microsoft gy\u00e1rt\u00e1s\u00e1ban, \u00edgy ak\u00e1r egy komplett szettet \u00f6ssze tudunk bel\u0151le \u00e1ll\u00edtani. N\u00e1lam a sima, sz\u00fcrke v\u00e1ltozat volt, ami els\u0151 r\u00e1n\u00e9z\u00e9sre egy sz\u00fcrke meleg\u00edt\u0151als\u00f3t id\u00e9zett, tal\u00e1n a burgundi diz\u00e1jn jobban mutatna, de ez meg \u00edzl\u00e9s k\u00e9rd\u00e9se. Egy angol gombkioszt\u00e1s\u00fa, membr\u00e1nos eszk\u00f6zr\u0151l van sz\u00f3, amivel kapcsolatban els\u0151re komoly k\u00e9ts\u00e9geim voltak. Kialak\u00edt\u00e1s\u00e1b\u00f3l ad\u00f3d\u00f3an m\u00e9g egy v\u00e9konyabb notebookt\u00f3l is m\u00e9lyebben fekszik, \u00edgy nem voltam benne biztos, hogy k\u00e9nyelmes lesz-e rajta a g\u00e9pel\u00e9s\u2026\u00e9s k\u00e9rem sz\u00e9pen, k\u00e9nyelmes! Egy kicsit szokni kell a tart\u00e1st, de teljesen komfortoss\u00e1 v\u00e1lik, a test finom bor\u00edt\u00e1sa pedig hozz\u00e1ad ehhez az \u00e9rzethez. Aki haszn\u00e1lt m\u00e1r kism\u00e9ret\u0171 notebookot (legyen sz\u00f3 pl. Zenbookr\u00f3l, vagy a Lenovo apr\u00f3cska Thinkpadj\u00e9r\u0151l), annak nem lesz idegen a billenty\u0171zet m\u00e9rete \u00e9s a kiss\u00e9 sz\u0171k\u00f6s elrendez\u00e9s. Kapunk m\u00e9g egy kiss\u00e9 \u201etapad\u00f3s\u201d, de pontos touchpadot is, sz\u00f3val \u00edgy teljes m\u00e9rt\u00e9kben notebookos\u00edtani tudjuk a m\u00e9retes tabletet. Az eg\u00e9sz nagyon \u00fcgyesen r\u00e1ment a komfortoss\u00e1gra, hogy egy egyszer\u0171 mozgulattal hozz\u00e1csapjuk a t\u00e1blag\u00e9p\u00fcnkh\u00f6z (ez is \u00fagy vet\u0151dik r\u00e1, mint \u00e9hes ragadoz\u00f3 a pr\u00e9d\u00e1ra) a m\u00e1gneses porttal. Nem kell driverekkel sz\u00f6sz\u00f6lni, hiszen ahogy csatlakoztattuk, m\u00e1r haszn\u00e1lhatjuk is az eszk\u00f6zt\u2026<\/p>\n<p><a href=\"https:\/\/www.notebook.hu\/blog\/wp-content\/uploads\/2018\/05\/microsoftsurface_billentyuzet.jpg\"><img loading=\"lazy\" decoding=\"async\" data-attachment-id=\"2983\" data-permalink=\"https:\/\/www.notebook.hu\/blog\/microsoft-surface-pro-teszt\/microsoftsurface_billentyuzet\/\" data-orig-file=\"https:\/\/www.notebook.hu\/blog\/wp-content\/uploads\/2018\/05\/microsoftsurface_billentyuzet.jpg\" data-orig-size=\"4608,3072\" data-comments-opened=\"0\" data-image-meta=\"{&quot;aperture&quot;:&quot;5&quot;,&quot;credit&quot;:&quot;&quot;,&quot;camera&quot;:&quot;NIKON D3100&quot;,&quot;caption&quot;:&quot;&quot;,&quot;created_timestamp&quot;:&quot;1523327867&quot;,&quot;copyright&quot;:&quot;&quot;,&quot;focal_length&quot;:&quot;24&quot;,&quot;iso&quot;:&quot;400&quot;,&quot;shutter_speed&quot;:&quot;0.01&quot;,&quot;title&quot;:&quot;&quot;,&quot;orientation&quot;:&quot;1&quot;}\" data-image-title=\"microsoftsurface_billentyuzet\" data-image-description=\"\" data-image-caption=\"\" data-medium-file=\"https:\/\/www.notebook.hu\/blog\/wp-content\/uploads\/2018\/05\/microsoftsurface_billentyuzet-300x200.jpg\" data-large-file=\"https:\/\/www.notebook.hu\/blog\/wp-content\/uploads\/2018\/05\/microsoftsurface_billentyuzet-1024x683.jpg\" class=\"alignnone size-large wp-image-2983\" src=\"https:\/\/www.notebook.hu\/blog\/wp-content\/uploads\/2018\/05\/microsoftsurface_billentyuzet-1024x683.jpg\" alt=\"\" width=\"618\" height=\"412\" srcset=\"https:\/\/www.notebook.hu\/blog\/wp-content\/uploads\/2018\/05\/microsoftsurface_billentyuzet-1024x683.jpg 1024w, https:\/\/www.notebook.hu\/blog\/wp-content\/uploads\/2018\/05\/microsoftsurface_billentyuzet-300x200.jpg 300w, https:\/\/www.notebook.hu\/blog\/wp-content\/uploads\/2018\/05\/microsoftsurface_billentyuzet-768x512.jpg 768w\" sizes=\"auto, (max-width: 618px) 100vw, 618px\" \/><\/a><\/p>\n<p><strong>\u00d6sszegz\u00e9s<\/strong><\/p>\n<p>\u2026 \u00e9s valahol ez volt a c\u00e9l a komplett eszk\u00f6z-csomaggal. Egy rendk\u00edv\u00fcl mobilis, pr\u00e9mium cuccot l\u00e9trehozni, ami a kieg\u00e9sz\u00edt\u0151ivel nem csak kit\u0171nik a t\u00f6megb\u0151l, de rengeteg lehet\u0151s\u00e9get is ad a tulajdonos\u00e1nak. Sok-sok felhaszn\u00e1l\u00e1si lehet\u0151s\u00e9g\u00e9vel \u00e9s a megb\u00edzhat\u00f3 hardveres h\u00e1tt\u00e9rrel csak az \u00e1ra tud vetekedni, ami sok v\u00e1s\u00e1rl\u00f3t elt\u00e1ntor\u00edthat. A helyzet az, hogy annak abszol\u00fat meg\u00e9ri majd, aki ki tudja haszn\u00e1lni \u00e9s egy kicsit extr\u00e1bbat akar mutatni a sz\u00fcrke h\u00e9tk\u00f6znapokhoz k\u00e9pest: mennyivel egyedibb a saj\u00e1t notebookodon al\u00e1\u00edratni egy szerz\u0151d\u00e9st, mint egy k\u00fcl\u00f6n rajzt\u00e1bl\u00e1n, esetleg old school m\u00f3don pap\u00edron, nem igaz? Persze, ezek a praktikus okok, a grafikai munk\u00e1k, a h\u00e9tk\u00f6znapi jegyzetel\u00e9s feldob\u00e1sa nem mindenkit fognak majd meg, de azt hiszem a Surface Pro hozta azt, amit \u00f6sszess\u00e9g\u00e9ben v\u00e1rtunk t\u0151le: valami k\u00fcl\u00f6nlegeset.<\/p>\n","protected":false},"excerpt":{"rendered":"<p>Mire sz\u00e1m\u00edthat az ember egy 2-in-1 g\u00e9pt\u0151l? Tulajdonk\u00e9ppen egy notebookra, ami k\u00f6zben elhagyta a billenty\u0171zet\u00e9t. Teljes\u00edtm\u00e9nyben ugyanis arra sz\u00e1m\u00edthatunk, ami egy office-multim\u00e9dia notebookt\u00f3l elv\u00e1rhat\u00f3, csak egy m\u00e9retesebb tablet form\u00e1j\u00e1ban. M\u00e9gis mire k\u00e9pes egy ilyen \u201et\u00fainv\u00e1n\u201d, ami egyenesen a Microsoft boszork\u00e1nykonyh\u00e1j\u00e1b\u00f3l \u00e9rkezik? A Microsoft Surface Pro tesztb\u0151l kider\u00fcl! K\u00fcls\u0151 \u00e9s eszk\u00f6zt\u00e1r: Tablett\u00e1s notebook Pr\u00e9mium \u00e9rzet. Ennyi, &hellip;<\/p>\n","protected":false},"author":1,"featured_media":2981,"comment_status":"closed","ping_status":"open","sticky":false,"template":"","format":"standard","meta":{"_jetpack_memberships_contains_paid_content":false,"footnotes":""},"categories":[43,347],"tags":[57,349,46,234,233,237],"class_list":["post-2976","post","type-post","status-publish","format-standard","has-post-thumbnail","","category-tesztek","category-videok","tag-microsoft","tag-microsoft-surface-pro","tag-tablet","tag-termekbemutato","tag-termekteszt","tag-teszt"],"jetpack_featured_media_url":"https:\/\/www.notebook.hu\/blog\/wp-content\/uploads\/2018\/05\/microsoftsurfacepro.png","jetpack_shortlink":"https:\/\/wp.me\/p9xSLL-M0","jetpack_sharing_enabled":true,"_links":{"self":[{"href":"https:\/\/www.notebook.hu\/blog\/wp-json\/wp\/v2\/posts\/2976","targetHints":{"allow":["GET"]}}],"collection":[{"href":"https:\/\/www.notebook.hu\/blog\/wp-json\/wp\/v2\/posts"}],"about":[{"href":"https:\/\/www.notebook.hu\/blog\/wp-json\/wp\/v2\/types\/post"}],"author":[{"embeddable":true,"href":"https:\/\/www.notebook.hu\/blog\/wp-json\/wp\/v2\/users\/1"}],"replies":[{"embeddable":true,"href":"https:\/\/www.notebook.hu\/blog\/wp-json\/wp\/v2\/comments?post=2976"}],"version-history":[{"count":7,"href":"https:\/\/www.notebook.hu\/blog\/wp-json\/wp\/v2\/posts\/2976\/revisions"}],"predecessor-version":[{"id":2998,"href":"https:\/\/www.notebook.hu\/blog\/wp-json\/wp\/v2\/posts\/2976\/revisions\/2998"}],"wp:featuredmedia":[{"embeddable":true,"href":"https:\/\/www.notebook.hu\/blog\/wp-json\/wp\/v2\/media\/2981"}],"wp:attachment":[{"href":"https:\/\/www.notebook.hu\/blog\/wp-json\/wp\/v2\/media?parent=2976"}],"wp:term":[{"taxonomy":"category","embeddable":true,"href":"https:\/\/www.notebook.hu\/blog\/wp-json\/wp\/v2\/categories?post=2976"},{"taxonomy":"post_tag","embeddable":true,"href":"https:\/\/www.notebook.hu\/blog\/wp-json\/wp\/v2\/tags?post=2976"}],"curies":[{"name":"wp","href":"https:\/\/api.w.org\/{rel}","templated":true}]}}