{"id":2799,"date":"2018-04-13T13:29:36","date_gmt":"2018-04-13T11:29:36","guid":{"rendered":"https:\/\/www.notebook.hu\/blog\/?p=2799"},"modified":"2018-07-31T10:48:16","modified_gmt":"2018-07-31T08:48:16","slug":"huawei-p20-teszt","status":"publish","type":"post","link":"https:\/\/www.notebook.hu\/blog\/huawei-p20-teszt\/","title":{"rendered":"Huawei P20 Teszt | Dr\u00e1gasz\u00e1gom 2: A Huawei visszav\u00e1g"},"content":{"rendered":"<p><a href=\"https:\/\/www.notebook.hu\/blog\/wp-content\/uploads\/2018\/04\/HuaweiP20-300x157.png\"><img decoding=\"async\" src=\"https:\/\/www.notebook.hu\/blog\/wp-content\/uploads\/2018\/04\/HuaweiP20-300x157.png\" alt=\"\" width=\"412\" \/><\/a><\/p>\n<p><strong>Az el\u0151z\u0151 mobilos bemutat\u00f3nkban egy flagship telefonr\u00f3l volt sz\u00f3 \u00e9s a helyzet az, hogy most sem vesz\u00fcnk vissza a kvalit\u00e1sokb\u00f3l a tesztalanyok ter\u00e9n. A Huawei hagyott egy kis id\u0151t a Samsungnak, hogy ki\u00e9lvezze a rivaldaf\u00e9nyt, majd piacra dobta leg\u00fajabb cs\u00facs mobilj\u00e1t. K\u00f6vetkezzen h\u00e1t a k\u00f6z\u00f6ns\u00e9g kedvenc gy\u00e1rt\u00f3 k\u00f6vetkez\u0151 nagy dob\u00e1s\u00e1nak, a Huawei P 20-nak a tesztje!\u00a0 <\/strong><\/p>\n<p><strong>K\u00fcls\u0151 \u00e9s eszk\u00f6z\u00f6k \u2013 Notch, egy Huawei-t\u00f6rt\u00e9net!<\/strong><\/p>\n<p>Szemk\u00e1pr\u00e1ztat\u00f3 f\u00e9nyez\u00e9s \u00e9s remek formaterv. Ennyi, ha r\u00f6viden kell jellemeznem a P20-ast, akkor csak ezt a n\u00e9gy sz\u00f3t haszn\u00e1ln\u00e1m. Kicsivel b\u0151vebben kifejtve, a Huawei megint odafigyelt arra, hogy ne csak teljes\u00edtm\u00e9nyben \u00e9s megb\u00edzhat\u00f3s\u00e1gban tartsa a l\u00e9p\u00e9st a vet\u00e9lyt\u00e1rsakkal, hanem megjelen\u00e9sben is. Egy el\u00fcl-h\u00e1tul 3D-s, \u00edvelt edzett \u00fcveg fel\u00fcletes, f\u00e9m keretes h\u00e1zat kapunk, ami m\u00e9reteit tekintve 70,8 x 149,1 x 7,65mm \u00e9s 165 gramm. Tesztalanynak egy standard k\u00e9k fest\u00e9s\u0171 p\u00e9ld\u00e1nyt kaptam, ami a PRO kiad\u00e1ssal ellent\u00e9tben nem sz\u00edn\u00e1tmenetes. Az egyetlen dolog, amit a diz\u00e1jn ter\u00e9n sosem \u00e9rtettem, az a kamera kiemel\u00e9se. Kapunk a csomagban ugyan egy szilikon tokot, ami el\u00e9g vastag, hogy ezt a kit\u00fcremked\u00e9st is fedni tudja, de akkor is f\u00e9lelmetes, ha csak \u00fagy \u201e\u00e1 la nat\u00fare\u201d le rakja az ember az asztalra a telefont, majd egy laza mozdulattal v\u00e9gigh\u00fazza az asztalon. Instant para, az \u00e9n esetemben, hogy s\u00e9r\u00fcl a lencse. A kijelz\u0151 fels\u0151 r\u00e9sz\u00e9re kaptunk egy kis \u201eszigetet\u201d. A \u201enotch\u201d-k\u00e9nt a k\u00f6ztudatba ker\u00fcl\u0151 elemet felhaszn\u00e1lva dolgozott a Huawei tervez\u0151g\u00e1rd\u00e1ja (ne most vessz\u00fcnk \u00f6ssze, hogy pontosan ki koppintott, kit\u0151l, mert ez a ty\u00fak-toj\u00e1s szintj\u00e9n van m\u00e1r lassan), a lehet\u0151 legnagyobb \u201efed\u00e9s\u0171\u201d kijelz\u0151 el\u00e9r\u00e9s\u00e9\u00e9rt. Akinek azonban ez nem tetszik, egy k\u00f6nnyed gombnyom\u00e1ssal az 5,8&#8243;-as Mutli-Touch FullHD+ LCD IPS kijelz\u0151n befeketedik a notch m\u00e9lys\u00e9g\u00e9nek megfelel\u0151 nagys\u00e1g\u00fa s\u00e1v \u00e9s csak a fekete alapon feh\u00e9r \u00e1llapotjelz\u00e9sek maradnak. \u00cdgy a kecske is j\u00f3l lakott, meg a k\u00e1poszta sem ker\u00fclt a pocakba. A notch a maga k\u00fcl\u00f6nleges m\u00f3dj\u00e1n k\u00f6rbeveszi az el\u0151lapi kamer\u00e1t, ami biztons\u00e1gi funkci\u00f3kat is ell\u00e1t. A P20 ugyanis arcfelismer\u0151 rendszerrel is rendelkezik, \u00edgy a Samsunghoz hasonl\u00f3an felismeri majd kerekded fej\u00fcnket a telefon. A konkurenssel ellent\u00e9tben itt az \u00edrisz\u00fcnket nem ig\u00e9nyli a nyit\u00e1si proced\u00fara, de felold\u00e1si sebess\u00e9gben b\u0151ven felveszi a versenyt a Huawei a kor\u00e1bban bemutatott vet\u00e9lyt\u00e1rssal. A gyeng\u00e9bb f\u00e9nyk\u00f6r\u00fclm\u00e9nyek k\u00f6zt az\u00e9rt ez sem 100%-os, \u00e9rdemes az ujjlenyomat olvas\u00f3t is haszn\u00e1lni majd, ha ki akarjuk haszn\u00e1lni a teljes k\u00f6r\u0171 v\u00e9delmet. A kapacit\u00edv \u00e9rint\u0151gombok k\u00f6zt ott pihen az ujjlenyomat olvas\u00e1s\u00e1ra k\u00e9pes home gomb, amin k\u00fcl\u00f6nb\u00f6z\u0151 gesztusokat alkalmazva, felmenthetj\u00fck az \u00e9rint\u0151gombokat a munk\u00e1juk al\u00f3l. A h\u00e1ts\u00f3 r\u00e9gi\u00f3kat nem csak a k\u00fcl\u00f6nleges f\u00e9nyez\u00e9s miatt \u00e9rdemes emlegetni, hiszen h\u00e1rom lencse is azon dolgozik majd, hogy a lehet\u0151 legjobb fot\u00f3kat tudja nek\u00fcnk produk\u00e1lni a telefon. Az IP53-es \u00e9rt\u00e9kel\u00e9ssel j\u00f6tt a piacra, ami azt jelenti, hogy a Huawei P 20 a &#8222;60 fok feletti d\u0151l\u00e9ssz\u00f6g ment\u00e9n csepeg\u0151 v\u00edzt\u0151l v\u00e9dett&#8221; kialak\u00edt\u00e1ssal rendelkezik&#8230;sz\u00f3val a csepeg\u00e9st b\u00edrja, de a k\u00e1dban ink\u00e1bb csak \u00f3vatosan haszn\u00e1ljuk.<\/p>\n<p><em>Megn\u00e9zn\u00e9d m\u0171k\u00f6d\u00e9s k\u00f6zben? Kattints az al\u00e1bbi vide\u00f3ra, hogy ne maradj le a Huawei P20 vide\u00f3s \u00e9rt\u00e9kel\u00e9s\u00e9r\u0151l! A sz\u00f6veges teszt folytat\u00e1s\u00e1hoz pedig csak g\u00f6rgess lejjebb!<\/em><\/p>\n<p><iframe loading=\"lazy\" src=\"https:\/\/www.youtube.com\/embed\/g1jTEDMartM\" width=\"560\" height=\"315\" frameborder=\"0\" allowfullscreen=\"allowfullscreen\"><\/iframe><\/p>\n<p>Eszk\u00f6zt\u00e1r\u00e1t tekintve a P20 egy 3.5-\u00f6s jack-kel szeg\u00e9nyebb lett, b\u00e1r az \u00e1talak\u00edt\u00f3t megtal\u00e1lhatjuk a telefon doboz\u00e1ban, ami az USB Type-C csatlakoz\u00e1sb\u00f3l var\u00e1zsolja el\u0151 a f\u00fcleseink kedvenc dugasz\u00e1t. Igaz\u00e1b\u00f3l nem lenne r\u00e1 sz\u00fcks\u00e9g, mert kaptunk egy, a csatlakoz\u00f3nak megfelel\u0151 kimenettel rendelkez\u0151 f\u00fclest, de aki megmaradna a standardekn\u00e9l (na meg az a t\u00e9ny sem mindegy, hogy az aktu\u00e1lis f\u00fclhallgat\u00f3k nagyon nagy sz\u00e1zal\u00e9ka m\u00e9g a 3.5-\u00f6ssel csatlakoztathat\u00f3), annak hasznos lehet ez a kis extra elem. Az als\u00f3 r\u00e9gi\u00f3 ism\u00e9t gazdagodott egy dupla hangsz\u00f3r\u00f3val, ami remek\u00fcl sz\u00f3l, m\u00edg a telefon oldal\u00e1n a standard hanger\u0151szab\u00e1lyz\u00f3 \u00e9s lock gombokat tal\u00e1ljuk meg. A SIM-t\u0171 ez\u00fattal t\u00e9nyleg csak a SIM-k\u00e1rtya mozgat\u00e1sra szolg\u00e1l majd, hiszen a P20-as nem b\u0151v\u00edthet\u0151 SD-k\u00e1rty\u00e1kkal. Akkuid\u0151ben nem fogunk csal\u00f3dni, a 3400mAh-s, SuperCharge t\u00f6lt\u0151rendszeres technol\u00f3gi\u00e1nak k\u00f6sz\u00f6nhet\u0151en egy \u00f3ra alatt nagyj\u00e1b\u00f3l 55-60% k\u00f6z\u00e9 t\u00f6lt\u0151dik a telefon.<\/p>\n<p><a href=\"https:\/\/www.notebook.hu\/blog\/wp-content\/uploads\/2018\/04\/DSC_0025.jpg\"><img loading=\"lazy\" decoding=\"async\" data-attachment-id=\"2864\" data-permalink=\"https:\/\/www.notebook.hu\/blog\/huawei-p20-teszt\/dsc_0025\/\" data-orig-file=\"https:\/\/www.notebook.hu\/blog\/wp-content\/uploads\/2018\/04\/DSC_0025.jpg\" data-orig-size=\"4608,3072\" data-comments-opened=\"0\" data-image-meta=\"{&quot;aperture&quot;:&quot;5.6&quot;,&quot;credit&quot;:&quot;&quot;,&quot;camera&quot;:&quot;NIKON D3100&quot;,&quot;caption&quot;:&quot;&quot;,&quot;created_timestamp&quot;:&quot;1520919942&quot;,&quot;copyright&quot;:&quot;&quot;,&quot;focal_length&quot;:&quot;22&quot;,&quot;iso&quot;:&quot;400&quot;,&quot;shutter_speed&quot;:&quot;0.008&quot;,&quot;title&quot;:&quot;&quot;,&quot;orientation&quot;:&quot;1&quot;}\" data-image-title=\"DSC_0025\" data-image-description=\"\" data-image-caption=\"\" data-medium-file=\"https:\/\/www.notebook.hu\/blog\/wp-content\/uploads\/2018\/04\/DSC_0025-300x200.jpg\" data-large-file=\"https:\/\/www.notebook.hu\/blog\/wp-content\/uploads\/2018\/04\/DSC_0025-1024x683.jpg\" class=\"alignnone wp-image-2864 size-large\" src=\"https:\/\/www.notebook.hu\/blog\/wp-content\/uploads\/2018\/04\/DSC_0025-1024x683.jpg\" alt=\"Huawei P20 Front\" width=\"618\" height=\"412\" srcset=\"https:\/\/www.notebook.hu\/blog\/wp-content\/uploads\/2018\/04\/DSC_0025-1024x683.jpg 1024w, https:\/\/www.notebook.hu\/blog\/wp-content\/uploads\/2018\/04\/DSC_0025-300x200.jpg 300w, https:\/\/www.notebook.hu\/blog\/wp-content\/uploads\/2018\/04\/DSC_0025-768x512.jpg 768w\" sizes=\"auto, (max-width: 618px) 100vw, 618px\" \/><\/a><\/p>\n<p><strong>Teljes\u00edtm\u00e9ny \u2013 Mutasd meg nekem az igazi er\u0151t!<\/strong><\/p>\n<p>Egy flagship telefont\u00f3l v\u00e1rni a kiemelked\u0151 teljes\u00edtm\u00e9nyt, annyira egy\u00e9rtelm\u0171, mint a f\u0151- \u00e9s alc\u00edmekben val\u00f3 Star Wars utal\u00e1sok kisz\u00far\u00e1sa. A k\u00e9rd\u00e9s igaz\u00e1b\u00f3l az volt, hogy a Kirin 970-es processzor felveszi-e a versenyt a Samsung Exynos 9-es\u00e9vel. Nos, a 4 darab 2,36 GHz-es Cortex A73 \u00e9s a szint\u00e9n 4 darab 1,8 GHz Cortex A53 egy\u00fcttm\u0171k\u00f6d\u00e9se igen komoly er\u0151t rejtegetett mag\u00e1ban \u00e9s ezt ki is haszn\u00e1lt\u00e1k. Az Antutu szerint a standard P20-as eredm\u00e9nye a kor\u00e1bban m\u00e9rt telefonok 86%-\u00e1n\u00e1l jobb. Az S9+ eset\u00e9ben ez 99 volt, de ne felejts\u00fck el, hogy az a \u201enagy tes\u00f3\u201d volt, \u00edgy igaz\u00e1n relev\u00e1ns inf\u00f3t az adna, ha az S9 alap kiad\u00e1s\u00e1val hasonl\u00edtan\u00e1nk \u00f6ssze. Itt sz\u00e1m\u00edthatott a 2 GB RAM k\u00fcl\u00f6nbs\u00e9g, hiszen a PRO kiad\u00e1sban 6 giga lenne, m\u00edg itt \u201ecsak\u201d 4 van, ami gyakorlatban teljesen megfelel\u0151, csak a statisztik\u00e1knak tett volna jobbat. A processzorr\u00f3l m\u00e9g j\u00f6jj\u00f6n p\u00e1r izgalmasabb adat, hiszen annak a kivitelez\u00e9se, hogy a Kirin 970 egy n\u00e9gyzetcentim\u00e9teren 5,5 milli\u00e1rd tranzisztort s\u0171r\u00edt \u00f6ssze, valamint az a t\u00e9nyez\u0151, hogy 25-sz\u00f6r\u00f6s sebess\u00e9gk\u00fcl\u00f6nbs\u00e9get \u00edg\u00e9rt a Huawei a standard Cortex A73-hoz k\u00e9pest, az igaz\u00e1n megs\u00fcvegelend\u0151. A chipsetben a \u201epl\u00e1ne\u201d kateg\u00f3ri\u00e1ba tartozik, hogy m\u00e9g egy k\u00fcl\u00f6n\u00e1ll\u00f3 r\u00e9szt fenntart a mesters\u00e9ges intelligencia sz\u00e1m\u00e1ra sz\u00fcks\u00e9ges feladatok elv\u00e9gz\u00e9s\u00e9re, azaz az NCU csak \u00e9s kiz\u00e1r\u00f3lag ezeknek a dolgoknak az int\u00e9z\u00e9s\u00e9vel \u00fcgyeskedik. Lehet, hogy nincs is olyan messze a Huawei \u00e1ltal megj\u00f3solt \u201eszupertelefonok\u201d kora? A processzor munk\u00e1j\u00e1t seg\u00edti m\u00e9g 4 GB RAM, ami t\u00f6k\u00e9letesen elegend\u0151 a legkomolyabb appok h\u00e1tt\u00e9rmunk\u00e1inak rendezget\u00e9s\u00e9re is, a h\u00e9tk\u00f6znapi haszn\u00e1latn\u00e1l pedig nincs is igaz\u00e1n \u201ekihaszn\u00e1lva\u201d. T\u00e1rhelynek 128 gigabyte-ot kaptunk, ami a \u201ek\u00f6sz\u00f6n\u00f6m, azt hiszem egy darabig el\u00e9g lesz\u201d jelz\u0151t kaj\u00e1n vigyorral k\u00eds\u00e9rve, megkaphatja. A triumvir\u00e1tus munk\u00e1j\u00e1nak gy\u00fcm\u00f6lcsek\u00e9nt az Android 8.1-es, azaz az Oreo dolgozhatna P20-ason, az EMUI 5.1-es kezel\u0151fel\u00fclettel meger\u0151s\u00edtve.<\/p>\n<p><a href=\"https:\/\/www.notebook.hu\/blog\/wp-content\/uploads\/2018\/04\/DSC_0027.jpg\"><img loading=\"lazy\" decoding=\"async\" data-attachment-id=\"2865\" data-permalink=\"https:\/\/www.notebook.hu\/blog\/huawei-p20-teszt\/dsc_0027\/\" data-orig-file=\"https:\/\/www.notebook.hu\/blog\/wp-content\/uploads\/2018\/04\/DSC_0027.jpg\" data-orig-size=\"4608,3072\" data-comments-opened=\"0\" data-image-meta=\"{&quot;aperture&quot;:&quot;5.6&quot;,&quot;credit&quot;:&quot;&quot;,&quot;camera&quot;:&quot;NIKON D3100&quot;,&quot;caption&quot;:&quot;&quot;,&quot;created_timestamp&quot;:&quot;1520920053&quot;,&quot;copyright&quot;:&quot;&quot;,&quot;focal_length&quot;:&quot;55&quot;,&quot;iso&quot;:&quot;400&quot;,&quot;shutter_speed&quot;:&quot;0.008&quot;,&quot;title&quot;:&quot;&quot;,&quot;orientation&quot;:&quot;1&quot;}\" data-image-title=\"DSC_0027\" data-image-description=\"\" data-image-caption=\"\" data-medium-file=\"https:\/\/www.notebook.hu\/blog\/wp-content\/uploads\/2018\/04\/DSC_0027-300x200.jpg\" data-large-file=\"https:\/\/www.notebook.hu\/blog\/wp-content\/uploads\/2018\/04\/DSC_0027-1024x683.jpg\" class=\"alignnone wp-image-2865 size-large\" src=\"https:\/\/www.notebook.hu\/blog\/wp-content\/uploads\/2018\/04\/DSC_0027-1024x683.jpg\" alt=\"Huawei P20 Notch\" width=\"618\" height=\"412\" srcset=\"https:\/\/www.notebook.hu\/blog\/wp-content\/uploads\/2018\/04\/DSC_0027-1024x683.jpg 1024w, https:\/\/www.notebook.hu\/blog\/wp-content\/uploads\/2018\/04\/DSC_0027-300x200.jpg 300w, https:\/\/www.notebook.hu\/blog\/wp-content\/uploads\/2018\/04\/DSC_0027-768x512.jpg 768w\" sizes=\"auto, (max-width: 618px) 100vw, 618px\" \/><\/a><\/p>\n<p><strong>Kamera \u2013 Haszn\u00e1ld az er\u0151t!<\/strong><\/p>\n<p>A Huawein\u00e9l egy sz\u00e9p napon fel\u00e9bredt valaki \u00e9s \u00fagy d\u00f6nt\u00f6tt: \u201eMeg fogjuk al\u00e1zni a piacot a P20-al, meg a Proval\u201d, majd h\u00f6rpintett egyet a k\u00e1v\u00e9j\u00e1ba, s vil\u00e1guralmi terveit megosztotta a Leica munkat\u00e1rsaival. Onnan j\u00f6tt a v\u00e1lasz, hogy \u201emi\u00e9rt is ne?\u201d, s voil\u00e1, megsz\u00fcletett az a kamerarendszer, ami az eddigi legmagasabb pontot kapta a legnagyobb telefonos kamer\u00e1kat \u00e9rt\u00e9kel\u0151 site-t\u00f3l (az eddigi gy\u0151ztes Samsung S9+-t (99 pont) megel\u0151zte a sima P20 (102) \u00e9s a P20 PRO (109) is). A P20-asn\u00e1l k\u00e9t kamera helyezkedik el a h\u00e1tlapon, egy f1.8-as rekesz\u00e9rt\u00e9k\u0171, 12 megapixeles RGB kamer\u00e1t, illetve a dual kamer\u00e1kn\u00e1l megszokott monokr\u00f3m kieg\u00e9sz\u00edt\u0151 pedig egy 20 megapixeles, f1.6-os \u00e9rt\u00e9k\u0171 szerkezet. A lencserendszert term\u00e9szetesen a Leica biztos\u00edtott, s a kamera 1.55 mikrom\u00e9teres pixelm\u00e9rettel rendelkezik. Min\u0151s\u00e9g tekintet\u00e9ben csak j\u00f3kat tudok mondani a telefonr\u00f3l. A PRO m\u00f3dban nagyon l\u00e1tv\u00e1nyos k\u00e9peket tudunk csin\u00e1lni a telefonnal, de az AI-ra is b\u00edzhatjuk nyugodtan az automatikus be\u00e1ll\u00edt\u00e1sokat. Ha sz\u00f6veget \u00e9rz\u00e9kel a telefon, akkor igyekszik azt kiemelni \u00e9s j\u00f3l olvashat\u00f3v\u00e1 tenni, ha magunk szeretn\u00e9nk a rekesz\u00e9rt\u00e9ket mahin\u00e1lni \u00e9s sz\u00e9p blur effektet el\u00e9rni, arra is van egy megfelel\u0151 men\u00fcpontunk, ha pedig a f\u00e9nyfest\u00e9sre, HDR-re vagy egy\u00e9b be\u00e1ll\u00edt\u00e1sokra lenne sz\u00fcks\u00e9g, azt is biztos\u00edtja a P20. \u00a0Vide\u00f3k tekintet\u00e9ben megvan a 4K felbont\u00e1s 30 FPS-el, a FullHD pedig 60 k\u00e9pkocka\/m\u00e1sodperccel. Min\u0151s\u00e9gre itt sem lehet panasz, s\u0151t a vide\u00f3rendszer k\u00e9pes a super slow motion, azaz a 960 k\u00e9pkocka\/m\u00e1sodperces r\u00f6gz\u00edt\u00e9sre, ami a Samsung\u00e9hoz hasonl\u00f3 elven m\u0171k\u00f6dik. Egy felv\u00e9telen bel\u00fcli intervallumot vesz a telefon 960 FPS-el, majd azt visszalass\u00edtja, el\u00e9rve a t\u00f6k\u00e9letes lass\u00edt\u00e1st. Az el\u0151lapi kamera 24 megapixeles felbont\u00e1s\u00fa, szuper selfie-gy\u00e1ros, aki a biztons\u00e1gi rendszerben is dolgozik, mint azt ahogy kor\u00e1bban is \u00edrtam.<\/p>\n<p><a href=\"https:\/\/www.notebook.hu\/blog\/wp-content\/uploads\/2018\/04\/DSC_0036.jpg\"><img loading=\"lazy\" decoding=\"async\" data-attachment-id=\"2867\" data-permalink=\"https:\/\/www.notebook.hu\/blog\/huawei-p20-teszt\/dsc_0036\/\" data-orig-file=\"https:\/\/www.notebook.hu\/blog\/wp-content\/uploads\/2018\/04\/DSC_0036.jpg\" data-orig-size=\"4608,3072\" data-comments-opened=\"0\" data-image-meta=\"{&quot;aperture&quot;:&quot;5.3&quot;,&quot;credit&quot;:&quot;&quot;,&quot;camera&quot;:&quot;NIKON D3100&quot;,&quot;caption&quot;:&quot;&quot;,&quot;created_timestamp&quot;:&quot;1520920280&quot;,&quot;copyright&quot;:&quot;&quot;,&quot;focal_length&quot;:&quot;45&quot;,&quot;iso&quot;:&quot;500&quot;,&quot;shutter_speed&quot;:&quot;0.016666666666667&quot;,&quot;title&quot;:&quot;&quot;,&quot;orientation&quot;:&quot;1&quot;}\" data-image-title=\"DSC_0036\" data-image-description=\"\" data-image-caption=\"\" data-medium-file=\"https:\/\/www.notebook.hu\/blog\/wp-content\/uploads\/2018\/04\/DSC_0036-300x200.jpg\" data-large-file=\"https:\/\/www.notebook.hu\/blog\/wp-content\/uploads\/2018\/04\/DSC_0036-1024x683.jpg\" class=\"alignnone size-large wp-image-2867\" src=\"https:\/\/www.notebook.hu\/blog\/wp-content\/uploads\/2018\/04\/DSC_0036-1024x683.jpg\" alt=\"\" width=\"618\" height=\"412\" srcset=\"https:\/\/www.notebook.hu\/blog\/wp-content\/uploads\/2018\/04\/DSC_0036-1024x683.jpg 1024w, https:\/\/www.notebook.hu\/blog\/wp-content\/uploads\/2018\/04\/DSC_0036-300x200.jpg 300w, https:\/\/www.notebook.hu\/blog\/wp-content\/uploads\/2018\/04\/DSC_0036-768x512.jpg 768w\" sizes=\"auto, (max-width: 618px) 100vw, 618px\" \/><\/a><\/p>\n<p><strong>\u00d6sszefoglal\u00e1s<\/strong><\/p>\n<p>A Huawei P20 m\u00e9lt\u00f3 kih\u00edv\u00f3ja a Samsung S9-es sz\u00e9ri\u00e1j\u00e1nak, hiszen teljes\u00edtm\u00e9nyben felveszi vele abszol\u00fat a versenyt, a statisztika h\u00edv\u0151k pedig l\u00e1thatj\u00e1k, hogy a kamer\u00e1ban meg is el\u0151zi a vet\u00e9lyt\u00e1rsat. Szoftveresen stabil, hossz\u00fat\u00e1von megb\u00edzhat\u00f3 \u00e9s er\u0151s telefont kaptunk, ami r\u00e1szolg\u00e1lt a Huawei-bizalm\u00e1ra, amikor kiengedt\u00e9k a piacra, mint a c\u00e9g z\u00e1szl\u00f3shaj\u00f3j\u00e1t. Sorra kapjuk teh\u00e1t a cs\u00facs telefonokat, s sokszor csak a m\u00e1rk\u00e1hoz val\u00f3 h\u0171s\u00e9g, vagy a p\u00e9nzt\u00e1rc\u00e1nkkal val\u00f3 viszonyunk d\u00f6nti el, hogy melyik gy\u00e1rt\u00f3\u00f3ri\u00e1s term\u00e9k\u00e9t v\u00e1lasztjuk majd.<\/p>\n<p><em>Megtetszett a <a href=\"https:\/\/www.notebook.hu\/huawei-p20-pro-128gb-dual-sim-51092epd-ejfekete\"><strong>Huawei P20<\/strong><\/a>? Webshopunkban m\u00e1r be is szerezheted a saj\u00e1t p\u00e9ld\u00e1nyodat!<\/em><\/p>\n<p>&nbsp;<\/p>\n","protected":false},"excerpt":{"rendered":"<p>Az el\u0151z\u0151 mobilos bemutat\u00f3nkban egy flagship telefonr\u00f3l volt sz\u00f3 \u00e9s a helyzet az, hogy most sem vesz\u00fcnk vissza a kvalit\u00e1sokb\u00f3l a tesztalanyok ter\u00e9n. A Huawei hagyott egy kis id\u0151t a Samsungnak, hogy ki\u00e9lvezze a rivaldaf\u00e9nyt, majd piacra dobta leg\u00fajabb cs\u00facs mobilj\u00e1t. K\u00f6vetkezzen h\u00e1t a k\u00f6z\u00f6ns\u00e9g kedvenc gy\u00e1rt\u00f3 k\u00f6vetkez\u0151 nagy dob\u00e1s\u00e1nak, a Huawei P 20-nak a &hellip;<\/p>\n","protected":false},"author":1,"featured_media":2862,"comment_status":"closed","ping_status":"open","sticky":false,"template":"","format":"standard","meta":{"_jetpack_memberships_contains_paid_content":false,"footnotes":""},"categories":[43,347],"tags":[238,58,296,47,190,237],"class_list":["post-2799","post","type-post","status-publish","format-standard","has-post-thumbnail","","category-tesztek","category-videok","tag-bemutato","tag-huawei","tag-huawei-p20","tag-okostelefon-mobiltelefon","tag-smartphone","tag-teszt"],"jetpack_featured_media_url":"https:\/\/www.notebook.hu\/blog\/wp-content\/uploads\/2018\/04\/HuaweiP20.png","jetpack_shortlink":"https:\/\/wp.me\/p9xSLL-J9","jetpack_sharing_enabled":true,"_links":{"self":[{"href":"https:\/\/www.notebook.hu\/blog\/wp-json\/wp\/v2\/posts\/2799","targetHints":{"allow":["GET"]}}],"collection":[{"href":"https:\/\/www.notebook.hu\/blog\/wp-json\/wp\/v2\/posts"}],"about":[{"href":"https:\/\/www.notebook.hu\/blog\/wp-json\/wp\/v2\/types\/post"}],"author":[{"embeddable":true,"href":"https:\/\/www.notebook.hu\/blog\/wp-json\/wp\/v2\/users\/1"}],"replies":[{"embeddable":true,"href":"https:\/\/www.notebook.hu\/blog\/wp-json\/wp\/v2\/comments?post=2799"}],"version-history":[{"count":12,"href":"https:\/\/www.notebook.hu\/blog\/wp-json\/wp\/v2\/posts\/2799\/revisions"}],"predecessor-version":[{"id":3286,"href":"https:\/\/www.notebook.hu\/blog\/wp-json\/wp\/v2\/posts\/2799\/revisions\/3286"}],"wp:featuredmedia":[{"embeddable":true,"href":"https:\/\/www.notebook.hu\/blog\/wp-json\/wp\/v2\/media\/2862"}],"wp:attachment":[{"href":"https:\/\/www.notebook.hu\/blog\/wp-json\/wp\/v2\/media?parent=2799"}],"wp:term":[{"taxonomy":"category","embeddable":true,"href":"https:\/\/www.notebook.hu\/blog\/wp-json\/wp\/v2\/categories?post=2799"},{"taxonomy":"post_tag","embeddable":true,"href":"https:\/\/www.notebook.hu\/blog\/wp-json\/wp\/v2\/tags?post=2799"}],"curies":[{"name":"wp","href":"https:\/\/api.w.org\/{rel}","templated":true}]}}