{"id":2768,"date":"2018-04-03T08:52:00","date_gmt":"2018-04-03T06:52:00","guid":{"rendered":"https:\/\/www.notebook.hu\/blog\/?p=2768"},"modified":"2018-04-03T12:08:23","modified_gmt":"2018-04-03T10:08:23","slug":"hogy-mukodik-a-vezetek-nelkuli-toltes","status":"publish","type":"post","link":"https:\/\/www.notebook.hu\/blog\/hogy-mukodik-a-vezetek-nelkuli-toltes\/","title":{"rendered":"Hogy m\u0171k\u00f6dik a vezet\u00e9k n\u00e9lk\u00fcli t\u00f6lt\u00e9s?"},"content":{"rendered":"<p><strong>A vezet\u00e9k n\u00e9lk\u00fcli t\u00f6lt\u00e9s egyre kritikusabb k\u00e9rd\u00e9ss\u00e9 v\u00e1lik a napokban. Elektronikai term\u00e9kek sora dolgozik akkumul\u00e1torral, ami bizony le is tud mer\u00fclni. A k\u00e9rd\u00e9s csak az, milyen m\u00f3dszerrel tudn\u00e1nk megoldani a t\u00f6lt\u00e9st, ami egyszerre eszt\u00e9tikus \u00e9s nem j\u00e1r vele t\u00f6bb m\u00e9ter, s\u00e9r\u00fcl\u00e9keny k\u00e1bel? N\u00e9zz\u00fck, hogyan is alakul a vezet\u00e9k n\u00e9lk\u00fcli t\u00f6lt\u00e9s technol\u00f3gi\u00e1ja!<\/strong><\/p>\n<p>A XXI. sz\u00e1zadban \u00e9lve a \u201evan egy t\u00f6lt\u0151d\u201d annyira megszokott mondatt\u00e1 v\u00e1lt, mintha csak a k\u00f6zeli k\u00f6z\u00e9rt holl\u00e9t\u00e9re k\u00e9rdezn\u00e9nk. A k\u00fcl\u00f6nb\u00f6z\u0151 csatlakoz\u00f3k vari\u00e1l\u00e1s\u00e1val val\u00f3 probl\u00e9ma (thunderbolt, micro USB, vagy Type-C, avagy a \u201ebocs nekem nem olyan t\u00f6lt\u0151m van\u201d szitu\u00e1ci\u00f3) egyik lehets\u00e9ges megold\u00e1sa az lenne, ha fogn\u00e1nk egy platformot, amire csak r\u00e1 k\u00e9ne tenni az eszk\u00f6z\u00f6ket \u00e9s m\u00e1r kapn\u00e1k is az \u00e9ltet\u0151 energi\u00e1t. Ut\u00f3pisztikusnak hangzik, hogy minden telefont ugyanolyan dokkol\u00f3val t\u00f6lts\u00fcnk, de tegy\u00fck fel, hogy megvan. A k\u00e9rd\u00e9s az: hogyan m\u0171k\u00f6dik?<\/p>\n<p>2015-ben m\u00e9g 3 konzorcium szabv\u00e1nya versengett a vil\u00e1gels\u0151s\u00e9g\u00e9rt: a Wireless Power Consortium (WPC), a Power Matters Alliance (PMA) \u00e9s az Alliance for Wireless Power (A4WP). Mindh\u00e1rom szabv\u00e1ny nagyon hasonl\u00edtott egym\u00e1sra; indukci\u00f3s t\u00f6lt\u00e9st \u00e9s m\u00e1gneses rezonanci\u00e1t haszn\u00e1ltak az \u00e1ram tov\u00e1bb\u00edt\u00e1s\u00e1ra. Egy\u00e9rtelm\u0171en a WPC \u00e1ltal kital\u00e1lt rendszer, a Qi volt a legn\u00e9pszer\u0171bb szabv\u00e1ny a vezet\u00e9k n\u00e9lk\u00fcli t\u00f6lt\u00e9s piac\u00e1n, s annak ellen\u00e9re, hogy a k\u00e9t m\u00e1sik vet\u00e9lyt\u00e1rs egyes\u00edtett er\u0151vel pr\u00f3b\u00e1lta legy\u0171rni, tov\u00e1bbra is a Qi megtartotta vezet\u0151 poz\u00edci\u00f3j\u00e1t.<\/p>\n<p><a href=\"https:\/\/www.notebook.hu\/blog\/wp-content\/uploads\/2018\/03\/wirelesschargers-lowres-2x1-6597-1.jpg\"><img loading=\"lazy\" decoding=\"async\" data-attachment-id=\"2769\" data-permalink=\"https:\/\/www.notebook.hu\/blog\/hogy-mukodik-a-vezetek-nelkuli-toltes\/wirelesschargers-lowres-2x1-6597-1\/\" data-orig-file=\"https:\/\/www.notebook.hu\/blog\/wp-content\/uploads\/2018\/03\/wirelesschargers-lowres-2x1-6597-1.jpg\" data-orig-size=\"1024,512\" data-comments-opened=\"0\" data-image-meta=\"{&quot;aperture&quot;:&quot;0&quot;,&quot;credit&quot;:&quot;&quot;,&quot;camera&quot;:&quot;&quot;,&quot;caption&quot;:&quot;&quot;,&quot;created_timestamp&quot;:&quot;0&quot;,&quot;copyright&quot;:&quot;&quot;,&quot;focal_length&quot;:&quot;0&quot;,&quot;iso&quot;:&quot;0&quot;,&quot;shutter_speed&quot;:&quot;0&quot;,&quot;title&quot;:&quot;&quot;,&quot;orientation&quot;:&quot;0&quot;}\" data-image-title=\"wirelesschargers-lowres-2&#215;1-6597-1\" data-image-description=\"\" data-image-caption=\"\" data-medium-file=\"https:\/\/www.notebook.hu\/blog\/wp-content\/uploads\/2018\/03\/wirelesschargers-lowres-2x1-6597-1-300x150.jpg\" data-large-file=\"https:\/\/www.notebook.hu\/blog\/wp-content\/uploads\/2018\/03\/wirelesschargers-lowres-2x1-6597-1-1024x512.jpg\" class=\"alignnone wp-image-2769 size-large\" src=\"https:\/\/www.notebook.hu\/blog\/wp-content\/uploads\/2018\/03\/wirelesschargers-lowres-2x1-6597-1-1024x512.jpg\" alt=\"\" width=\"618\" height=\"309\" srcset=\"https:\/\/www.notebook.hu\/blog\/wp-content\/uploads\/2018\/03\/wirelesschargers-lowres-2x1-6597-1.jpg 1024w, https:\/\/www.notebook.hu\/blog\/wp-content\/uploads\/2018\/03\/wirelesschargers-lowres-2x1-6597-1-300x150.jpg 300w, https:\/\/www.notebook.hu\/blog\/wp-content\/uploads\/2018\/03\/wirelesschargers-lowres-2x1-6597-1-768x384.jpg 768w, https:\/\/www.notebook.hu\/blog\/wp-content\/uploads\/2018\/03\/wirelesschargers-lowres-2x1-6597-1-660x330.jpg 660w\" sizes=\"auto, (max-width: 618px) 100vw, 618px\" \/><\/a><\/p>\n<p>K\u00e9tf\u00e9lek\u00e9ppen lehet vezet\u00e9k n\u00e9lk\u00fcl t\u00f6lteni: m\u00e1gneses rezonanci\u00e1val vagy indukci\u00f3s t\u00f6lt\u00e9ssel. A legjobb m\u00f3dszer vezet\u00e9k n\u00e9lk\u00fcli t\u00f6lt\u00e9s el\u00e9r\u00e9s\u00e9hez az indukci\u00f3 bizonyult. Az ad\u00f3 tekercs kis hat\u00f3t\u00e1v\u00fa elektrom\u00e1gneses teret hoz l\u00e9tre a vev\u0151 tekercs k\u00f6z\u00f6tt, amin elektromos \u00e1ramot tud \u00e1tadni. Ezeket a vev\u0151 tekercseket \u00e9p\u00edtik be a gy\u00e1rak a telefonok \u00e9s m\u00e1s elektronikai cikkek akkumul\u00e1tor\u00e1ba, hogy k\u00e9pesek legyenek t\u00f6lteni k\u00e1belek n\u00e9lk\u00fcl \u00e9s ez dolgozik \u00f6ssze a dokkol\u00f3ban l\u00e9v\u0151 tekerccsel. Az indukci\u00f3s t\u00f6lt\u00e9s hat\u00f3t\u00e1vols\u00e1ga viszonylag kicsi, 5 mm, teh\u00e1t pontosan r\u00e1 kell helyezni a telefont az ad\u00f3tekercsre, hogy t\u00f6lts\u00f6n. A leg\u00fajabb t\u00f6lt\u0151pontok m\u00e1r nem csak indukci\u00f3val, hanem m\u00e1gneses rezonanci\u00e1val is kompatibilisek, ez\u00e9rt a hat\u00f3t\u00e1vols\u00e1g 45mm-re n\u00f6vekedett.<\/p>\n<p>Nem csak a hat\u00f3t\u00e1vols\u00e1g n\u00f6vekedik, de egyre ink\u00e1bb javul a t\u00f6lt\u00e9si id\u0151 is. Ugyan m\u00e9g az \u00e1tlag t\u00f6lt\u0151k lassabbak, mint a standard k\u00e1beles t\u00f6lt\u00e9s, de az \u00faj elj\u00e1r\u00e1soknak \u00e9s alapanyagoknak k\u00f6sz\u00f6nhet\u0151en a gy\u00e1rt\u00f3k k\u00e9pesek egyre magasabb frekvenci\u00e1t \u00e9s egyre v\u00e9konyabb tekercseket haszn\u00e1lni, ez\u00e1ltal jav\u00edtani a szerkezetek k\u00e9pess\u00e9geit. Ott vannak p\u00e9ld\u00e1ul a QC3 szabv\u00e1nyt haszn\u00e1l\u00f3 t\u00f6lt\u0151k, amik m\u00e1r egyre jobban fel tudj\u00e1k venni a versenyt a k\u00e1beles vet\u00e9lyt\u00e1rssal \u00e9s alkalmazni p\u00e9ld\u00e1ul a Samsung Fast Charge t\u00f6lt\u00e9s\u00e9t.<\/p>\n<p>Pozit\u00edvum, hogy a nagy gy\u00e1rt\u00f3k, mint a piacvezet\u0151 Samsung \u00e9s Apple sz\u00e1m\u00e1ra izgalmasnak t\u0171nik ez a megold\u00e1s. El\u0151bbi kijelentette, hogy igyekszik a k\u00f6z\u00e9pszint\u0171 telefonjaiban is \u00e1ltal\u00e1nos\u00edtani ezt a t\u00f6lt\u00e9smechanizmust, valamint az Apple a 8-as \u00e9s az X kiad\u00e1sokkal is bel\u00e9pett a vezet\u00e9k n\u00e9lk\u00fcliek csapat\u00e1ba. Ut\u00f3bbin\u00e1l az egy k\u00fcl\u00f6n kiemelend\u0151 t\u00e9ny, hogy nem egy \u201eexkluz\u00edv\u201d rendszert alkalmaznak, hanem hajland\u00f3ak voltak be\u00e1llni az Androidosokkal k\u00f6z\u00f6s sorba.<\/p>\n<p>H\u00e9tk\u00f6znapi k\u00e9rd\u00e9sek persze felmer\u00fcltek ezzel kapcsolatban is. Vajon nem vesz\u00e9lyes az emberre a r\u00e1di\u00f3frekvenci\u00e1s sug\u00e1rz\u00e1s? Nos, a rendszer kb. 110-250 KHz frekvenci\u00e1n \u00fczemel, ez ezerszer kevesebb, mint amit pl. egy mikr\u00f3ban tal\u00e1lunk. Ha az nem \u00f6l meg, akkor ez sem. Akinek a k\u00e9sz\u00fcl\u00e9ke nem t\u00e1mogatja a vezet\u00e9k n\u00e9lk\u00fcli t\u00f6lt\u00e9st, de m\u00e9g is szeretn\u00e9 \u00fagy t\u00f6lteni a telefonj\u00e1t, annak sem kell lemondania err\u0151l az \u00e9lm\u00e9nyr\u0151l. Kaphat\u00f3 ugyanis egy kieg\u00e9sz\u00edt\u0151, melyet a telefon h\u00e1tlapja \u00e9s a telefon k\u00f6z\u00e9 lehet tenni, a kil\u00f3g\u00f3 vezet\u00e9ket pedig a microUSB csatlakoz\u00f3ba dugni.<\/p>\n<p>\u00d6sszess\u00e9g\u00e9ben elmondhat\u00f3, hogy egyre \u00e1lland\u00f3sul\u00f3 t\u00e9nyez\u0151 lesz vezet\u00e9k n\u00e9lk\u00fcli t\u00f6lt\u00e9s a telefonok piac\u00e1n. Az \u00fajabbn\u00e1l-\u00fajabb rendszerszabv\u00e1nyok \u00e9s a k\u00eds\u00e9rletez\u0151 szellem\u0171 fejleszt\u0151k tenni fognak r\u00f3la, hogy ne csak gyorsabb, de nagyobb hat\u00f3t\u00e1v\u00fa eszk\u00f6z\u00f6ket tudjanak el\u00e9nk tenni. Mi pedig sok szeretettel v\u00e1rjuk \u0151ket!<\/p>\n<p><em>Forr\u00e1s:<\/em><\/p>\n<p><em><a href=\"https:\/\/wcharge.eu\/vezetek-nelkuli-toltes\/\">https:\/\/wcharge.eu\/vezetek-nelkuli-toltes\/<\/a><\/em><\/p>\n<p><em><a href=\"https:\/\/logout.hu\/cikk\/vezetek_nelkuli_toltes_faq\/teljes.html\">https:\/\/logout.hu\/cikk\/vezetek_nelkuli_toltes_faq\/teljes.html<\/a><\/em><\/p>\n<p><em>http:\/\/kinaicuccok.blog.hu\/2017\/04\/12\/vezetek_velkuli_mobil_telefon_toltok_tesztje_blitzwolf_fast_charger_samsung_noname_wireless_charger<\/em><\/p>\n","protected":false},"excerpt":{"rendered":"<p>A vezet\u00e9k n\u00e9lk\u00fcli t\u00f6lt\u00e9s egyre kritikusabb k\u00e9rd\u00e9ss\u00e9 v\u00e1lik a napokban. Elektronikai term\u00e9kek sora dolgozik akkumul\u00e1torral, ami bizony le is tud mer\u00fclni. A k\u00e9rd\u00e9s csak az, milyen m\u00f3dszerrel tudn\u00e1nk megoldani a t\u00f6lt\u00e9st, ami egyszerre eszt\u00e9tikus \u00e9s nem j\u00e1r vele t\u00f6bb m\u00e9ter, s\u00e9r\u00fcl\u00e9keny k\u00e1bel? N\u00e9zz\u00fck, hogyan is alakul a vezet\u00e9k n\u00e9lk\u00fcli t\u00f6lt\u00e9s technol\u00f3gi\u00e1ja! A XXI. sz\u00e1zadban \u00e9lve &hellip;<\/p>\n","protected":false},"author":1,"featured_media":2769,"comment_status":"closed","ping_status":"open","sticky":false,"template":"","format":"standard","meta":{"_jetpack_memberships_contains_paid_content":false,"footnotes":""},"categories":[211],"tags":[294,292,293],"class_list":["post-2768","post","type-post","status-publish","format-standard","has-post-thumbnail","","category-tudomany","tag-tolto","tag-tudomany","tag-vezetek-nelkuli-toltes"],"jetpack_featured_media_url":"https:\/\/www.notebook.hu\/blog\/wp-content\/uploads\/2018\/03\/wirelesschargers-lowres-2x1-6597-1.jpg","jetpack_shortlink":"https:\/\/wp.me\/p9xSLL-IE","jetpack_sharing_enabled":true,"_links":{"self":[{"href":"https:\/\/www.notebook.hu\/blog\/wp-json\/wp\/v2\/posts\/2768","targetHints":{"allow":["GET"]}}],"collection":[{"href":"https:\/\/www.notebook.hu\/blog\/wp-json\/wp\/v2\/posts"}],"about":[{"href":"https:\/\/www.notebook.hu\/blog\/wp-json\/wp\/v2\/types\/post"}],"author":[{"embeddable":true,"href":"https:\/\/www.notebook.hu\/blog\/wp-json\/wp\/v2\/users\/1"}],"replies":[{"embeddable":true,"href":"https:\/\/www.notebook.hu\/blog\/wp-json\/wp\/v2\/comments?post=2768"}],"version-history":[{"count":2,"href":"https:\/\/www.notebook.hu\/blog\/wp-json\/wp\/v2\/posts\/2768\/revisions"}],"predecessor-version":[{"id":2776,"href":"https:\/\/www.notebook.hu\/blog\/wp-json\/wp\/v2\/posts\/2768\/revisions\/2776"}],"wp:featuredmedia":[{"embeddable":true,"href":"https:\/\/www.notebook.hu\/blog\/wp-json\/wp\/v2\/media\/2769"}],"wp:attachment":[{"href":"https:\/\/www.notebook.hu\/blog\/wp-json\/wp\/v2\/media?parent=2768"}],"wp:term":[{"taxonomy":"category","embeddable":true,"href":"https:\/\/www.notebook.hu\/blog\/wp-json\/wp\/v2\/categories?post=2768"},{"taxonomy":"post_tag","embeddable":true,"href":"https:\/\/www.notebook.hu\/blog\/wp-json\/wp\/v2\/tags?post=2768"}],"curies":[{"name":"wp","href":"https:\/\/api.w.org\/{rel}","templated":true}]}}