{"id":2660,"date":"2018-03-13T09:33:57","date_gmt":"2018-03-13T08:33:57","guid":{"rendered":"https:\/\/www.notebook.hu\/blog\/?p=2660"},"modified":"2018-03-13T09:33:57","modified_gmt":"2018-03-13T08:33:57","slug":"robot-a-francia-focipalyan","status":"publish","type":"post","link":"https:\/\/www.notebook.hu\/blog\/robot-a-francia-focipalyan\/","title":{"rendered":"Robot a francia focip\u00e1ly\u00e1n!"},"content":{"rendered":"<p><a href=\"https:\/\/www.notebook.hu\/blog\/wp-content\/uploads\/2018\/02\/redgol-assets.s3.amazonaws.jpg\"><img loading=\"lazy\" decoding=\"async\" data-attachment-id=\"2661\" data-permalink=\"https:\/\/www.notebook.hu\/blog\/robot-a-francia-focipalyan\/redgol-assets-s3-amazonaws\/\" data-orig-file=\"https:\/\/www.notebook.hu\/blog\/wp-content\/uploads\/2018\/02\/redgol-assets.s3.amazonaws.jpg\" data-orig-size=\"670,495\" data-comments-opened=\"0\" data-image-meta=\"{&quot;aperture&quot;:&quot;0&quot;,&quot;credit&quot;:&quot;&quot;,&quot;camera&quot;:&quot;&quot;,&quot;caption&quot;:&quot;&quot;,&quot;created_timestamp&quot;:&quot;0&quot;,&quot;copyright&quot;:&quot;&quot;,&quot;focal_length&quot;:&quot;0&quot;,&quot;iso&quot;:&quot;0&quot;,&quot;shutter_speed&quot;:&quot;0&quot;,&quot;title&quot;:&quot;&quot;,&quot;orientation&quot;:&quot;0&quot;}\" data-image-title=\"redgol-assets.s3.amazonaws\" data-image-description=\"\" data-image-caption=\"\" data-medium-file=\"https:\/\/www.notebook.hu\/blog\/wp-content\/uploads\/2018\/02\/redgol-assets.s3.amazonaws-300x222.jpg\" data-large-file=\"https:\/\/www.notebook.hu\/blog\/wp-content\/uploads\/2018\/02\/redgol-assets.s3.amazonaws.jpg\" class=\"alignnone wp-image-2661 size-full\" src=\"https:\/\/www.notebook.hu\/blog\/wp-content\/uploads\/2018\/02\/redgol-assets.s3.amazonaws.jpg\" alt=\"\" width=\"670\" height=\"495\" srcset=\"https:\/\/www.notebook.hu\/blog\/wp-content\/uploads\/2018\/02\/redgol-assets.s3.amazonaws.jpg 670w, https:\/\/www.notebook.hu\/blog\/wp-content\/uploads\/2018\/02\/redgol-assets.s3.amazonaws-300x222.jpg 300w\" sizes=\"auto, (max-width: 670px) 100vw, 670px\" \/><\/a><\/p>\n<p><strong>Dijon m\u00e1r nem csak a must\u00e1r miatt lehet \u00e9rdekes sz\u00e1munkra! Kor\u00e1bban m\u00e1r dijoni Universit\u00e9 de Bourgogne robotik\u00e1val foglalkoz\u00f3 szaka rendezett versenyt a k\u00fcl\u00f6nb\u00f6z\u0151 j\u00e1rni \u00e9s mozdulni k\u00e9pes robotok sz\u00e1m\u00e1ra, most pedig a v\u00e1ros \u00fajabb robotos esem\u00e9nnyel lett gazdagabb.<\/strong><\/p>\n<p>Febru\u00e1r 24-\u00e9n este, a Dijon labdar\u00fag\u00f3 csapata a Caent fogadta a francia bajnoks\u00e1g aktu\u00e1lis fordul\u00f3j\u00e1ban. \u00a0A magyar v\u00e1logatott Lang \u00c1d\u00e1m csapat\u00e1nak (aki jelenleg k\u00f6lcs\u00f6nben a m\u00e1sodoszt\u00e1ly\u00fa Nancyban r\u00fagja a b\u0151rt) p\u00e1ly\u00e1j\u00e1ra azonban egy k\u00fcl\u00f6nleges vend\u00e9g \u00e9rkezett. A DFCO GeekDay keretein bel\u00fcl (ami egyfajta \u201ekock\u00e1knak\u201d sz\u00e1nt nap volt a francia sportklub rendez\u00e9s\u00e9ben) egy NAO robot v\u00e9gezhette el az \u00fcnnep\u00e9lyes kezd\u0151r\u00fag\u00e1st. A NAO egy humanoid robot, amelyet a p\u00e1rizsi sz\u00e9khely\u0171 Aldebaran Robotics fejlesztett ki.<\/p>\n<p>Az 58 centim\u00e9ter magas robot nem csak a kezd\u0151r\u00fag\u00e1st v\u00e9gezte el t\u00f6k\u00e9letesen, de a franci\u00e1k egyik kedvenc\u00e9nek, Paul Pogb\u00e1nak a g\u00f3l\u00f6r\u00f6m\u00e9t is t\u00f6k\u00e9letesen lem\u00e1solta: egy robotikus dabbel k\u00f6sz\u00f6nt\u00f6tte a k\u00f6z\u00f6ns\u00e9get. Sajnos az \u0151t k\u00eds\u00e9r\u0151 kijelz\u0151s robotr\u00f3l, valamint annak gazd\u00e1j\u00e1r\u00f3l sok inform\u00e1ci\u00f3t nem kaphattunk, a gesztus abszol\u00fat elnyerte a tetsz\u00e9s\u00e9t a robotika rajong\u00f3inak. Az ezt k\u00eds\u00e9r\u0151 kommentek k\u00f6zt is sz\u00fclettek izgalmas reakci\u00f3k: Tal\u00e1n a robot v\u00e1ltja majd Lang \u00c1d\u00e1mot a Dijonn\u00e1l? Vagy van olyan csapat, aki ezut\u00e1n a teljes\u00edtm\u00e9ny ut\u00e1n m\u00e1r 50 milli\u00f3 fontot k\u00edn\u00e1lna \u00e9rte? Volt olyan, aki szerint annyira men\u0151 volt a dab, hogy itt az ideje elfogadni a robotokat, mint felett\u00fcnk l\u00e9v\u0151 hatalom \u00e9s sz\u00e9pen beh\u00f3dolni nekik.<\/p>\n<p>Nem ez az els\u0151, hogy egy Nao focip\u00e1ly\u00e1ra l\u00e9p, ugyanis a RoboCup nev\u0171, robotoknak sz\u00e1nt labdar\u00fag\u00f3 bajnoks\u00e1gon m\u00e1r t\u00f6bbsz\u00f6r is l\u00e1thattuk a csapatokba rendezett robotokat a gy\u0151zelem\u00e9rt k\u00fczdeni.<\/p>\n<p>Az egyel\u0151re od\u00e9bb van, hogy egy emberi meccsen robotok is r\u00e9szt vegyenek, s\u0151t nem is lenne igaz\u00e1n fair k\u00fczdelem, amikor egy f\u00e9m\u00f6tv\u00f6zetes s\u00edpcsont tal\u00e1lkozik h\u00fas \u00e9s csont ellenfel\u00e9vel. A\u00fa!<\/p>\n<div style=\"width: 100%; height: 0px; position: relative; padding-bottom: 56.227%;\"><iframe loading=\"lazy\" style=\"width: 100%; height: 100%; position: absolute;\" src=\"https:\/\/streamable.com\/s\/lok2z\/ulovxi\" width=\"100%\" height=\"100%\" frameborder=\"0\" allowfullscreen=\"allowfullscreen\"><\/iframe><\/div>\n<p>Forr\u00e1sok:<\/p>\n<p><a href=\"http:\/\/www.beinsports.com\/au\/ligue-1\/video\/robot-kicks-off-ligue-1-match\/800543\">http:\/\/www.beinsports.com\/au\/ligue-1\/video\/robot-kicks-off-ligue-1-match\/800543<\/a><\/p>\n<p><a href=\"http:\/\/www.whoateallthepies.tv\/videos\/269065\/ligue-1-dabbing-robot-kicks-off-dijon-v-caen-clash-in-ridiculous-pre-match-nonsense-video.html\">http:\/\/www.whoateallthepies.tv\/videos\/269065\/ligue-1-dabbing-robot-kicks-off-dijon-v-caen-clash-in-ridiculous-pre-match-nonsense-video.html<\/a><\/p>\n<p>http:\/\/www.nemzetisport.hu\/minden_mas_foci\/video-formabonto-kezdorugas-a-francia-bajnokin-2621389<\/p>\n","protected":false},"excerpt":{"rendered":"<p>Dijon m\u00e1r nem csak a must\u00e1r miatt lehet \u00e9rdekes sz\u00e1munkra! Kor\u00e1bban m\u00e1r dijoni Universit\u00e9 de Bourgogne robotik\u00e1val foglalkoz\u00f3 szaka rendezett versenyt a k\u00fcl\u00f6nb\u00f6z\u0151 j\u00e1rni \u00e9s mozdulni k\u00e9pes robotok sz\u00e1m\u00e1ra, most pedig a v\u00e1ros \u00fajabb robotos esem\u00e9nnyel lett gazdagabb. Febru\u00e1r 24-\u00e9n este, a Dijon labdar\u00fag\u00f3 csapata a Caent fogadta a francia bajnoks\u00e1g aktu\u00e1lis fordul\u00f3j\u00e1ban. \u00a0A magyar &hellip;<\/p>\n","protected":false},"author":1,"featured_media":2661,"comment_status":"closed","ping_status":"open","sticky":false,"template":"","format":"standard","meta":{"_jetpack_memberships_contains_paid_content":false,"footnotes":""},"categories":[42],"tags":[],"class_list":["post-2660","post","type-post","status-publish","format-standard","has-post-thumbnail","","category-cikkek"],"jetpack_featured_media_url":"https:\/\/www.notebook.hu\/blog\/wp-content\/uploads\/2018\/02\/redgol-assets.s3.amazonaws.jpg","jetpack_shortlink":"https:\/\/wp.me\/p9xSLL-GU","jetpack_sharing_enabled":true,"_links":{"self":[{"href":"https:\/\/www.notebook.hu\/blog\/wp-json\/wp\/v2\/posts\/2660","targetHints":{"allow":["GET"]}}],"collection":[{"href":"https:\/\/www.notebook.hu\/blog\/wp-json\/wp\/v2\/posts"}],"about":[{"href":"https:\/\/www.notebook.hu\/blog\/wp-json\/wp\/v2\/types\/post"}],"author":[{"embeddable":true,"href":"https:\/\/www.notebook.hu\/blog\/wp-json\/wp\/v2\/users\/1"}],"replies":[{"embeddable":true,"href":"https:\/\/www.notebook.hu\/blog\/wp-json\/wp\/v2\/comments?post=2660"}],"version-history":[{"count":7,"href":"https:\/\/www.notebook.hu\/blog\/wp-json\/wp\/v2\/posts\/2660\/revisions"}],"predecessor-version":[{"id":2706,"href":"https:\/\/www.notebook.hu\/blog\/wp-json\/wp\/v2\/posts\/2660\/revisions\/2706"}],"wp:featuredmedia":[{"embeddable":true,"href":"https:\/\/www.notebook.hu\/blog\/wp-json\/wp\/v2\/media\/2661"}],"wp:attachment":[{"href":"https:\/\/www.notebook.hu\/blog\/wp-json\/wp\/v2\/media?parent=2660"}],"wp:term":[{"taxonomy":"category","embeddable":true,"href":"https:\/\/www.notebook.hu\/blog\/wp-json\/wp\/v2\/categories?post=2660"},{"taxonomy":"post_tag","embeddable":true,"href":"https:\/\/www.notebook.hu\/blog\/wp-json\/wp\/v2\/tags?post=2660"}],"curies":[{"name":"wp","href":"https:\/\/api.w.org\/{rel}","templated":true}]}}