{"id":2656,"date":"2018-03-13T09:32:28","date_gmt":"2018-03-13T08:32:28","guid":{"rendered":"https:\/\/www.notebook.hu\/blog\/?p=2656"},"modified":"2018-03-13T09:32:28","modified_gmt":"2018-03-13T08:32:28","slug":"kijelzo-vedelem","status":"publish","type":"post","link":"https:\/\/www.notebook.hu\/blog\/kijelzo-vedelem\/","title":{"rendered":"Kijelz\u0151-v\u00e9delem \u2013 Mi v\u00e9dhet meg a repedezett k\u00e9pekt\u0151l?"},"content":{"rendered":"<p><a href=\"https:\/\/www.notebook.hu\/blog\/wp-content\/uploads\/2018\/02\/184tey631q13hjpg.jpg\"><img loading=\"lazy\" decoding=\"async\" data-attachment-id=\"2657\" data-permalink=\"https:\/\/www.notebook.hu\/blog\/kijelzo-vedelem\/184tey631q13hjpg\/\" data-orig-file=\"https:\/\/www.notebook.hu\/blog\/wp-content\/uploads\/2018\/02\/184tey631q13hjpg.jpg\" data-orig-size=\"800,450\" data-comments-opened=\"0\" data-image-meta=\"{&quot;aperture&quot;:&quot;0&quot;,&quot;credit&quot;:&quot;&quot;,&quot;camera&quot;:&quot;&quot;,&quot;caption&quot;:&quot;&quot;,&quot;created_timestamp&quot;:&quot;0&quot;,&quot;copyright&quot;:&quot;&quot;,&quot;focal_length&quot;:&quot;0&quot;,&quot;iso&quot;:&quot;0&quot;,&quot;shutter_speed&quot;:&quot;0&quot;,&quot;title&quot;:&quot;&quot;,&quot;orientation&quot;:&quot;0&quot;}\" data-image-title=\"184tey631q13hjpg\" data-image-description=\"\" data-image-caption=\"\" data-medium-file=\"https:\/\/www.notebook.hu\/blog\/wp-content\/uploads\/2018\/02\/184tey631q13hjpg-300x169.jpg\" data-large-file=\"https:\/\/www.notebook.hu\/blog\/wp-content\/uploads\/2018\/02\/184tey631q13hjpg.jpg\" class=\"alignnone wp-image-2657 size-full\" src=\"https:\/\/www.notebook.hu\/blog\/wp-content\/uploads\/2018\/02\/184tey631q13hjpg.jpg\" alt=\"\" width=\"800\" height=\"450\" srcset=\"https:\/\/www.notebook.hu\/blog\/wp-content\/uploads\/2018\/02\/184tey631q13hjpg.jpg 800w, https:\/\/www.notebook.hu\/blog\/wp-content\/uploads\/2018\/02\/184tey631q13hjpg-300x169.jpg 300w, https:\/\/www.notebook.hu\/blog\/wp-content\/uploads\/2018\/02\/184tey631q13hjpg-768x432.jpg 768w\" sizes=\"auto, (max-width: 800px) 100vw, 800px\" \/><\/a><\/p>\n<p><strong>Mi\u00f3ta van kijelz\u0151 a mobiltelefonokon, az\u00f3ta k\u00e9rd\u00e9s, hogy hogy v\u00e9dj\u00fck meg \u0151ket a s\u00e9r\u00fcl\u00e9st\u0151l. A mobilit\u00e1sb\u00f3l ad\u00f3d\u00f3 ide-oda hordozgat\u00e1s, t\u00e1sk\u00e1ba dob\u00e1l\u00e1s, zsebben hordoz\u00e1s \u00e9s hanyag felhaszn\u00e1l\u00e1s rengeteg potenci\u00e1lis vesz\u00e9lynek teszi ki kedvenceinket (ki dobja m\u00e9g rajtam k\u00edv\u00fcl az \u00e1gyra a telefont? Az megvan, amikor nagy ritk\u00e1n egy pattan\u00e1st k\u00f6vet\u0151en leveti mag\u00e1t az \u00e1gyr\u00f3l \u00e9s a sz\u0151nyegen landol?). Milyen megold\u00e1sok sz\u00fclettek az ut\u00f3bbi id\u0151kben a s\u00e9r\u00fcl\u00e9sekre? Most \u00e1tn\u00e9zz\u00fck!<\/strong><\/p>\n<h3><strong>Er\u0151sebb kijelz\u0151!<\/strong><\/h3>\n<p>Term\u00e9szetesen az alap \u00f6tlet mindig is az volt: ha t\u00f6r\u00e9keny, er\u0151s\u00edts\u00fck meg! A gy\u00e1rt\u00f3kn\u00e1l az egyik legn\u00e9pszer\u0171bb v\u00e1laszt\u00e1s a <strong>Gorilla Glass<\/strong> \u00fcvegek felhaszn\u00e1l\u00e1sa az okostelefonokn\u00e1l. Nomen est omen alapon, a Gorilla \u00fcvegek \u00fct\u00e9s\u00e1ll\u00f3s\u00e1ga kiemelked\u0151en j\u00f3, valamint az \u00f6t\u00f6dik gener\u00e1ci\u00f3ba l\u00e9pve, egyre er\u0151sebb, m\u00e9gis egyre v\u00e9konyabb darabok j\u00f6nnek ki. A nagyobb teljes\u00edtm\u00e9nyre sz\u00fcks\u00e9g is van, hiszen m\u00e1r mindenhov\u00e1 magunkkal cipelj\u00fck az okostelefonjainkat, a v\u00e9konys\u00e1g pedig a fejleszt\u0151k sz\u00e1m\u00e1ra fontos, hiszen millim\u00e9terek d\u00f6ntenek egy-egy eszk\u00f6z\u00f6n bel\u00fcli strukt\u00fara kialak\u00edt\u00e1s\u00e1n\u00e1l. Egy besz\u00e9desebb adat, hogy az 1.6 m\u00e9ter magasr\u00f3l, kijelz\u0151vel lefel\u00e9 t\u00f6rt\u00e9n\u0151 becsap\u00f3d\u00e1sok 80%-n\u00e1l a teljesen s\u00e9rtetlen maradt az \u00fcveg. Ez az\u00e9rt is fontos, mert az emberek nagy r\u00e9sze v\u00e1llmagass\u00e1gb\u00f3l, azaz nagyj\u00e1b\u00f3l 1.40-1.60 m\u00e9ter magass\u00e1gb\u00f3l ejti le a telefont (val\u00f3sz\u00edn\u0171leg haszn\u00e1lat k\u00f6zben). Fontos kihangs\u00falyozni, hogy ez az \u00e9rt\u00e9k a kijelz\u0151re jellemz\u0151, a telefon ett\u0151l m\u00e9g b\u0151ven s\u00e9r\u00fclhet, p\u00e9ld\u00e1ul a beton fel\u00fcletekkel val\u00f3 koccan\u00e1sn\u00e1l.<\/p>\n<p>Mi a helyzet, ha az \u00fcveg helyett gy\u00e9m\u00e1ntot haszn\u00e1lunk? Az Akhan Semiconductor nev\u0171 c\u00e9g egyre t\u00f6bb partnerrel igyekszik tesztelni a gy\u00e9m\u00e1nt kijelz\u0151ket, hogy 2019-ben m\u00e1r megjelenhessenek az els\u0151 <strong>gy\u00e9m\u00e1nt<\/strong>-fel\u00fcletes eszk\u00f6z\u00f6k. K\u00e9t verzi\u00f3 is k\u00e9sz\u00fcl, egy alap v\u00e1ltozat, amely a telefonokban \u201eorganikusan\u201d megtal\u00e1lhat\u00f3 lesz, valamint egy ut\u00f3lag \u201er\u00e1ragaszthat\u00f3\u201d fed\u0151f\u00f3li\u00e1hoz hasonl\u00f3 bevonat, ami a standard \u00fcveges kijelz\u0151kre lesz rakhat\u00f3. Term\u00e9szetesen, nem t\u00f6m\u00f6r gy\u00e9m\u00e1nt lapk\u00e1kat fognak felhaszn\u00e1lni a telefonokhoz, mert az \u00e1rc\u00e9dul\u00e1t cs\u00fany\u00e1n megdobn\u00e1k (\u00edgy sem lesz olcs\u00f3 a technika), hanem egy hibrid \u00fcveg-gy\u00e9m\u00e1nt kever\u00e9ket haszn\u00e1lnak. Az elk\u00e9sz\u00edt\u00e9s\u00e9n\u00e9l nanom\u00e9ret\u0171 gy\u00e9m\u00e1nt krist\u00e1lyokkal eg\u00e9sz\u00edtik ki az \u00fcveget, ezzel meger\u0151s\u00edtve annak szerkezet\u00e9t.<\/p>\n<h3><strong>V\u00e9d\u0151f\u00f3lia: mit \u00e9r a matrica?<\/strong><\/h3>\n<p>Mi t\u00f6rt\u00e9nik akkor, ha nem b\u00edzunk a telefonunkat elk\u00e9sz\u00edt\u0151, lelkes tervez\u0151kben \u00e9s munk\u00e1sokban, s meger\u0151s\u00edten\u00e9nk a kijelz\u0151nket? Akkor j\u00f6hetnek sz\u00f3ba a kijelz\u0151re tapaszthat\u00f3 v\u00e9d\u0151r\u00e9tegek. K\u00e9t f\u0151bb verzi\u00f3t k\u00fcl\u00f6n\u00edthet\u00fcnk el a <strong>v\u00e9d\u0151f\u00f3li\u00e1k<\/strong> k\u00f6z\u00f6tt, az egyik a m\u0171anyag, m\u00edg a m\u00e1sik az edzett \u00fcveg. L\u00e9nyege mind a kett\u0151nek ugyanaz: meger\u0151s\u00edteni a telefon kijelz\u0151j\u00e9t \u00e9s v\u00e9deni az \u00fct\u0151d\u00e9sekt\u0151l. \u00c1rakat tekintve, gy\u00e1rt\u00f3t\u00f3l \u00e9s forgalmaz\u00f3t\u00f3l f\u00fcgg\u0151en 1000-4000 forint k\u00f6z\u00f6tt kaphatunk extra r\u00e9tegeket a telefonunkra. Egy negat\u00edvumot jegyezhet\u00fcnk meg ezekkel kapcsolatban, m\u00e9gpedig a porosod\u00e1st. Szem\u00e9lyes p\u00e9lda, de az \u00e9n telefonomra rakott v\u00e9d\u0151f\u00f3lia sz\u00e9le elkezdett koszosodni a zsebemben t\u00f6lt\u00f6tt percek-\u00f3r\u00e1k terhe alatt. M\u00e1s k\u00e9rd\u00e9s, hogy n\u00e9ha az illeszked\u00e9s sem t\u00f6k\u00e9letes \u00e9s sokat ronthat az eszt\u00e9tikai \u00e9lm\u00e9nyen egy rosszul elhelyezett f\u00f3lia. Ut\u00f3bbi felhelyez\u00e9se nem bonyolult, nem kell hozz\u00e1 tudom\u00e1nyos Nobel-d\u00edj, csak k\u00e9t k\u00f6zepesen \u00fcgyes k\u00e9z. A kijelz\u0151t megtiszt\u00edtva, a seg\u00e9dmatric\u00e1kkal sim\u00e1n r\u00e1emelhetj\u00fck a f\u00f3li\u00e1t a telefonunkra, ezzel megadva az extra v\u00e9delmet. Aj\u00e1nlani tudjuk, de \u00e9rdemes szak\u00e9rt\u0151vel int\u00e9zni a dolgot \u00e9s nem a h\u00e1zibark\u00e1csra b\u00edzni a dolgot.<\/p>\n<p>Egy fentebbi bekezd\u00e9sn\u00e9l m\u00e1r el\u0151ker\u00fclt a gy\u00e9m\u00e1nt-technol\u00f3gia, amivel igyekeznek ezeket a f\u00f3li\u00e1kat is meger\u0151s\u00edteni majd. Az alternat\u00edv megold\u00e1sok az\u00e9rt m\u00e9g akadnak, az egyik p\u00e9ld\u00e1ul a foly\u00e9kony v\u00e9d\u0151r\u00e9teg. Ez egy speci\u00e1lis anyag, amit a kijelz\u0151re kenve, egy \u201el\u00e1thatatlan p\u00e1nc\u00e9l\u201d ter\u00fcl el a k\u00e9perny\u0151n. A technika l\u00e9nyege, hogy a nanotechnol\u00f3gi\u00e1val el\u0151\u00e1ll\u00edtott g\u00e9l zaf\u00edr kem\u00e9nys\u00e9g\u0171v\u00e9 szil\u00e1rdul \u00e9s ezzel v\u00e9di a karcokt\u00f3l a telefont. A g\u00e9lek elvileg 12 h\u00f3napot b\u00edrnak ki, \u00edgy sz\u00e1molnunk kell az \u00e9venk\u00e9nti \u201e\u00fajraken\u00e9ssel\u201d. Pozit\u00edv mell\u00e9khat\u00e1sk\u00e9nt szokt\u00e1k emlegetni, hogy a g\u00e9l felhaszn\u00e1l\u00e1sa ut\u00e1n a kijelz\u0151 sz\u00ednei \u00e9l\u00e9nkebb\u00e9 v\u00e1lnak, valamint fokozza a kijelz\u0151 \u00e9rint\u00e9s\u00e9rz\u00e9kenys\u00e9g\u00e9t. Ezt a megold\u00e1st m\u00e9g sok vita \u00f6vezi, de \u00e9rdemes lehet pr\u00f3b\u00e1t tenni ezzel a technol\u00f3gi\u00e1val is.<\/p>\n<h3><strong>\u00d6ngy\u00f3gy\u00edt\u00f3 f\u00f3lia \u00e9s b\u0151rtok?<\/strong><\/h3>\n<p>Az extr\u00e9mebb megold\u00e1sok kedvel\u0151inek j\u00f6jj\u00f6n most az <strong>\u00f6ngy\u00f3gy\u00edt\u00f3 f\u00f3lia<\/strong>. Az Innerexile nev\u0171 c\u00e9g kik\u00eds\u00e9rletezett egy mikrokapszul\u00e1kat tartalmaz\u00f3 g\u00e9lt, amelyek melyek s\u00e9r\u00fcl\u00e9skor egy ragaszt\u00f3hoz hasonl\u00f3 anyagot eresztenek ki magukb\u00f3l. Megvannak a defektbiztos gumik az Amerikai Taxi c\u00edm\u0171 filmb\u0151l? Nagyj\u00e1b\u00f3l ugyanaz a helyzet. A s\u00e9r\u00fcl\u00e9sn\u00e9l a g\u00e9l aktiv\u00e1l\u00f3dik \u00e9s kit\u00f6lti a s\u00e9r\u00fclt r\u00e9szt. A University of California Riversideon ett\u0151l is tov\u00e1bb mentek \u00e9s egy speci\u00e1lis polimer anyagb\u00f3l elk\u00e9sz\u00edtett kijelz\u0151b\u0151l hasonl\u00f3 dolgot hoztak ki. A k\u00e9perny\u0151 24 \u00f3r\u00e1n bel\u00fcl meggy\u00f3gy\u00edtotta mag\u00e1t. Ebben az a pl\u00e1ne, hogy nem egy plusz r\u00e9teg volt, hanem a kijelz\u0151 maga, ami forradalmas\u00edthatja a kijelz\u0151k gy\u00e1rt\u00e1s\u00e1t a k\u00e9s\u0151bbiekben.<\/p>\n<p>A v\u00e9g\u00e9re maradt a \u201egy\u00e1v\u00e1bbak\u201d megold\u00e1sa. A behajthat\u00f3 <strong>tokok<\/strong>. Igen, ennyire egyszer\u0171 lehet az eg\u00e9sz. Berakni a telefont egy tokba, azt\u00e1n b\u00edzni benne, hogy akkor nem esik le, amikor \u00e9ppen haszn\u00e1ljuk, vagy ha leesik, akkor a tok megv\u00e9di a strat\u00e9giai pontokon. Ezek \u00e1ltal\u00e1ban \u00fagy vannak kialak\u00edtva, hogy a kijelz\u0151 fel\u00e9 ny\u00falnak az illeszt\u0151 fel\u00fcletn\u00e9l, \u00edgy van es\u00e9ly arra, hogy v\u00e9d valamennyit a k\u00e9pen\u2026de, ha egy prof\u00e1n hasonlattal \u00e9lve, a pof\u00e1ra ejtett zs\u00edros keny\u00e9r eset\u00e9be helyezz\u00fck telefonunkat, nem biztos, hogy ett\u0151l a megold\u00e1st\u00f3l lenn\u00e9nk a legnyugodtabbak, a landol\u00e1s pillanat\u00e1ban.<\/p>\n<p><em>Forr\u00e1sok:<\/em><\/p>\n<p><a href=\"http:\/\/hu.ign.com\/okostelefon\/34088\/news\/jovore-erkezhet-az-elso-gyemantkijelzos-telefon\">http:\/\/hu.ign.com\/okostelefon\/34088\/news\/jovore-erkezhet-az-elso-gyemantkijelzos-telefon<\/a><br \/>\n<a href=\"https:\/\/index.hu\/tech\/cellanaplo\/2015\/10\/26\/van_olyan_hogy_ngyogyito_kijelzovedo_folia\/\">https:\/\/index.hu\/tech\/cellanaplo\/2015\/10\/26\/van_olyan_hogy_ngyogyito_kijelzovedo_folia\/<\/a><br \/>\n<a href=\"http:\/\/www.uvegfoliak.hu\/kijelzovedo-folyadek-vs-kijelzovedo-folia-vs-uvegfolia\/\">http:\/\/www.uvegfoliak.hu\/kijelzovedo-folyadek-vs-kijelzovedo-folia-vs-uvegfolia\/<\/a><br \/>\n<a href=\"https:\/\/www.telegraph.co.uk\/technology\/2017\/04\/05\/self-healing-phone-screen-can-fix-cracks-24-hours\/\">https:\/\/www.telegraph.co.uk\/technology\/2017\/04\/05\/self-healing-phone-screen-can-fix-cracks-24-hours\/<\/a><\/p>\n<p>&nbsp;<\/p>\n","protected":false},"excerpt":{"rendered":"<p>Mi\u00f3ta van kijelz\u0151 a mobiltelefonokon, az\u00f3ta k\u00e9rd\u00e9s, hogy hogy v\u00e9dj\u00fck meg \u0151ket a s\u00e9r\u00fcl\u00e9st\u0151l. A mobilit\u00e1sb\u00f3l ad\u00f3d\u00f3 ide-oda hordozgat\u00e1s, t\u00e1sk\u00e1ba dob\u00e1l\u00e1s, zsebben hordoz\u00e1s \u00e9s hanyag felhaszn\u00e1l\u00e1s rengeteg potenci\u00e1lis vesz\u00e9lynek teszi ki kedvenceinket (ki dobja m\u00e9g rajtam k\u00edv\u00fcl az \u00e1gyra a telefont? Az megvan, amikor nagy ritk\u00e1n egy pattan\u00e1st k\u00f6vet\u0151en leveti mag\u00e1t az \u00e1gyr\u00f3l \u00e9s a &hellip;<\/p>\n","protected":false},"author":1,"featured_media":2657,"comment_status":"closed","ping_status":"open","sticky":false,"template":"","format":"standard","meta":{"_jetpack_memberships_contains_paid_content":false,"footnotes":""},"categories":[211],"tags":[267,47],"class_list":["post-2656","post","type-post","status-publish","format-standard","has-post-thumbnail","","category-tudomany","tag-kijelzo","tag-okostelefon-mobiltelefon"],"jetpack_featured_media_url":"https:\/\/www.notebook.hu\/blog\/wp-content\/uploads\/2018\/02\/184tey631q13hjpg.jpg","jetpack_shortlink":"https:\/\/wp.me\/p9xSLL-GQ","jetpack_sharing_enabled":true,"_links":{"self":[{"href":"https:\/\/www.notebook.hu\/blog\/wp-json\/wp\/v2\/posts\/2656","targetHints":{"allow":["GET"]}}],"collection":[{"href":"https:\/\/www.notebook.hu\/blog\/wp-json\/wp\/v2\/posts"}],"about":[{"href":"https:\/\/www.notebook.hu\/blog\/wp-json\/wp\/v2\/types\/post"}],"author":[{"embeddable":true,"href":"https:\/\/www.notebook.hu\/blog\/wp-json\/wp\/v2\/users\/1"}],"replies":[{"embeddable":true,"href":"https:\/\/www.notebook.hu\/blog\/wp-json\/wp\/v2\/comments?post=2656"}],"version-history":[{"count":3,"href":"https:\/\/www.notebook.hu\/blog\/wp-json\/wp\/v2\/posts\/2656\/revisions"}],"predecessor-version":[{"id":2667,"href":"https:\/\/www.notebook.hu\/blog\/wp-json\/wp\/v2\/posts\/2656\/revisions\/2667"}],"wp:featuredmedia":[{"embeddable":true,"href":"https:\/\/www.notebook.hu\/blog\/wp-json\/wp\/v2\/media\/2657"}],"wp:attachment":[{"href":"https:\/\/www.notebook.hu\/blog\/wp-json\/wp\/v2\/media?parent=2656"}],"wp:term":[{"taxonomy":"category","embeddable":true,"href":"https:\/\/www.notebook.hu\/blog\/wp-json\/wp\/v2\/categories?post=2656"},{"taxonomy":"post_tag","embeddable":true,"href":"https:\/\/www.notebook.hu\/blog\/wp-json\/wp\/v2\/tags?post=2656"}],"curies":[{"name":"wp","href":"https:\/\/api.w.org\/{rel}","templated":true}]}}