{"id":2652,"date":"2018-02-27T15:20:45","date_gmt":"2018-02-27T14:20:45","guid":{"rendered":"https:\/\/www.notebook.hu\/blog\/?p=2652"},"modified":"2018-02-27T15:22:03","modified_gmt":"2018-02-27T14:22:03","slug":"samsung-galaxy-s9-elorendelesi-akcio","status":"publish","type":"post","link":"https:\/\/www.notebook.hu\/blog\/samsung-galaxy-s9-elorendelesi-akcio\/","title":{"rendered":"Samsung Galaxy S9 | S9+ el\u0151rendel\u00e9si akci\u00f3"},"content":{"rendered":"<p><strong>Rendeld el\u0151 n\u00e1lunk vadonat\u00faj Samsung Galaxy S9 vagy S9+ telefonod!<\/strong><\/p>\n<p>\u2606 Most 0% THM-mel 18 havi r\u00e9szletre is a Ti\u00e9d lehet!**<br \/>\n\u2606 V\u00e1lts most, mert r\u00e9gi okostelefonod most 30.000 Ft-tal t\u00f6bbet \u00e9r!*<br \/>\n\u2606 R\u00e1ad\u00e1sul a hivatalos megjelen\u00e9s el\u0151tt, ak\u00e1r 7 nappal kor\u00e1bban megkaphatod \u00faj k\u00e9sz\u00fcl\u00e9ked!<br \/>\n<span class=\"_5mfr _47e3\"><img loading=\"lazy\" decoding=\"async\" class=\"img\" role=\"presentation\" src=\"https:\/\/static.xx.fbcdn.net\/images\/emoji.php\/v9\/f40\/1\/16\/25b6.png\" alt=\"\" width=\"16\" height=\"16\" \/><span class=\"_7oe\">&#x25b6;<\/span><\/span>\u00a0Az el\u0151rendel\u00e9si akci\u00f3 tov\u00e1bbi r\u00e9szleteit itt tal\u00e1lod:\u00a0<strong><a href=\"https:\/\/www.notebook.hu\/samsung-galaxy-s9\" target=\"_blank\" rel=\" nofollow\" data-ft=\"{&quot;tn&quot;:&quot;-U&quot;}\" data-lynx-mode=\"asynclazy\" data-lynx-uri=\"https:\/\/l.facebook.com\/l.php?u=https%3A%2F%2Fwww.notebook.hu%2Fsamsung-galaxy-s9&amp;h=ATPXvVw3ZFJGCsfOsi_WDxO5c9B-6elEmjMg4vV_EMiOBCW-zAsQPBkAHbFpDI7PAiQLnKNF07HpVtwoeZc84Cxk4hj2omR9c3uFp8lEvbs1fvNFzFKfqIsaWCbKTUgrthG6g5s\">https:\/\/www.notebook.hu\/samsung-galaxy-s9<\/a><\/strong><\/p>\n<div class=\"text_exposed_show\">\n<p>*Az el\u0151rendel\u00e9si prom\u00f3ci\u00f3 id\u0151tartama 2018. febru\u00e1r 25. 19 \u00f3r\u00e1t\u00f3l 2018. m\u00e1rcius 15. 23.59 \u00f3r\u00e1ig tart.<br \/>\nA prom\u00f3ci\u00f3 felt\u00e9teleir\u0151l t\u00e1j\u00e9koz\u00f3dj a samsung.com-on. A 7 nappal kor\u00e1bbi kisz\u00e1ll\u00edt\u00e1s felt\u00e9teleir\u0151l \u00e9rdekl\u0151dj el\u00e9rhet\u0151s\u00e9geinken. A Samsung Galaxy S9 \u00e9s S9+ term\u00e9kek hivatalosan 2018. m\u00e1rcius 16-t\u00f3l \u00e9rhet\u0151ek el. A k\u00e9p illusztr\u00e1ci\u00f3.<\/p>\n<p>**A Digit\u00e1ltech Europe Kft. a Cofidis Magyarorsz\u00e1gi Fi\u00f3ktelep\u00e9nek a k\u00f6zvet\u00edt\u0151je.<\/p>\n<\/div>\n","protected":false},"excerpt":{"rendered":"<p>Rendeld el\u0151 n\u00e1lunk vadonat\u00faj Samsung Galaxy S9 vagy S9+ telefonod! \u2606 Most 0% THM-mel 18 havi r\u00e9szletre is a Ti\u00e9d lehet!** \u2606 V\u00e1lts most, mert r\u00e9gi okostelefonod most 30.000 Ft-tal t\u00f6bbet \u00e9r!* \u2606 R\u00e1ad\u00e1sul a hivatalos megjelen\u00e9s el\u0151tt, ak\u00e1r 7 nappal kor\u00e1bban megkaphatod \u00faj k\u00e9sz\u00fcl\u00e9ked! &#x25b6;\u00a0Az el\u0151rendel\u00e9si akci\u00f3 tov\u00e1bbi r\u00e9szleteit itt tal\u00e1lod:\u00a0https:\/\/www.notebook.hu\/samsung-galaxy-s9 *Az el\u0151rendel\u00e9si prom\u00f3ci\u00f3 &hellip;<\/p>\n","protected":false},"author":1,"featured_media":2653,"comment_status":"closed","ping_status":"open","sticky":false,"template":"","format":"standard","meta":{"_jetpack_memberships_contains_paid_content":false,"footnotes":""},"categories":[41],"tags":[266,265,55],"class_list":["post-2652","post","type-post","status-publish","format-standard","has-post-thumbnail","","category-hirek","tag-elorendeles","tag-galaxy-s9","tag-samsung"],"jetpack_featured_media_url":"https:\/\/www.notebook.hu\/blog\/wp-content\/uploads\/2018\/02\/20180226_samsung_galaxy_s9_elorendeles_0thm.png","jetpack_shortlink":"https:\/\/wp.me\/p9xSLL-GM","jetpack_sharing_enabled":true,"_links":{"self":[{"href":"https:\/\/www.notebook.hu\/blog\/wp-json\/wp\/v2\/posts\/2652","targetHints":{"allow":["GET"]}}],"collection":[{"href":"https:\/\/www.notebook.hu\/blog\/wp-json\/wp\/v2\/posts"}],"about":[{"href":"https:\/\/www.notebook.hu\/blog\/wp-json\/wp\/v2\/types\/post"}],"author":[{"embeddable":true,"href":"https:\/\/www.notebook.hu\/blog\/wp-json\/wp\/v2\/users\/1"}],"replies":[{"embeddable":true,"href":"https:\/\/www.notebook.hu\/blog\/wp-json\/wp\/v2\/comments?post=2652"}],"version-history":[{"count":3,"href":"https:\/\/www.notebook.hu\/blog\/wp-json\/wp\/v2\/posts\/2652\/revisions"}],"predecessor-version":[{"id":2669,"href":"https:\/\/www.notebook.hu\/blog\/wp-json\/wp\/v2\/posts\/2652\/revisions\/2669"}],"wp:featuredmedia":[{"embeddable":true,"href":"https:\/\/www.notebook.hu\/blog\/wp-json\/wp\/v2\/media\/2653"}],"wp:attachment":[{"href":"https:\/\/www.notebook.hu\/blog\/wp-json\/wp\/v2\/media?parent=2652"}],"wp:term":[{"taxonomy":"category","embeddable":true,"href":"https:\/\/www.notebook.hu\/blog\/wp-json\/wp\/v2\/categories?post=2652"},{"taxonomy":"post_tag","embeddable":true,"href":"https:\/\/www.notebook.hu\/blog\/wp-json\/wp\/v2\/tags?post=2652"}],"curies":[{"name":"wp","href":"https:\/\/api.w.org\/{rel}","templated":true}]}}