{"id":2624,"date":"2018-02-27T09:13:45","date_gmt":"2018-02-27T08:13:45","guid":{"rendered":"https:\/\/www.notebook.hu\/blog\/?p=2624"},"modified":"2018-02-23T09:58:26","modified_gmt":"2018-02-23T08:58:26","slug":"fotozzunk-mobillal-de-hogyan","status":"publish","type":"post","link":"https:\/\/www.notebook.hu\/blog\/fotozzunk-mobillal-de-hogyan\/","title":{"rendered":"Fot\u00f3zzunk mobillal! De hogyan?"},"content":{"rendered":"<p><strong>Most \u0151szint\u00e9n, ha valamit meg akarsz \u00f6r\u00f6k\u00edteni, ugye te is a mobilodat veszed el\u0151 t\u00f6bbnyire? Mi is szeretj\u00fck a mobilos fot\u00f3z\u00e1st, ez\u00e9rt megmutatjuk, hogyan fejlesztheted igaz\u00e1n t\u00f6k\u00e9lyre.<\/strong><\/p>\n<p><strong>Az alapok<\/strong><\/p>\n<p>Min\u00e9l nagyobb a kamera felbont\u00e1sa, ann\u00e1l kir\u00e1lyabbak lesznek a felv\u00e9teleid. Ahhoz teh\u00e1t, hogy \u00e9lvezhesd a fot\u00f3z\u00e1st, minimum egy \u00e1tlagos okostelefonra (persze min\u00e9l profibb, ann\u00e1l jobb), \u00e9s egy icipici fot\u00f3s tud\u00e1sra lesz sz\u00fcks\u00e9ged. A be\u00e1ll\u00edt\u00e1sok kitapasztal\u00e1s\u00e1t nem \u00e9rdemes eltussolni, mert a k\u00e9s\u0151bbiekben nagyon hasznos lehet a sz\u00e1modra.<\/p>\n<p>A legide\u00e1lisabb az, ha az \u00e1tlagn\u00e1l nagyobb m\u00e9ret\u0171 szenzoron az \u00e1tlagn\u00e1l kevesebb k\u00e9ppont tal\u00e1lhat\u00f3.<\/p>\n<p>Mivel maximum az expoz\u00edci\u00f3 (s\u00f6t\u00e9t\u00edt\u00e9s, vil\u00e1gos\u00edt\u00e1s) haszn\u00e1lat\u00e1ra lesz sz\u00fcks\u00e9ged, biztos lehetsz benne, hogy a mobiltelefonod teljesen elk\u00e9nyeztet. Tipp: a s\u00f6t\u00e9tebb expoz\u00edci\u00f3val k\u00e9sz\u00fclt k\u00e9pet k\u00e9s\u0151bb k\u00f6nnyebben tudod szerkeszteni, mint a t\u00falexpon\u00e1ltat.<\/p>\n<p>A lencse, b\u00e1rmennyire is \u00f3vod, s\u00e9r\u00fclhet. \u00c9ppen ez\u00e9rt aj\u00e1nlott egy puha ronggyal megtiszt\u00edtani.<\/p>\n<p>Remeg\u0151 k\u00e9zzel k\u00e9ptelens\u00e9g j\u00f3 eredm\u00e9nyt el\u00e9rni, ez\u00e9rt a k\u00e9sz\u00fcl\u00e9ket pr\u00f3b\u00e1ld meg egyenesen tartani, vagy nekit\u00e1masztani valaminek. Egy v\u00e9letlen bemozdul\u00e1st v\u00e9dhet m\u00e9g ki a hangparancsokkal, vagy az id\u0151z\u00edt\u0151vel val\u00f3 fot\u00f3z\u00e1s.<\/p>\n<p>Ne zoomolj, ink\u00e1bb menj k\u00f6zelebb, hiszen csak \u00edgy lesz sz\u00e9p \u00e9les k\u00e9ped majd.<\/p>\n<p>A fot\u00f3 t\u00e9m\u00e1j\u00e1ul mindig keress egy k\u00f6zponti elemet, \u00e9s ir\u00e1ny\u00edtsd arra a f\u00f3kuszt. A legt\u00f6bb telefonn\u00e1l m\u00e1r nincs gondod az automatikus f\u00f3kuszra, \u00e1m ha valami miatt nem tetszik, akkor fel\u00fcl is b\u00edr\u00e1lhatod.<\/p>\n<p><em>Tudtad?<\/em> M\u00e1r haszn\u00e1lhatod a t\u00e1rgyak k\u00f6vet\u00e9se, \u00e9s az arcfelismer\u0151 funkci\u00f3t is.<\/p>\n<p>Ha pedig valami igaz\u00e1n k\u00fcl\u00f6nlegeset szeretn\u00e9l, pr\u00f3b\u00e1ld ki a 360 fokos panor\u00e1mak\u00e9pet!<\/p>\n<p><em>Tov\u00e1bbi hasznos fogalmak:<\/em><\/p>\n<ul>\n<li>ISO -az az \u00e9rt\u00e9k, melyn\u00e9l a leg\u00e9lesebb k\u00e9pet kapjuk<\/li>\n<li>m\u00e9lys\u00e9g\u00e9less\u00e9g &#8211; az a s\u00e1v, amely egy f\u00e9nyk\u00e9pen az \u00e9lesen megjelen\u0151 r\u00e9szt foglalja mag\u00e1ba.<\/li>\n<\/ul>\n<p><strong>A f\u00e9ny, mint a fot\u00f3 lelke<\/strong><\/p>\n<p>Akkor lesznek igaz\u00e1n sz\u00e9pek a fot\u00f3id, ha el\u00e9g f\u00e9ny \u00e1ll a kamera rendelkez\u00e9s\u00e9re. Ha nem \u00e9pp a legide\u00e1lisabbak a viszonyok, akkor se cs\u00fcggedj, haszn\u00e1lj ink\u00e1bb min\u00e9l nagyobb z\u00e1rid\u0151t ( a gomb lenyom\u00e1sa \u00e9s a fot\u00f3 elk\u00e9sz\u00fclte k\u00f6z\u00f6tti id\u0151tartam).<\/p>\n<p><strong>Hasznos extr\u00e1k mobiltelefonos fot\u00f3z\u00e1shoz:<\/strong><\/p>\n<ul>\n<li>el\u0151t\u00e9tlencs\u00e9k -m\u00e9lys\u00e9g\u00e9less\u00e9get lehet vel\u00fck \u00e1ll\u00edtani<\/li>\n<li>stabiliz\u00e1tor, karok<\/li>\n<li>LED-l\u00e1mpa, vaku<\/li>\n<\/ul>\n<p><strong>Apptenger<\/strong><\/p>\n<p>A telefonnal k\u00e9sz\u00edtett k\u00e9pekhez rengeteg szerkeszt\u0151programot \u00e9s applik\u00e1ci\u00f3t tudsz let\u00f6lteni, k\u00e9sz gy\u00f6ny\u00f6r\u0171s\u00e9g lesz vel\u00fck k\u00eds\u00e9rletezni. Arra viszont vigy\u00e1zz, hogy hajlamos lesz a \u201ezajosod\u00e1sra\u201d.<\/p>\n<p><em>Tippek:<\/em><\/p>\n<ul>\n<li>ha JPEG-form\u00e1tum helyett RAW-ban mented a k\u00e9pet, akkor sokkal szabadabb kezet kapsz a szerkeszt\u00e9shez<\/li>\n<li>ha nem akarsz sokat szenvedni a k\u00e9pek ut\u00f3lagos szerkeszt\u00e9s\u00e9vel, akkor fot\u00f3zz Instagrammon kereszt\u00fcl.<\/li>\n<\/ul>\n","protected":false},"excerpt":{"rendered":"<p>Most \u0151szint\u00e9n, ha valamit meg akarsz \u00f6r\u00f6k\u00edteni, ugye te is a mobilodat veszed el\u0151 t\u00f6bbnyire? Mi is szeretj\u00fck a mobilos fot\u00f3z\u00e1st, ez\u00e9rt megmutatjuk, hogyan fejlesztheted igaz\u00e1n t\u00f6k\u00e9lyre. Az alapok Min\u00e9l nagyobb a kamera felbont\u00e1sa, ann\u00e1l kir\u00e1lyabbak lesznek a felv\u00e9teleid. Ahhoz teh\u00e1t, hogy \u00e9lvezhesd a fot\u00f3z\u00e1st, minimum egy \u00e1tlagos okostelefonra (persze min\u00e9l profibb, ann\u00e1l jobb), \u00e9s &hellip;<\/p>\n","protected":false},"author":1,"featured_media":2625,"comment_status":"closed","ping_status":"open","sticky":false,"template":"","format":"standard","meta":{"_jetpack_memberships_contains_paid_content":false,"footnotes":""},"categories":[42],"tags":[260,47],"class_list":["post-2624","post","type-post","status-publish","format-standard","has-post-thumbnail","","category-cikkek","tag-fotozas","tag-okostelefon-mobiltelefon"],"jetpack_featured_media_url":"https:\/\/www.notebook.hu\/blog\/wp-content\/uploads\/2018\/02\/fot\u00f3z\u00e1s.jpg","jetpack_shortlink":"https:\/\/wp.me\/p9xSLL-Gk","jetpack_sharing_enabled":true,"_links":{"self":[{"href":"https:\/\/www.notebook.hu\/blog\/wp-json\/wp\/v2\/posts\/2624","targetHints":{"allow":["GET"]}}],"collection":[{"href":"https:\/\/www.notebook.hu\/blog\/wp-json\/wp\/v2\/posts"}],"about":[{"href":"https:\/\/www.notebook.hu\/blog\/wp-json\/wp\/v2\/types\/post"}],"author":[{"embeddable":true,"href":"https:\/\/www.notebook.hu\/blog\/wp-json\/wp\/v2\/users\/1"}],"replies":[{"embeddable":true,"href":"https:\/\/www.notebook.hu\/blog\/wp-json\/wp\/v2\/comments?post=2624"}],"version-history":[{"count":1,"href":"https:\/\/www.notebook.hu\/blog\/wp-json\/wp\/v2\/posts\/2624\/revisions"}],"predecessor-version":[{"id":2626,"href":"https:\/\/www.notebook.hu\/blog\/wp-json\/wp\/v2\/posts\/2624\/revisions\/2626"}],"wp:featuredmedia":[{"embeddable":true,"href":"https:\/\/www.notebook.hu\/blog\/wp-json\/wp\/v2\/media\/2625"}],"wp:attachment":[{"href":"https:\/\/www.notebook.hu\/blog\/wp-json\/wp\/v2\/media?parent=2624"}],"wp:term":[{"taxonomy":"category","embeddable":true,"href":"https:\/\/www.notebook.hu\/blog\/wp-json\/wp\/v2\/categories?post=2624"},{"taxonomy":"post_tag","embeddable":true,"href":"https:\/\/www.notebook.hu\/blog\/wp-json\/wp\/v2\/tags?post=2624"}],"curies":[{"name":"wp","href":"https:\/\/api.w.org\/{rel}","templated":true}]}}