{"id":2456,"date":"2018-01-25T11:54:21","date_gmt":"2018-01-25T10:54:21","guid":{"rendered":"https:\/\/www.notebook.hu\/blog\/?p=2456"},"modified":"2018-07-31T10:50:40","modified_gmt":"2018-07-31T08:50:40","slug":"honor-9-teszt","status":"publish","type":"post","link":"https:\/\/www.notebook.hu\/blog\/honor-9-teszt\/","title":{"rendered":"Honor 9 teszt | Pr\u00e9mium \u00e9rzet, kisebb honor\u00e1riummal is"},"content":{"rendered":"<p><a href=\"https:\/\/www.notebook.hu\/blog\/wp-content\/uploads\/2018\/01\/Honor9.png\"><img decoding=\"async\" src=\"https:\/\/www.notebook.hu\/blog\/wp-content\/uploads\/2018\/01\/Honor9-300x157.png\" alt=\"\" width=\"412\" \/><\/a><\/p>\n<p><strong>A Honor 9 deb\u00fct\u00e1l\u00e1sakor a telefont \u00fagy mutatt\u00e1k be, hogy ez a \u201efiataloknak sz\u00f3l\u201d. Na de, mire is gondoltak, amikor ezt mondt\u00e1k? Vegy\u00fck v\u00e9gig, mit\u0151l fiatalos egy telefon? A Honor 9-est tesztelt\u00fck.<\/strong><\/p>\n<p><strong>Megjelen\u00e9s \u2013 Sose rosszabbat!<\/strong><\/p>\n<p>Eyecandy, azaz \u201eszemcukorka\u201d. Na j\u00f3, nem ez a legszebb ford\u00edt\u00e1s, de a l\u00e9nyege a k\u00f6vetkez\u0151: valami, ami a szemnek olyan tetszet\u0151s, mint az \u00edzlel\u00e9s\u00fcnknek a cukor. Hogy mi a Honor 9? Egy k\u00e9k eyecandy. Formatervez\u00e9s szempontj\u00e1b\u00f3l abszol\u00fat illeszkedik a trendekhez, hozza az oly divatos lekerek\u00edtett form\u00e1kat, illetve a h\u00e1romf\u00e9le fest\u00e9s k\u00f6z\u00fcl, amik a gleccser sz\u00fcrke, az \u00e9jfekete \u00e9s a sarkvid\u00e9ki k\u00e9k, mind-mind megragadja az emberek szem\u00e9t. Anyaghaszn\u00e1lat szempontj\u00e1b\u00f3l az \u00fcveg+f\u00e9m komb\u00f3n\u00e1l d\u00f6nt\u00f6ttek, t\u00f6bbnyire j\u00f3l, egyetlen negat\u00edvuma a megjelen\u00e9s\u00e9nek a 15 r\u00e9teges \u00fcveg bor\u00edt\u00e1s, ami baromira vonzza az ujjlenyomatainkat. Aj\u00e1nlott egy tokot szerezni r\u00e1, mert el\u0151bbi tulajdons\u00e1gokb\u00f3l kifoly\u00f3lag a karcokkal is meg kell majd k\u00fczden\u00fcnk. Ahogy a telefont n\u00e9zegettem az jutott eszembe, hogy ez egy hibrid. Fogt\u00e1k a Huawei el\u0151lapj\u00e1t \u00e9s r\u00e1rakt\u00e1k egy Galaxy S8 h\u00e1tulj\u00e1ra. El\u0151r\u00f6l egy standard home gombos, letisztult okostelefon diz\u00e1jn, m\u00edg h\u00e1tulr\u00f3l a \u201esz\u00ednv\u00e1lt\u00f3s\u201d \u00e9s hajl\u00edtott \u00fcveglapnak h\u00e1la egy pr\u00e9mium kin\u00e9zet\u0171 \u00e9s tapint\u00e1s\u00fa eszk\u00f6z van a kez\u00fcnkben. A h\u00e1z a maga 147,3 x 70,9 x 7,45 millim\u00e9ter\u00e9vel \u00e9s 155 grammj\u00e1val m\u00e1r a phablet kateg\u00f3ri\u00e1ba sorolhat\u00f3 \u00e9s ehhez megfelel\u0151 m\u00e9ret\u0171 kijelz\u0151t is kapott. Igen, a megjelen\u00e9shez tartozik m\u00e9g az 5.15 colos Multi-Touch FHD (1920&#215;1080) IPS LCD kijelz\u0151 megeml\u00edt\u00e9se is, ami az elv\u00e1r\u00e1soknak megfelel\u0151 produkci\u00f3val rukkol el\u0151. A panel Gorilla Glass 3-as \u00fcveget kapott, \u00edgy az \u00fct\u00e9sekt\u0151l \u00e9s karcokt\u00f3l is v\u00e9dett a rendszer, persze az\u00e9rt dob\u00e1lni tov\u00e1bbra sem illik. Apr\u00f3 meglepet\u00e9s m\u00e9g a megjelen\u00e9sben, egy kis \u00e1llapotjelz\u0151 led, amit elrejtettek a hangsz\u00f3r\u00f3ban. Nem nagy extra, de az \u00f6rd\u00f6g sokszor a r\u00e9szletekben lakozik, \u0151k pedig erre is figyeltek.<\/p>\n<p><em>Megn\u00e9zn\u00e9d m\u0171k\u00f6d\u00e9s k\u00f6zben? Kattints az al\u00e1bbi vide\u00f3ra, hogy ne maradj le a Honor 9-es vide\u00f3s \u00e9rt\u00e9kel\u00e9s\u00e9r\u0151l! A sz\u00f6veges teszt folytat\u00e1s\u00e1hoz pedig csak g\u00f6rgess lejjebb!<\/em><\/p>\n<p><iframe loading=\"lazy\" src=\"https:\/\/www.youtube.com\/embed\/Ac2hwsNDQAM\" width=\"560\" height=\"315\" frameborder=\"0\" allowfullscreen=\"allowfullscreen\"><\/iframe><br \/>\n<strong>Eszk\u00f6z\u00f6k \u00e9s portok &#8211; Hangm\u00e9rn\u00f6k\u00f6t a hangsz\u00f3r\u00f3ba<\/strong><\/p>\n<p>Fentebb sz\u00f3ba ker\u00fclt a home gomb, ami a trendeknek megfelel\u0151en ujjlenyomat-olvas\u00f3s. A ker\u00e1mia bevonatos gomb els\u0151 oldalra helyez\u00e9se valahogy sokkal k\u00e9nyelmesebb, mint a kor\u00e1bbi kiad\u00e1s Honor 8 PRO v\u00e1ltozat\u00e1n bemutatott h\u00e1tlapi. Ott egy kicsit neh\u00e9zkesebb volt el\u00e9rni, \u00edgy viszont r\u00f6gt\u00f6n oldhatjuk fel a z\u00e1rat \u00e9s m\u00e1r haszn\u00e1latra is k\u00e9sz a telefon. Szem\u00e9ly szerint \u00e9n ezt jobban prefer\u00e1lom, m\u00e9g ha nagyobb kezem is van \u00e9s \u00edgy a h\u00e1tlapi felold\u00e1s sem felt\u00e9tlen zavar\u00f3. A home gomb mell\u00e9 k\u00e9t kapacit\u00edv \u00e9rint\u0151gombot kaptunk, amit szem\u00e9lyre szabhatunk. Gombok tekintet\u00e9ben csak a szok\u00e1sos: jobb oldalt a hanger\u0151, valamint a lock gomb, balra pedig odarakt\u00e1k nek\u00fcnk a SIM \u00e9s SD k\u00e1rtya (256GB-ig \u201et\u00f6mhet\u0151\u201d) t\u00e1lc\u00e1t, amit a csomagban kapott t\u0171vel tudunk kiim\u00e1dkozni. Alul hangsz\u00f3r\u00f3, aminek finomhangol\u00e1s\u00e1hoz egy Grammy-d\u00edjas hangm\u00e9rn\u00f6k\u00f6t szerz\u0151dtettek, Rainer Maillard szem\u00e9ly\u00e9ben. Bej\u00f6tt? V\u00e9g\u00fcl is, sz\u00e9pen sz\u00f3l a telefon, de val\u00f3sz\u00edn\u0171leg csak az edzettebb f\u00fclek fogj\u00e1k a finom r\u00e9szleteket \u00e9szrevenni. A hangz\u00e1shoz m\u00e9g hozz\u00e1tartozik a 3,5-\u00f6s audio jack csatlakoz\u00f3, ami szint\u00e9n kapott egy extra 3D hat\u00e1s\u00fa rendszert a jobb t\u00e9rhat\u00e1s\u00e9rt. Term\u00e9szetesen USB-nk is van, m\u00e9gpedig egy Type-C csatlakoz\u00f3 szem\u00e9ly\u00e9ben. Na meg itt vannak az els\u0151re l\u00e1thatatlan braty\u00f3k: a standard Bluetooth illetve WiFi vev\u0151k term\u00e9szetesen megtal\u00e1lhat\u00f3ak benne!<\/p>\n<p><a href=\"https:\/\/www.notebook.hu\/blog\/wp-content\/uploads\/2018\/01\/03-2.jpg\"><img loading=\"lazy\" decoding=\"async\" data-attachment-id=\"2458\" data-permalink=\"https:\/\/www.notebook.hu\/blog\/honor-9-teszt\/03-3\/\" data-orig-file=\"https:\/\/www.notebook.hu\/blog\/wp-content\/uploads\/2018\/01\/03-2.jpg\" data-orig-size=\"4292,2862\" data-comments-opened=\"0\" data-image-meta=\"{&quot;aperture&quot;:&quot;5&quot;,&quot;credit&quot;:&quot;&quot;,&quot;camera&quot;:&quot;NIKON D3100&quot;,&quot;caption&quot;:&quot;&quot;,&quot;created_timestamp&quot;:&quot;1499664742&quot;,&quot;copyright&quot;:&quot;&quot;,&quot;focal_length&quot;:&quot;42&quot;,&quot;iso&quot;:&quot;1100&quot;,&quot;shutter_speed&quot;:&quot;0.016666666666667&quot;,&quot;title&quot;:&quot;&quot;,&quot;orientation&quot;:&quot;1&quot;}\" data-image-title=\"03\" data-image-description=\"\" data-image-caption=\"\" data-medium-file=\"https:\/\/www.notebook.hu\/blog\/wp-content\/uploads\/2018\/01\/03-2-300x200.jpg\" data-large-file=\"https:\/\/www.notebook.hu\/blog\/wp-content\/uploads\/2018\/01\/03-2-1024x683.jpg\" class=\"alignnone wp-image-2458 size-large\" src=\"https:\/\/www.notebook.hu\/blog\/wp-content\/uploads\/2018\/01\/03-2-1024x683.jpg\" alt=\"Honor 9 teszt\" width=\"618\" height=\"412\" srcset=\"https:\/\/www.notebook.hu\/blog\/wp-content\/uploads\/2018\/01\/03-2-1024x683.jpg 1024w, https:\/\/www.notebook.hu\/blog\/wp-content\/uploads\/2018\/01\/03-2-300x200.jpg 300w, https:\/\/www.notebook.hu\/blog\/wp-content\/uploads\/2018\/01\/03-2-768x512.jpg 768w\" sizes=\"auto, (max-width: 618px) 100vw, 618px\" \/><\/a><\/p>\n<p><strong>Teljes\u00edtm\u00e9ny &#8211; Fiatalos lend\u00fclet<\/strong><\/p>\n<p>A fiatalok kedvelik a frissess\u00e9get, nem igaz? Nos, ehhez tal\u00e1n a legfontosabb, az a teljes\u00edtm\u00e9ny \u00e9s a gyors reakci\u00f3id\u0151. A Huawei-Honor p\u00e1rosn\u00e1l m\u00e1r nagyon j\u00f3l ismert\u00e9k a Kirin procikat, \u00edgy nyilv\u00e1n onnan v\u00e1lasztottak egy jobb darabot a Kirin 960-es szem\u00e9ly\u00e9ben. A 8 magos processzor t\u00f6k\u00e9letesen hajtja meg a Honor 9-est, ak\u00e1rcsak tette azt a Honor 8 PRO eset\u00e9ben is. Ez a 4&#215;2.4 GHz-es, valamint 4&#215;1.8 GHz Cortex magokkal (A73 \u00e9s A53) dolgoz\u00f3 kis okos kieg\u00e9sz\u00fcl m\u00e9g 4 GB mem\u00f3ri\u00e1val, hogy az adatfeldolgoz\u00e1s \u00e9s a programok p\u00e1rhuzamos futtat\u00e1sa is sima legyen, mint a telefon h\u00e1tlapja. Nyugodtan kipr\u00f3b\u00e1lhatjuk komolyabb j\u00e1t\u00e9kokkal is, ahogyan azt az AnTuTu benchmark is bemutatta, megvan a teljes\u00edtm\u00e9ny a vasban. A csomag tartalma m\u00e9g 64 GB h\u00e1tt\u00e9rt\u00e1r is, ami egy darabig b\u0151ven elegend\u0151 lesz, \u00edgy nem kell a hellyel sakkozni, hogy kedvenc appjaink elf\u00e9rjenek a multim\u00e9di\u00e1s tartalmak mellett. Szoftveresen a helyzet v\u00e1ltozatlan, hiszen az EMUI 5.1-es szoftver itt is hib\u00e1tlanul m\u0171k\u00f6dik, rendk\u00edv\u00fcl gyors \u00e9s k\u00e9nyelmes a telefon kezel\u00e9se.<\/p>\n<p>Mindezt egy 3200 mAh be\u00e9p\u00edtett akkumul\u00e1tor l\u00e1tja el energi\u00e1val, ami fast charge rendszerrel dolgozik, sz\u00f3val egy nagyobb mer\u00fcl\u00e9s ut\u00e1n egy \u00f3r\u00e1val m\u00e1r 60-70% k\u00f6rny\u00e9k\u00e9n lesz a t\u00f6lt\u00e9s.<\/p>\n<p><a href=\"https:\/\/www.notebook.hu\/blog\/wp-content\/uploads\/2018\/01\/04_v2.jpg\"><img loading=\"lazy\" decoding=\"async\" data-attachment-id=\"2459\" data-permalink=\"https:\/\/www.notebook.hu\/blog\/honor-9-teszt\/04_v2\/\" data-orig-file=\"https:\/\/www.notebook.hu\/blog\/wp-content\/uploads\/2018\/01\/04_v2.jpg\" data-orig-size=\"4608,3072\" data-comments-opened=\"0\" data-image-meta=\"{&quot;aperture&quot;:&quot;5&quot;,&quot;credit&quot;:&quot;&quot;,&quot;camera&quot;:&quot;NIKON D3100&quot;,&quot;caption&quot;:&quot;&quot;,&quot;created_timestamp&quot;:&quot;1498867122&quot;,&quot;copyright&quot;:&quot;&quot;,&quot;focal_length&quot;:&quot;40&quot;,&quot;iso&quot;:&quot;1800&quot;,&quot;shutter_speed&quot;:&quot;0.016666666666667&quot;,&quot;title&quot;:&quot;&quot;,&quot;orientation&quot;:&quot;1&quot;}\" data-image-title=\"04_v2\" data-image-description=\"\" data-image-caption=\"\" data-medium-file=\"https:\/\/www.notebook.hu\/blog\/wp-content\/uploads\/2018\/01\/04_v2-300x200.jpg\" data-large-file=\"https:\/\/www.notebook.hu\/blog\/wp-content\/uploads\/2018\/01\/04_v2-1024x683.jpg\" class=\"alignnone wp-image-2459 size-large\" src=\"https:\/\/www.notebook.hu\/blog\/wp-content\/uploads\/2018\/01\/04_v2-1024x683.jpg\" alt=\"Honor 9 h\u00e1tlap \u00e9s kamera\" width=\"618\" height=\"412\" srcset=\"https:\/\/www.notebook.hu\/blog\/wp-content\/uploads\/2018\/01\/04_v2-1024x683.jpg 1024w, https:\/\/www.notebook.hu\/blog\/wp-content\/uploads\/2018\/01\/04_v2-300x200.jpg 300w, https:\/\/www.notebook.hu\/blog\/wp-content\/uploads\/2018\/01\/04_v2-768x512.jpg 768w\" sizes=\"auto, (max-width: 618px) 100vw, 618px\" \/><\/a><\/p>\n<p><strong>Kamera &#8211; Party-kell\u00e9k<\/strong><\/p>\n<p>A m\u00e1r ismert dual-kamerarendszer itt is jelen van, egy 20 megapixeles monokr\u00f3m \u00e9s egy 12 megapixeles sz\u00ednes kamera k\u00f6zrem\u0171k\u00f6d\u00e9s\u00e9ben. Ennek ugye az a l\u00e9nyege, hogy a monokr\u00f3m kamera l\u0151 egy fekete-feh\u00e9r k\u00e9pet, amit digit\u00e1lisan \u00f6sszerak a telefon a sz\u00ednes \u00e1ltal l\u0151tt fot\u00f3val, ami egy kontrasztosabb, sokkal tiszt\u00e1bb \u00e9lekkel rendelkez\u0151 fot\u00f3t sz\u00fcl meg. Ezek am\u00fagy \u00f6nmagukban is m\u0171k\u00f6dnek, ak\u00e1r egy \u00fczemm\u00f3ddal, ak\u00e1r csak letakarva az egyiket, de a legjobb fot\u00f3kat a koprodukci\u00f3jukkal \u00e9rhetj\u00fck el. M\u00e1sik pozit\u00edvum, hogy ak\u00e1r 4K-ban is r\u00f6gz\u00edthet\u00fcnk a telefonnal, na meg a min\u0151s\u00e9g biztos\u00edt\u00e1s\u00e1ra egy elektronikus k\u00e9pstabiliz\u00e1tort is kapott a rendszer, amely cs\u00f6kkenti a k\u00e9zmozg\u00e1s \u00e1ltal okozott hom\u00e1lyoss\u00e1got. Essen m\u00e9g sz\u00f3 a selfie-kamer\u00e1r\u00f3l, ami egy 8 megapixeles rendszer, ami kiss\u00e9 h\u00e1tt\u00e9rbe ker\u00fcl az extravag\u00e1ns h\u00e1tlapi rendszer miatt, de a aut\u00f3f\u00f3kuszos partifot\u00f3kat ennek ellen\u00e9re is j\u00f3 min\u0151s\u00e9gben sz\u00e1ll\u00edtja nek\u00fcnk.<\/p>\n<p><strong>\u00d6sszefoglal\u00e1s<\/strong><\/p>\n<p>Vegy\u00fck sorra: remek teljes\u00edtm\u00e9ny, ultra-eleg\u00e1ns \u00e9s trendi megjelen\u00e9s, partik\u00e9pes f\u00e9nyk\u00e9pez\u0151g\u00e9p. Ezt k\u00edn\u00e1lja a Honor a fiataloknak, s eddig eg\u00e9sz meggy\u0151z\u0151 mutatv\u00e1nnyal rukkolt el\u0151 ahhoz, hogy a c\u00e9lk\u00f6z\u00f6ns\u00e9ge az \u201eInstant buy\u201d jelz\u0151vel \u00e9kes\u00edtse.<\/p>\n<p>Ha felkeltett\u00fck \u00e9rdekl\u0151d\u00e9sedet, akkor <a href=\"https:\/\/www.notebook.hu\/honor-9\">itt tudod megv\u00e1s\u00e1rolni a Honor 9-et<\/a>.<\/p>\n","protected":false},"excerpt":{"rendered":"<p>A Honor 9 deb\u00fct\u00e1l\u00e1sakor a telefont \u00fagy mutatt\u00e1k be, hogy ez a \u201efiataloknak sz\u00f3l\u201d. Na de, mire is gondoltak, amikor ezt mondt\u00e1k? Vegy\u00fck v\u00e9gig, mit\u0151l fiatalos egy telefon? A Honor 9-est tesztelt\u00fck. Megjelen\u00e9s \u2013 Sose rosszabbat! Eyecandy, azaz \u201eszemcukorka\u201d. Na j\u00f3, nem ez a legszebb ford\u00edt\u00e1s, de a l\u00e9nyege a k\u00f6vetkez\u0151: valami, ami a szemnek &hellip;<\/p>\n","protected":false},"author":1,"featured_media":2498,"comment_status":"closed","ping_status":"open","sticky":false,"template":"","format":"standard","meta":{"_jetpack_memberships_contains_paid_content":false,"footnotes":""},"categories":[43,347],"tags":[238,164,243,58,234,237],"class_list":["post-2456","post","type-post","status-publish","format-standard","has-post-thumbnail","","category-tesztek","category-videok","tag-bemutato","tag-honor","tag-honor-9","tag-huawei","tag-termekbemutato","tag-teszt"],"jetpack_featured_media_url":"https:\/\/www.notebook.hu\/blog\/wp-content\/uploads\/2018\/01\/Honor9.png","jetpack_shortlink":"https:\/\/wp.me\/p9xSLL-DC","jetpack_sharing_enabled":true,"_links":{"self":[{"href":"https:\/\/www.notebook.hu\/blog\/wp-json\/wp\/v2\/posts\/2456","targetHints":{"allow":["GET"]}}],"collection":[{"href":"https:\/\/www.notebook.hu\/blog\/wp-json\/wp\/v2\/posts"}],"about":[{"href":"https:\/\/www.notebook.hu\/blog\/wp-json\/wp\/v2\/types\/post"}],"author":[{"embeddable":true,"href":"https:\/\/www.notebook.hu\/blog\/wp-json\/wp\/v2\/users\/1"}],"replies":[{"embeddable":true,"href":"https:\/\/www.notebook.hu\/blog\/wp-json\/wp\/v2\/comments?post=2456"}],"version-history":[{"count":9,"href":"https:\/\/www.notebook.hu\/blog\/wp-json\/wp\/v2\/posts\/2456\/revisions"}],"predecessor-version":[{"id":2579,"href":"https:\/\/www.notebook.hu\/blog\/wp-json\/wp\/v2\/posts\/2456\/revisions\/2579"}],"wp:featuredmedia":[{"embeddable":true,"href":"https:\/\/www.notebook.hu\/blog\/wp-json\/wp\/v2\/media\/2498"}],"wp:attachment":[{"href":"https:\/\/www.notebook.hu\/blog\/wp-json\/wp\/v2\/media?parent=2456"}],"wp:term":[{"taxonomy":"category","embeddable":true,"href":"https:\/\/www.notebook.hu\/blog\/wp-json\/wp\/v2\/categories?post=2456"},{"taxonomy":"post_tag","embeddable":true,"href":"https:\/\/www.notebook.hu\/blog\/wp-json\/wp\/v2\/tags?post=2456"}],"curies":[{"name":"wp","href":"https:\/\/api.w.org\/{rel}","templated":true}]}}