{"id":2424,"date":"2018-01-16T08:50:35","date_gmt":"2018-01-16T07:50:35","guid":{"rendered":"https:\/\/www.notebook.hu\/blog\/?p=2424"},"modified":"2018-07-31T10:50:33","modified_gmt":"2018-07-31T08:50:33","slug":"dell-insprion-5570-teszt","status":"publish","type":"post","link":"https:\/\/www.notebook.hu\/blog\/dell-insprion-5570-teszt\/","title":{"rendered":"Dell Insprion 5570 Teszt |\u00a0Az inspir\u00e1ci\u00f3 5570-es v\u00e1ltozata"},"content":{"rendered":"<p><a href=\"https:\/\/www.notebook.hu\/blog\/wp-content\/uploads\/2018\/01\/20180130_notebookhu_blog_poszt_thumbnail_02_02_v1.png\"><img decoding=\"async\" src=\"https:\/\/www.notebook.hu\/blog\/wp-content\/uploads\/2018\/01\/20180130_notebookhu_blog_poszt_thumbnail_02_02_v1-300x157.png\" alt=\"\" width=\"412\" \/><\/a><\/p>\n<p><strong>\u00c1tlagos t\u00e9li d\u00e9lut\u00e1n volt, amikor betoppant hozz\u00e1nk. Egy ismer\u0151s arc volt, m\u00e9gis valami m\u00e1s volt rajta. \u201eHol van a kis z\u00f6ld jelz\u00e9s?\u201d \u2013 k\u00e9rdeztem \u00e9rtetlenkedve. \u201eMost hoztam valami m\u00e1st.\u201d- v\u00e1laszolta. Mit gondoltok, az AMD-s GPU-val meg\u00e1ldott 5570-es t\u00e9nyleg tud valami \u00fajat mutatni?<br \/>\nA\u00a0Dell Insprion 5570 notebookot tesztelt\u00fck.<\/strong><\/p>\n<p><strong>Diz\u00e1jn \u2013 Ismer\u0151s arcok<\/strong><\/p>\n<p>Minden notebook-csal\u00e1dnak megvan a maga jellegzetess\u00e9ge. A Lenovo notebookok sz\u00f6gletess\u00e9ge, az ASUS finom eleganci\u00e1ja a Zenbookokn\u00e1l, vagy az Acer Predatorok \u00e9lei mind-mind a notebook-diz\u00e1jn archet\u00edpusaik\u00e9nt vannak jelen. Mi a helyzet viszont akkor, amikor egy \u201e\u00e1tlagos\u201d megjelen\u00e9s\u0171 notebookot kapunk. Mint p\u00e9ld\u00e1ul az Inspiron 5570-en. Nincs benne semmi k\u00fcl\u00f6nleges, de ami megvan az hib\u00e1tlan. Egy vastag, termetes eszk\u00f6zt kaptunk k\u00e9zhez (ennek ok\u00e1r\u00f3l lejjebb), ami letisztult formatervvel \u00e9s st\u00edlusos ez\u00fcstsz\u00ednben jelentkezett munk\u00e1ra. Hiszen \u0151 egy office notebook. Igen, k\u00fcls\u0151 tekintet\u00e9ben az office notebookokr\u00f3l annyit kell tudnunk, hogy nem kimondottan hivalkod\u00f3ak, ink\u00e1bb a k\u00fcl\u00f6nleges bels\u0151t, sem mint az extr\u00e9m k\u00fcls\u0151t t\u00e1mogatj\u00e1k. Baj-e ez? Nem hiszem, hiszen n\u00e9ha pontosan erre van sz\u00fcks\u00e9g! M\u00e9reteit tekintve a notebook 380 x 258 x 22.7 mm-es, amihez hozz\u00e1j\u00f6n az is, hogy 2.33 kilogramm, sz\u00f3val a vaskosabb darabok k\u00f6z\u00e9 tartozik. A mobilit\u00e1s sz\u00e1ml\u00e1j\u00e1n ezzel ugyan rossz pontokat szerez, viszont ez a massz\u00edv alu h\u00e1z ad egyfajta biztons\u00e1g\u00e9rzetet. Nem mondom, hogy a hatodikr\u00f3l ledobva egyben \u00e9s eg\u00e9szs\u00e9ges marad, de valahogy b\u00e1trabban hordom erre-arra, nem f\u00e9lve az esetleges \u00fct\u00e9sekt\u0151l.<\/p>\n<p><em>Megn\u00e9zn\u00e9d m\u0171k\u00f6d\u00e9s k\u00f6zben? Kattints az al\u00e1bbi vide\u00f3ra, hogy ne maradj le a Dell Inspiron 5570-es vide\u00f3s \u00e9rt\u00e9kel\u00e9s\u00e9r\u0151l! A sz\u00f6veges teszt folytat\u00e1s\u00e1hoz pedig csak g\u00f6rgess lejjebb!<\/em><\/p>\n<p><iframe loading=\"lazy\" src=\"https:\/\/www.youtube.com\/embed\/YhkbB61ZE64\" width=\"560\" height=\"315\" frameborder=\"0\" allowfullscreen=\"allowfullscreen\"><\/iframe><\/p>\n<p>Tegy\u00fcnk egy kis kit\u00e9r\u0151t m\u00e9g a kijelz\u0151 fel\u00e9, ami egy 15.6 colos FullHD panel. Az 1920&#215;1080-as maxim\u00e1lis felbont\u00e1ssal oper\u00e1l\u00f3 kijelz\u0151 LED h\u00e1tt\u00e9rvil\u00e1g\u00edt\u00e1ssal rendelkezik, illetve matt fel\u00fclettel, ami\u00e9rt j\u00e1r a plusz pont. Egy munkahelyi, r\u00e9szben mobilis notebookn\u00e1l j\u00f3l j\u00f6n, ha minden f\u00e9nyk\u00f6r\u00fclm\u00e9nyn\u00e9l tudja hozni a lehet\u0151 legjobb k\u00e9pet, a matt kijelz\u0151 pedig jellemz\u0151en kev\u00e9sb\u00e9 t\u00fckr\u00f6zi a notebook \u00e1ltal \u201el\u00e1tottakat\u201d, \u00edgy tiszt\u00e1bb a k\u00e9pe is.<\/p>\n<p><strong>Eszk\u00f6z\u00f6k &#8211; Portokon a helyzet: v\u00e1ltozatlan<\/strong><\/p>\n<p>Multim\u00e9di\u00e1s blokkunkat a kijelz\u0151vel kezdtem, most gyorsan folytassuk a hangrendszerrel. Az Inspironban egy WavesMaxx Audio rendszer dolgozik, aminek szem\u00e9ly\u00e9ben a h\u00e9tk\u00f6znapi feladatok ell\u00e1t\u00e1s\u00e1ra t\u00f6k\u00e9letesen alkalmas muzsikus foglalt helyet a g\u00e9pben. A filmek, j\u00e1t\u00e9kok \u00e9s zen\u00e9k kellemes, dobozhangz\u00e1st\u00f3l mentesen bec\u00e9zik dobh\u00e1rty\u00e1nkat. Egyed\u00fcl a magasabb hanger\u0151n\u00e9l \u00e9rz\u00e9kelhet\u0151 n\u00e9mi torzul\u00e1s. A zen\u00e9hez tartozik m\u00e9g, a hangsz\u00f3r\u00f3k pihentet\u00e9s\u00e9re haszn\u00e1lhat\u00f3 3.5-es jack dugasz, amibe kedvenc fej\/f\u00fclhallgat\u00f3nkat dughatjuk be. S hogy milyen portokat tal\u00e1lunk m\u00e9g? Term\u00e9szetesen a HDMI \u00e9s egy USB 2.0-\u00e1s, na meg 3.0-\u00e1sok (2 db), Ethernet-csatlakoz\u00f3, SD-k\u00e1rtyaolvas\u00f3, valamint Kensington z\u00e1r is van a notebookon (na meg a g\u00e9pen bel\u00fcl egy WiFi 802.11ac rendszer). Az eszk\u00f6z\u00f6k sorol\u00e1sa k\u00f6zben nem maradhat ki a touchpad, ami term\u00e9szetesen k\u00e9pes a Smart Gesture mozdulatokat (a \u201egesture\u201d \u00e9s \u201emozdulatok\u201d sz\u00f3ism\u00e9tl\u00e9st \u00e1ldozzuk most fel az \u00e9rthet\u0151s\u00e9g olt\u00e1r\u00e1n) \u00e9rtelmezni. Utaltam a cikk elej\u00e9n arra, hogy vaskos a notebook. Ez\u00e9rt nagyr\u00e9szt a DVD-RW optikai meghajt\u00f3 a felel\u0151s, aminek l\u00e9tjogosults\u00e1g\u00e1t m\u00e1r sokan megk\u00e9rd\u0151jelezik. \u00a0Az irodai programok nagy r\u00e9sze m\u00e9g el\u00e9rhet\u0151 lemezes v\u00e1ltozatban, sokszor a c\u00e9ges kiad\u00e1sokra is jellemz\u0151 ez, sz\u00f3val nem j\u00f6n rosszul, de sok esetben m\u00e1r elengedhet\u0151 kieg\u00e9sz\u00edt\u0151 ez. Amit m\u00e9g ki kell emeljek, az az ujjlenyomatunk olvas\u00e1s\u00e1ra k\u00e9pest bekapcsol\u00f3 gomb. Az okostelefonok mellett m\u00e1r a notebookokon is egyre elterjedtebb az ujjlenyomat olvas\u00f3k alkalmaz\u00e1sa, egy office-szf\u00e9r\u00e1ba sz\u00e1nt notebookn\u00e1l pedig k\u00fcl\u00f6n\u00f6sen fontos lehet, hogy megv\u00e9dj\u00fck adatainkat.<\/p>\n<p><a href=\"https:\/\/www.notebook.hu\/blog\/wp-content\/uploads\/2018\/01\/06.jpg\"><img loading=\"lazy\" decoding=\"async\" data-attachment-id=\"2431\" data-permalink=\"https:\/\/www.notebook.hu\/blog\/dell-insprion-5570-teszt\/attachment\/06\/\" data-orig-file=\"https:\/\/www.notebook.hu\/blog\/wp-content\/uploads\/2018\/01\/06.jpg\" data-orig-size=\"4608,3072\" data-comments-opened=\"0\" data-image-meta=\"{&quot;aperture&quot;:&quot;5.6&quot;,&quot;credit&quot;:&quot;&quot;,&quot;camera&quot;:&quot;NIKON D3100&quot;,&quot;caption&quot;:&quot;&quot;,&quot;created_timestamp&quot;:&quot;1513410944&quot;,&quot;copyright&quot;:&quot;&quot;,&quot;focal_length&quot;:&quot;55&quot;,&quot;iso&quot;:&quot;400&quot;,&quot;shutter_speed&quot;:&quot;0.008&quot;,&quot;title&quot;:&quot;&quot;,&quot;orientation&quot;:&quot;1&quot;}\" data-image-title=\"06\" data-image-description=\"\" data-image-caption=\"\" data-medium-file=\"https:\/\/www.notebook.hu\/blog\/wp-content\/uploads\/2018\/01\/06-300x200.jpg\" data-large-file=\"https:\/\/www.notebook.hu\/blog\/wp-content\/uploads\/2018\/01\/06-1024x683.jpg\" class=\"alignnone wp-image-2431 size-large\" src=\"https:\/\/www.notebook.hu\/blog\/wp-content\/uploads\/2018\/01\/06-1024x683.jpg\" alt=\"Dell Insprion 5570 portok \u00e9s b\u0151v\u00edt\u0151helyek\" width=\"618\" height=\"412\" srcset=\"https:\/\/www.notebook.hu\/blog\/wp-content\/uploads\/2018\/01\/06-1024x683.jpg 1024w, https:\/\/www.notebook.hu\/blog\/wp-content\/uploads\/2018\/01\/06-300x200.jpg 300w, https:\/\/www.notebook.hu\/blog\/wp-content\/uploads\/2018\/01\/06-768x512.jpg 768w\" sizes=\"auto, (max-width: 618px) 100vw, 618px\" \/><\/a><\/p>\n<p><strong>Teljes\u00edtm\u00e9ny \u2013 Nyolcadik gener\u00e1ci\u00f3ba l\u00e9pve<\/strong><\/p>\n<p>Az 14 nanom\u00e9teres strukt\u00far\u00e1j\u00fa Intel\u00ae Core&#x2122; i5-8250U a nyolcadik gener\u00e1ci\u00f3 legkisebb darabja. Alaphangon 1.60 GHz-s teljes\u00edtm\u00e9nyre k\u00e9pes, ami a Turbo Boosttal t\u00f6bb, mint a dupl\u00e1j\u00e1ra k\u00e9pes (3.4 Ghz). Az U-jelz\u00e9s sem hi\u00e1ba van a processzor nev\u00e9ben, hiszen a 15W-s fogyaszt\u00e1s\u00e1val, a rendszer okkal kapta meg az \u201eUltra-low-voltage\u201d, azaz alacsony energiafelhaszn\u00e1l\u00e1s\u00fa min\u0151s\u00edt\u00e9st.\u00a0 A processzor r\u00e9szek\u00e9nt ott van m\u00e9g egy 6 MB-s Smart cache, valamint egy Intel\u00ae UHD Graphics 620, ami ebben az esetben \u201emunkan\u00e9lk\u00fcli\u201d. Na nem az\u00e9rt, mert anarchi\u00e1t hirdetve a notebookban nem hajland\u00f3 grafikus munk\u00e1kat ell\u00e1tni, hanem mert kaptunk egy GDDR5-\u00f6s, 4 gig\u00e1s AMD Radeon 530-es vide\u00f3vez\u00e9rl\u0151t az 5570-es h\u00e1z\u00e1ba. Ez a bel\u00e9p\u0151 szint\u0171 grafikus k\u00e1rtya ugyan nem fogja a cs\u00facs gamer ig\u00e9nyeket kiel\u00e9g\u00edteni, de kor\u00e1bbi kiad\u00e1s\u00fa, vagy kisebb g\u00e9pig\u00e9ny\u0171 j\u00e1t\u00e9kokkal sim\u00e1n elsz\u00f3rakozhatunk rajta.\u00a0 Kaptunk teh\u00e1t egy processzort, ami nem olvasztja le az arcunkat, viszont egy stabil \u00e9s megb\u00edzhat\u00f3 teljes\u00edtm\u00e9nyt hoz hossz\u00fa \u00fczemid\u0151vel, kieg\u00e9sz\u00fclve egy alap j\u00e1t\u00e9kos ig\u00e9nyeket hozni tud\u00f3 grafikus vez\u00e9rl\u0151vel, na meg 8GB DDR4-es mem\u00f3ri\u00e1val. A 2400 Mhz-s egys\u00e9g a 2015 \u00f3ta egyre csak terjed\u0151 DDR4-esek csal\u00e1dj\u00e1ba tartozik, ami a kor\u00e1bbi DDR3-as egys\u00e9gekhez k\u00e9pest kevesebbet fogyaszt \u00e9s kev\u00e9sb\u00e9 melegszik. Konkr\u00e9tan, nagyobb kapacit\u00e1st \u00e9s szer\u00e9nyebb fogyaszt\u00e1st kapunk.<\/p>\n<p>A bels\u0151s\u00e9gekhez m\u00e9g hozz\u00e1tartozik, hogy az 1 terr\u00e1s, azaz 1000GB-os HDD-re egy Windows 10 Home-ot tett\u00fcnk fel, valamint az is, hogy SSD h\u00edj\u00e1n a bootid\u0151 egy kicsit hosszadalmasra siker\u00fclt. Ugyanezen a HDD-n dolgozott teh\u00e1t a 3DMark nev\u0171 tesztprogram, amelynek eredm\u00e9nyei igaz\u00e1b\u00f3l a fentebb \u00edrtakat t\u00e1masztj\u00e1k al\u00e1: nem egy gamer masina, de egy megb\u00edzhat\u00f3 office-multim\u00e9dia notebook az Inspiron 5570.<\/p>\n<p><a href=\"https:\/\/www.notebook.hu\/blog\/wp-content\/uploads\/2018\/01\/05.jpg\"><img loading=\"lazy\" decoding=\"async\" data-attachment-id=\"2427\" data-permalink=\"https:\/\/www.notebook.hu\/blog\/dell-insprion-5570-teszt\/attachment\/05\/\" data-orig-file=\"https:\/\/www.notebook.hu\/blog\/wp-content\/uploads\/2018\/01\/05.jpg\" data-orig-size=\"4608,3072\" data-comments-opened=\"0\" data-image-meta=\"{&quot;aperture&quot;:&quot;5&quot;,&quot;credit&quot;:&quot;&quot;,&quot;camera&quot;:&quot;NIKON D3100&quot;,&quot;caption&quot;:&quot;&quot;,&quot;created_timestamp&quot;:&quot;1513410818&quot;,&quot;copyright&quot;:&quot;&quot;,&quot;focal_length&quot;:&quot;26&quot;,&quot;iso&quot;:&quot;400&quot;,&quot;shutter_speed&quot;:&quot;0.01&quot;,&quot;title&quot;:&quot;&quot;,&quot;orientation&quot;:&quot;1&quot;}\" data-image-title=\"05\" data-image-description=\"\" data-image-caption=\"\" data-medium-file=\"https:\/\/www.notebook.hu\/blog\/wp-content\/uploads\/2018\/01\/05-300x200.jpg\" data-large-file=\"https:\/\/www.notebook.hu\/blog\/wp-content\/uploads\/2018\/01\/05-1024x683.jpg\" class=\"alignnone wp-image-2427 size-large\" src=\"https:\/\/www.notebook.hu\/blog\/wp-content\/uploads\/2018\/01\/05-1024x683.jpg\" alt=\"Dell Insprion 5570 kinyitva, el\u00f6lr\u0151l\" width=\"618\" height=\"412\" srcset=\"https:\/\/www.notebook.hu\/blog\/wp-content\/uploads\/2018\/01\/05-1024x683.jpg 1024w, https:\/\/www.notebook.hu\/blog\/wp-content\/uploads\/2018\/01\/05-300x200.jpg 300w, https:\/\/www.notebook.hu\/blog\/wp-content\/uploads\/2018\/01\/05-768x512.jpg 768w\" sizes=\"auto, (max-width: 618px) 100vw, 618px\" \/><\/a><\/p>\n<p><strong>\u00d6sszefoglal\u00e1s<\/strong><\/p>\n<p>\u00d6sszegezt\u00fcnk m\u00e1r az el\u0151z\u0151 bejegyz\u00e9s v\u00e9g\u00e9n, \u00edgy nem ism\u00e9teln\u00e9m magam igaz\u00e1n. Ez egy multim\u00e9di\u00e1s \u00e9s office feladatok ell\u00e1t\u00e1s\u00e1ra t\u00f6k\u00e9letesen alkalmas (Gamerek nagyon \u00f3vatosan, ink\u00e1bb a retr\u00f3 \u00e9s 2012-15 k\u00f6r\u00fcli j\u00e1t\u00e9kok kedvel\u0151i pr\u00f3b\u00e1lkozzanak), diz\u00e1jnj\u00e1t tekintve \u00e1tlagos \u00e9s egyszer\u0171 darab. Biztons\u00e1gi extr\u00e1j\u00e1val (ujjlenyomat olvas\u00f3), hasznos tagja lehet egy c\u00e9g g\u00e9p-parkj\u00e1nak, de mag\u00e1nszem\u00e9lyeknek is nyugodt sz\u00edvvel aj\u00e1nlhat\u00f3.<\/p>\n<p><em>\u00c9rdekelne a <a href=\"https:\/\/www.notebook.hu\/dell-inspiron-15-5570-242791-ezust\"><strong>Dell Inspiron 5570<\/strong><\/a>-es? Ne habozz \u00e9s csapj le r\u00e1 (ak\u00e1r hitelre v\u00e1s\u00e1rolva is) webshopunkban, ahol megn\u00e9zheted a tov\u00e1bbi term\u00e9kspecifik\u00e1ci\u00f3kat is.<\/em><\/p>\n","protected":false},"excerpt":{"rendered":"<p>\u00c1tlagos t\u00e9li d\u00e9lut\u00e1n volt, amikor betoppant hozz\u00e1nk. Egy ismer\u0151s arc volt, m\u00e9gis valami m\u00e1s volt rajta. \u201eHol van a kis z\u00f6ld jelz\u00e9s?\u201d \u2013 k\u00e9rdeztem \u00e9rtetlenkedve. \u201eMost hoztam valami m\u00e1st.\u201d- v\u00e1laszolta. Mit gondoltok, az AMD-s GPU-val meg\u00e1ldott 5570-es t\u00e9nyleg tud valami \u00fajat mutatni? A\u00a0Dell Insprion 5570 notebookot tesztelt\u00fck. Diz\u00e1jn \u2013 Ismer\u0151s arcok Minden notebook-csal\u00e1dnak megvan a &hellip;<\/p>\n","protected":false},"author":1,"featured_media":2494,"comment_status":"closed","ping_status":"open","sticky":false,"template":"","format":"standard","meta":{"_jetpack_memberships_contains_paid_content":false,"footnotes":""},"categories":[43,347],"tags":[238,236,237],"class_list":["post-2424","post","type-post","status-publish","format-standard","has-post-thumbnail","","category-tesztek","category-videok","tag-bemutato","tag-dell-inspiron-5570","tag-teszt"],"jetpack_featured_media_url":"https:\/\/www.notebook.hu\/blog\/wp-content\/uploads\/2018\/01\/20180130_notebookhu_blog_poszt_thumbnail_02_02_v1.png","jetpack_shortlink":"https:\/\/wp.me\/p9xSLL-D6","jetpack_sharing_enabled":true,"_links":{"self":[{"href":"https:\/\/www.notebook.hu\/blog\/wp-json\/wp\/v2\/posts\/2424","targetHints":{"allow":["GET"]}}],"collection":[{"href":"https:\/\/www.notebook.hu\/blog\/wp-json\/wp\/v2\/posts"}],"about":[{"href":"https:\/\/www.notebook.hu\/blog\/wp-json\/wp\/v2\/types\/post"}],"author":[{"embeddable":true,"href":"https:\/\/www.notebook.hu\/blog\/wp-json\/wp\/v2\/users\/1"}],"replies":[{"embeddable":true,"href":"https:\/\/www.notebook.hu\/blog\/wp-json\/wp\/v2\/comments?post=2424"}],"version-history":[{"count":11,"href":"https:\/\/www.notebook.hu\/blog\/wp-json\/wp\/v2\/posts\/2424\/revisions"}],"predecessor-version":[{"id":2577,"href":"https:\/\/www.notebook.hu\/blog\/wp-json\/wp\/v2\/posts\/2424\/revisions\/2577"}],"wp:featuredmedia":[{"embeddable":true,"href":"https:\/\/www.notebook.hu\/blog\/wp-json\/wp\/v2\/media\/2494"}],"wp:attachment":[{"href":"https:\/\/www.notebook.hu\/blog\/wp-json\/wp\/v2\/media?parent=2424"}],"wp:term":[{"taxonomy":"category","embeddable":true,"href":"https:\/\/www.notebook.hu\/blog\/wp-json\/wp\/v2\/categories?post=2424"},{"taxonomy":"post_tag","embeddable":true,"href":"https:\/\/www.notebook.hu\/blog\/wp-json\/wp\/v2\/tags?post=2424"}],"curies":[{"name":"wp","href":"https:\/\/api.w.org\/{rel}","templated":true}]}}