{"id":2354,"date":"2018-01-05T10:36:56","date_gmt":"2018-01-05T09:36:56","guid":{"rendered":"https:\/\/www.notebook.hu\/blog\/?p=2354"},"modified":"2018-01-02T14:00:09","modified_gmt":"2018-01-02T13:00:09","slug":"milyen-gyorsan-csokkennek-az-okostelefonok-arai-adatok-az-elmult-negy-evbol","status":"publish","type":"post","link":"https:\/\/www.notebook.hu\/blog\/milyen-gyorsan-csokkennek-az-okostelefonok-arai-adatok-az-elmult-negy-evbol\/","title":{"rendered":"Milyen gyorsan cs\u00f6kkennek az okostelefonok \u00e1rai? &#8211; Adatok az elm\u00falt n\u00e9gy \u00e9vb\u0151l"},"content":{"rendered":"<p><strong>Az\u00a0iPhone k\u00e9sz\u00fcl\u00e9kek \u00e1ra nem cs\u00f6kken, am\u00edg az Apple\u00a0be nem jelenti a k\u00f6vetkez\u0151 gener\u00e1ci\u00f3t, a t\u00f6bbi gy\u00e1rt\u00f3 modelljeinek \u00e1ra pedig fokozatosan ereszkedik. De milyen \u00fctem\u0171 az \u00e1rcs\u00f6kken\u00e9s?<\/strong><\/p>\n<p><strong>Melyik gy\u00e1rt\u00f3 k\u00edn\u00e1l nagyobb kedvezm\u00e9nyt a r\u00e9gebbi k\u00e9sz\u00fcl\u00e9kei v\u00e1s\u00e1rl\u00e1sa eset\u00e9n? Szakmai cikk\u00fcnk elk\u00e9sz\u00fcl\u00e9s\u00e9hez\u00a0a\u00a0CamelCamelCamel, a Keepa \u00e9s az Archive.org adatai is a seg\u00edts\u00e9g\u00fcnkre voltak.<\/strong><\/p>\n<p><strong>Samsung<\/strong><\/p>\n<p>A koreai gy\u00e1rt\u00f3 k\u00e9sz\u00fcl\u00e9keinek \u00e1ra\u00a0egyre lassabb \u00fctemben cs\u00f6kken. Az S4 \u00e9s S5 modellek \u00e1ra a piacra dob\u00e1sukt\u00f3l sz\u00e1m\u00edtott k\u00e9t \u00e9ven bel\u00fcl 65%-ot esett. Ez azonban nem \u00edgy t\u00f6rt\u00e9nt a Galaxy S6,\u00a0S6 Edge \u00e9s S6 Edge + eset\u00e9ben. Ekkora \u00e1rcs\u00f6kken\u00e9st nem tapasztalhattunk annak ellen\u00e9re, hogy ezek a k\u00e9sz\u00fcl\u00e9kek is m\u00e1r t\u00f6bb mint k\u00e9t \u00e9ve vannak jelen a piacon.<\/p>\n<p>Ami a Note-ot illeti, mind a Note 3 \u00e9s mind a Note 4 jobban tartotta az \u00e1r\u00e1t, mint az S-ek. Ebb\u0151l azt a k\u00f6vetkeztet\u00e9st vonhatjuk le, hogy a Note modellek \u00e1ra lassabb \u00fctemben cs\u00f6kken, mint a Galaxy S k\u00e9sz\u00fcl\u00e9kek\u00e9.<\/p>\n<p>A Plus telefonok, amelyek szok\u00e1s szerint a \u201ekistestv\u00e9r\u00fckkel\u201d \u00e9rkeznek a piacra, szint\u00e9n lassabb \u00fctemben vesztenek \u00e9rt\u00e9k\u00fckb\u0151l. \u00cdgy volt ez az S6, S7 \u00e9s az S8-cal is. Ez csak a Samsungn\u00e1l van \u00edgy, vagy egy\u00e9b gy\u00e1rt\u00f3kra is igaz?<\/p>\n<p><strong>LG<\/strong><\/p>\n<p>Az LG azon gy\u00e1rt\u00f3k egyike, amelyek a k\u00e9sz\u00fcl\u00e9keik piacra dob\u00e1sa ut\u00e1n a leghamarabb jelentenek be hatalmas \u00e1rlesz\u00e1ll\u00edt\u00e1sokat. Ehhez a felhaszn\u00e1l\u00f3k is hozz\u00e1szoktak, \u00edgy h\u00e1t nem sokan veszik meg a leg\u00fajabb LG k\u00e9sz\u00fcl\u00e9keket r\u00f6gt\u00f6n a piacra dob\u00e1suk ut\u00e1n.<\/p>\n<p>Az LG Flex 2014-ben a lekerek\u00edtett k\u00e9perny\u0151je, \u00e9s nem az elad\u00e1sai okozott visszhangot a sajt\u00f3ban. Cikk\u00fcnkben ez az a modell, amelynek \u00e9rt\u00e9ke a legt\u00f6bbet zuhant, eg\u00e9szen pontosan 70%-ot.<\/p>\n<p><strong>Huawei<\/strong><\/p>\n<p>Minden gy\u00e1rt\u00f3 m\u00e1s \u00e9s m\u00e1s strat\u00e9gi\u00e1t k\u00f6vet. A Huawei p\u00e9ld\u00e1ul nem szokott alacsonyabb \u00e1rakat szabni a piacra dob\u00e1skor, mint a versenyt\u00e1rsai, azonban az els\u0151 h\u00f3napokban nagy kedvezm\u00e9nyeket biztos\u00edt. Kisebbeket, mint a m\u00e1r eml\u00edtett LG, de azt mondhatjuk, hogy m\u00e1sodik a sorban.<\/p>\n<p>Emellett azt is elmondhatjuk a n\u00e9pszer\u0171 m\u00e1rk\u00e1r\u00f3l, hogy az \u00e1rai egyre stabilabbak. A P6, P7 \u00e9s P8 idej\u00e9ben a kedvezm\u00e9nyek a 20-30% k\u00f6z\u00f6tt mozogtak, a P9 \u00f3ta a v\u00e1llalat meger\u0151s\u00f6d\u00f6tt. Ez az \u00e9rt\u00e9k ma 5-20%-ra tehet\u0151.<\/p>\n<p>Ez al\u00f3l a szab\u00e1ly al\u00f3l a P10 Lite kiv\u00e9tel, hiszen a k\u00f6z\u00e9pkateg\u00f3ri\u00e1s versenyt\u00e1rsak hat\u00e1s\u00e1ra m\u00e1r 25%-os \u00e1rcs\u00f6kken\u00e9sn\u00e9l j\u00e1r.<\/p>\n<p><strong>Apple<\/strong><\/p>\n<p>Az Apple-r\u0151l \u00e1ltal\u00e1noss\u00e1gban elmondhat\u00f3, hogy az \u00e1rai nem \u00e9ppen rugalmasak. Az iPhone 5c az a modell, amely az els\u0151 \u00e9v ut\u00e1n a legnagyobb \u00e1res\u00e9st produk\u00e1lta (33,4%) a k\u00f6vetkez\u0151 gener\u00e1ci\u00f3 megjelen\u00e9s\u00e9nek hat\u00e1s\u00e1ra. Emellett az is megfigyelhet\u0151, hogy a Plus modellek kev\u00e9sb\u00e9 produk\u00e1lnak \u00e1rcs\u00f6kken\u00e9st, mint a \u201enorm\u00e1l\u201d k\u00e9sz\u00fcl\u00e9kek.<\/p>\n<p>Mi\u00f3ta az Apple t\u00f6bb mint 4 h\u00fcvelykes k\u00e9perny\u0151kkel ell\u00e1tott telefonokat is k\u00e9sz\u00edt, az iPhone 7 (16,9%) \u00e9s 7 Plus (14,3%) azok a modellek, amelyek a legt\u00f6bbet vesz\u00edtettek piacra dob\u00e1si \u00e1rukb\u00f3l. M\u00e9g a 6 \u00e9s a 6s modellek is jobban teljes\u00edtettek.<\/p>\n<p><strong>Sony<\/strong><\/p>\n<p>A Sony a k\u00e9sz\u00fcl\u00e9keinek \u00e1rcs\u00f6kken\u00e9s\u00e9t tekintve valamivel jobb eredm\u00e9nyeket mutat, mint a Samsung. Azonban meg kell eml\u00edten\u00fcnk az Xperia X-et, amelynek \u00e1ra a piacra dob\u00e1st\u00f3l sz\u00e1m\u00edtott m\u00e1sf\u00e9l \u00e9v ut\u00e1n 65%-os \u00e1rcs\u00f6kken\u00e9st produk\u00e1lt.<\/p>\n<p>Tal\u00e1n a Sony az a m\u00e1rka, amely a legkev\u00e9sb\u00e9 vil\u00e1gos szab\u00e1lyokat k\u00f6vetve cs\u00f6kkenti az \u00e1rait, azonban az is t\u00e9ny, hogy ez az \u00e1rcs\u00f6kken\u00e9s egyre kisebb.<\/p>\n<p><strong>Motorola<\/strong><\/p>\n<p>A Motorola jelenleg a Lenovo tulajdon\u00e1ban \u00e1ll \u00e9s egy kicsit kil\u00f3g a sorb\u00f3l. Az Apple-t lesz\u00e1m\u00edtva a Motorola az egyetlen olyan gy\u00e1rt\u00f3, amely nem igaz\u00e1n v\u00e1ltoztat az \u00e1rain egy-egy k\u00e9sz\u00fcl\u00e9k piacra dob\u00e1sa ut\u00e1n.<\/p>\n<p>A Motorola k\u00e9sz\u00fcl\u00e9kei k\u00f6z\u00fcl ki kell emeln\u00fcnk a Moto G2-t, amely a legjobban tartotta az \u00e1r\u00e1t az id\u0151 m\u00fal\u00e1s\u00e1val. Ezzel szemben a Moto Z piacra dob\u00e1sa ut\u00e1n m\u00e1sf\u00e9l \u00e9vvel hatalmas \u00e1rzuhan\u00e1st produk\u00e1lt. Az eredeti \u00e1r\u00e1hoz k\u00e9pest akkor kevesebb, mint 20%-os \u00e1rcs\u00f6kken\u00e9st mutatott, majd ez az \u00e9rt\u00e9k m\u00e1sf\u00e9l \u00e9v ut\u00e1n 50%-ra emelkedett.<\/p>\n<p><strong>HTC<\/strong><\/p>\n<p>Amit azonnal lesz\u00f6gezhet\u00fcnk, hogy a HTC nem \u00e9li \u00e9ppen f\u00e9nykor\u00e1t. El\u00e9g csak a legn\u00e9pszer\u0171bb k\u00e9sz\u00fcl\u00e9keinek grafik\u00e1j\u00e1t n\u00e9zni. A gy\u00e1rt\u00f3 2013-ban megengedhette mag\u00e1nak a luxust, hogy stabilan tartsa az \u00e1rait, ma azonban m\u00e1s a helyzet.<\/p>\n<p>A HTC-ben azonban az az \u00e9rdekes, hogy a HTC 10 k\u00e9sz\u00fcl\u00e9k ut\u00e1n megjelent telefonok az els\u0151 h\u00f3napokban jobban tartj\u00e1k az \u00e1raikat, mint a kor\u00e1bbi modellek.<\/p>\n<p><strong>Nokia \u00e9s Microsoft<\/strong><\/p>\n<p>A Lumia gy\u00e1rt\u00f3i ma m\u00e1r nem is a k\u00e9sz\u00fcl\u00e9kek gy\u00e1rt\u00e1s\u00e1ra f\u00f3kusz\u00e1lnak, hanem ink\u00e1bb a szoftverfejleszt\u00e9sre. Ez nem csak az ut\u00f3bbi h\u00f3napokra igaz. A 1020 \u00e9s a 1520 modellek 2013-ban alig t\u00f6bb mint egy \u00e9vig volt a kirakatokban.<\/p>\n<p>Az el\u0151nytelen helyzete ellen\u00e9re sem a Nokia, sem a Microsoft nem k\u00f6vetett agressz\u00edv \u00e1rpolitik\u00e1t. A modellek \u00e1r\u00e1nak cs\u00f6kken\u00e9se nem volt nagyobb, mint az LG, a Samsung vagy a Huawei eset\u00e9ben. S\u0151t, a legut\u00f3bbi Lumia cs\u00facsmodellek (950 \u00e9s 950 XL) sokkal tov\u00e1bb tartott\u00e1k a piacra dob\u00e1skor aktu\u00e1lis \u00e1rukat, mint ahogy azt v\u00e1rni lehetett.<\/p>\n<p><strong>Honor<\/strong><\/p>\n<p>A felsorol\u00e1sb\u00f3l a Honort sem lehet kihagyni, a m\u00e1rk\u00e1t, amely a Huaweit tekinti p\u00e9ld\u00e1nak, de a diz\u00e1jnra sokkal nagyobb hangs\u00falyt fektet \u00e9s a k\u00e9sz\u00fcl\u00e9keit is jobb \u00e1ron k\u00edn\u00e1lja.<\/p>\n<p>\u00c9s a nagy k\u00e9rd\u00e9s: a Honor \u00e1rai nagy cs\u00f6kken\u00e9st produk\u00e1lnak? Nem, nagyon kis \u00e1rcs\u00f6kken\u00e9s tapasztalhat\u00f3. Igazs\u00e1g szerint ez nem is meglep\u0151, hiszen m\u00e1r a kezd\u0151 \u00e1rai is nagyon kedvez\u0151ek, s\u0151t, a term\u00e9kek min\u0151s\u00e9ge is kiemelked\u0151.<\/p>\n<p>A Honor 8 \u00e9s Honor 8 Pro piacra dob\u00e1sa ut\u00e1ni els\u0151 h\u00f3napokban szinte egy\u00e1ltal\u00e1n nem volt tapasztalhat\u00f3 \u00e1rcs\u00f6kken\u00e9s.<\/p>\n<p><strong>A harmadik h\u00f3nap \u00e9s a visszat\u00e9r\u0151 k\u00e9rd\u00e9s<\/strong><\/p>\n<p>Teh\u00e1t levonhatjuk a k\u00f6vetkeztet\u00e9st, miszerint az, aki iPhone-t szeretne, min\u00e9l el\u0151bb veszi meg, ann\u00e1l jobb, hiszen nem v\u00e1rhat\u00f3 sok k\u00fcl\u00f6nbs\u00e9g a piacra dob\u00e1si \u00e1r \u00e9s az els\u0151 h\u00f3napok \u00e1ra k\u00f6z\u00f6tt. Ha azonban nem Apple term\u00e9ket szeretne az ember, akkor \u00e9rdemes v\u00e1rni n\u00e9h\u00e1ny r\u00f6vid h\u00f3napot, hogy cs\u00f6kkenjen a k\u00e9sz\u00fcl\u00e9k \u00e1ra.<\/p>\n<p>Ha nem Apple k\u00e9sz\u00fcl\u00e9ket szeretn\u00e9nk, akkor a legjobb lehet\u0151s\u00e9g tal\u00e1n az, ha a harmadik h\u00f3napban v\u00e1s\u00e1rolunk, amikor m\u00e9g \u00e9l az \u00fajdons\u00e1g var\u00e1zsa, ugyanakkor m\u00e1r nem a piacra dob\u00e1si \u00e1ron juthatunk hozz\u00e1 a k\u00e9sz\u00fcl\u00e9khez.<\/p>\n<p><strong>Samsung vs. iPhone?<\/strong><\/p>\n<p>A Samsung \u00fagy k\u00e9sz\u00fclne az iPhone k\u00e9sz\u00fcl\u00e9kek piacra dob\u00e1s\u00e1ra, hogy leviszi a Galaxy S \u00e1rait? \u00dagy t\u0171nik, hogy a Note modellek megjelen\u00e9se is \u00f6sszhangban van az Apple megjelen\u00e9sekkel. Vajon mindez tudatos a Samsung r\u00e9sz\u00e9r\u0151l \u00e9s ezzel pr\u00f3b\u00e1ln\u00e1 meg elhappolni a potenci\u00e1lis iPhone v\u00e1s\u00e1rl\u00f3kat a n\u00e9pszer\u0171 v\u00e1llalat orra el\u0151l?<\/p>\n<p>Nem. Ezt az is bizony\u00edtja, hogy sz\u00e1mos esetben a Samsung m\u00e1r kor\u00e1bban cselekedett, mint az Apple, azaz m\u00e1r akkor kider\u00fclt az \u00e1rcs\u00f6kken\u00e9s, amikor m\u00e9g nem is lehetett tudni \u00faj iPhone megjelen\u00e9sr\u0151l.<\/p>\n<p><strong>Forr\u00e1sok:<\/strong><\/p>\n<p><strong><a href=\"https:\/\/www.apple.com\/\">https:\/\/www.apple.com\/<\/a><\/strong><\/p>\n<p><strong><a href=\"https:\/\/archive.org\/\">https:\/\/archive.org\/<\/a><\/strong><\/p>\n<p><strong><a href=\"https:\/\/www.csmonitor.com\/Business\/Saving-Money\/2017\/0313\/The-best-times-to-buy-2017-s-most-popular-smartphones-at-a-discount\">https:\/\/www.csmonitor.com\/Business\/Saving-Money\/2017\/0313\/The-best-times-to-buy-2017-s-most-popular-smartphones-at-a-discount<\/a><\/strong><\/p>\n<p><strong><a href=\"https:\/\/es.camelcamelcamel.com\/?utm_campaign=locale_redir&amp;utm_source=C:US-L:ES-G:ES&amp;utm_medium=www\">https:\/\/es.camelcamelcamel.com\/?utm_campaign=locale_redir&amp;utm_source=C:US-L:ES-G:ES&amp;utm_medium=www<\/a><\/strong><\/p>\n<p><strong><a href=\"https:\/\/www.gadgetsnow.com\/slideshows\/20-smartphones-that-got-a-price-cut-recently\/photolist\/61796413.cms\">https:\/\/www.gadgetsnow.com\/slideshows\/20-smartphones-that-got-a-price-cut-recently\/photolist\/61796413.cms<\/a><\/strong><\/p>\n<p><strong><a href=\"https:\/\/keepa.com\/\">https:\/\/keepa.com\/#<\/a>!<\/strong><\/p>\n<p><strong><a href=\"https:\/\/www.medianama.com\/2015\/02\/223-a-study-in-price-drops-of-popular-smartphones-ankur-p-agarwal-pricebaba\/\">https:\/\/www.medianama.com\/2015\/02\/223-a-study-in-price-drops-of-popular-smartphones-ankur-p-agarwal-pricebaba\/<\/a><\/strong><\/p>\n","protected":false},"excerpt":{"rendered":"<p>Az\u00a0iPhone k\u00e9sz\u00fcl\u00e9kek \u00e1ra nem cs\u00f6kken, am\u00edg az Apple\u00a0be nem jelenti a k\u00f6vetkez\u0151 gener\u00e1ci\u00f3t, a t\u00f6bbi gy\u00e1rt\u00f3 modelljeinek \u00e1ra pedig fokozatosan ereszkedik. De milyen \u00fctem\u0171 az \u00e1rcs\u00f6kken\u00e9s? Melyik gy\u00e1rt\u00f3 k\u00edn\u00e1l nagyobb kedvezm\u00e9nyt a r\u00e9gebbi k\u00e9sz\u00fcl\u00e9kei v\u00e1s\u00e1rl\u00e1sa eset\u00e9n? Szakmai cikk\u00fcnk elk\u00e9sz\u00fcl\u00e9s\u00e9hez\u00a0a\u00a0CamelCamelCamel, a Keepa \u00e9s az Archive.org adatai is a seg\u00edts\u00e9g\u00fcnkre voltak. Samsung A koreai gy\u00e1rt\u00f3 k\u00e9sz\u00fcl\u00e9keinek \u00e1ra\u00a0egyre &hellip;<\/p>\n","protected":false},"author":1,"featured_media":2355,"comment_status":"closed","ping_status":"open","sticky":false,"template":"","format":"standard","meta":{"_jetpack_memberships_contains_paid_content":false,"footnotes":""},"categories":[211],"tags":[56,164,225,58,197,228,227,74,47,55,226],"class_list":["post-2354","post","type-post","status-publish","format-standard","has-post-thumbnail","","category-tudomany","tag-apple","tag-honor","tag-htc","tag-huawei","tag-iphone","tag-lg","tag-motorola","tag-okoseszkozok","tag-okostelefon-mobiltelefon","tag-samsung","tag-sony"],"jetpack_featured_media_url":"https:\/\/www.notebook.hu\/blog\/wp-content\/uploads\/2018\/01\/notebook.hu_50.jpg","jetpack_shortlink":"https:\/\/wp.me\/p9xSLL-BY","jetpack_sharing_enabled":true,"_links":{"self":[{"href":"https:\/\/www.notebook.hu\/blog\/wp-json\/wp\/v2\/posts\/2354","targetHints":{"allow":["GET"]}}],"collection":[{"href":"https:\/\/www.notebook.hu\/blog\/wp-json\/wp\/v2\/posts"}],"about":[{"href":"https:\/\/www.notebook.hu\/blog\/wp-json\/wp\/v2\/types\/post"}],"author":[{"embeddable":true,"href":"https:\/\/www.notebook.hu\/blog\/wp-json\/wp\/v2\/users\/1"}],"replies":[{"embeddable":true,"href":"https:\/\/www.notebook.hu\/blog\/wp-json\/wp\/v2\/comments?post=2354"}],"version-history":[{"count":2,"href":"https:\/\/www.notebook.hu\/blog\/wp-json\/wp\/v2\/posts\/2354\/revisions"}],"predecessor-version":[{"id":2357,"href":"https:\/\/www.notebook.hu\/blog\/wp-json\/wp\/v2\/posts\/2354\/revisions\/2357"}],"wp:featuredmedia":[{"embeddable":true,"href":"https:\/\/www.notebook.hu\/blog\/wp-json\/wp\/v2\/media\/2355"}],"wp:attachment":[{"href":"https:\/\/www.notebook.hu\/blog\/wp-json\/wp\/v2\/media?parent=2354"}],"wp:term":[{"taxonomy":"category","embeddable":true,"href":"https:\/\/www.notebook.hu\/blog\/wp-json\/wp\/v2\/categories?post=2354"},{"taxonomy":"post_tag","embeddable":true,"href":"https:\/\/www.notebook.hu\/blog\/wp-json\/wp\/v2\/tags?post=2354"}],"curies":[{"name":"wp","href":"https:\/\/api.w.org\/{rel}","templated":true}]}}