{"id":2342,"date":"2017-12-29T10:52:31","date_gmt":"2017-12-29T09:52:31","guid":{"rendered":"https:\/\/www.notebook.hu\/blog\/?p=2342"},"modified":"2017-12-19T15:40:25","modified_gmt":"2017-12-19T14:40:25","slug":"samsung-galaxy-s9-februarra-varhatod-a-boltokban-pedig-marciustol-kaphato","status":"publish","type":"post","link":"https:\/\/www.notebook.hu\/blog\/samsung-galaxy-s9-februarra-varhatod-a-boltokban-pedig-marciustol-kaphato\/","title":{"rendered":"Samsung Galaxy S9 &#8211; Febru\u00e1rra v\u00e1rhatod, a boltokban pedig m\u00e1rciust\u00f3l kaphat\u00f3"},"content":{"rendered":"<p><strong>N\u00e9h\u00e1ny mende-monda arr\u00f3l sz\u00f3lt, hogy a Samsung mindenkit megel\u0151zve, Las Vegasban, a CES-en mutatja be a Galaxy S9-et. Ismerve a koreai c\u00e9g ut\u00f3bbi \u00e9vekben folytatott strat\u00e9gi\u00e1j\u00e1t, ezt neh\u00e9z volt elhinni. Az \u00faj sz\u00f3besz\u00e9d, amelynek forr\u00e1sa nem mellesleg Mark Gurman, m\u00e1r j\u00f3val hihet\u0151bbnek hangzik.<\/strong><\/p>\n<p>De mir\u0151l is van sz\u00f3?<\/p>\n<p>Arr\u00f3l, hogy a Samsung szak\u00edt a hagyom\u00e1nyaival \u00e9s a megszokotthoz k\u00e9pest egy h\u00f3nappal el\u0151bb mutatja be az \u00faj cs\u00facsk\u00e9sz\u00fcl\u00e9k\u00e9t, ez pedig azt is jelenti egyben, hogy a Galaxy S9 egy h\u00f3nappal kor\u00e1bban lesz kaphat\u00f3. A m\u00e1rka febru\u00e1rban mutatja be az \u00faj modellj\u00e9t, amelyet m\u00e1rciusban kezd \u00e9rt\u00e9kes\u00edteni.<\/p>\n<p>Gurman \u00e9s Evan Blass is meger\u0151s\u00edtette az inform\u00e1ci\u00f3t, miszerint iterat\u00edv friss\u00edt\u00e9sre sz\u00e1m\u00edthatunk. Ez azt jelenti, hogy a Galaxy S9 diz\u00e1jnja nem t\u00e9r el sokban az S8-\u00e9t\u00f3l, azonban a processzor \u00e9s a kamera ter\u00fclet\u00e9n is jelent\u0151s jav\u00edt\u00e1sokat tapasztalhatunk. Mindezek mellett a koreai c\u00e9g bemutatja a Bixby 2.0-t, amely okoshangsz\u00f3r\u00f3val \u00e9rkezik.<\/p>\n<p>A Galaxy S9 duplakamer\u00e1s k\u00e9sz\u00fcl\u00e9k lesz, ezt a tulajdons\u00e1g\u00e1t a Note 8-t\u00f3l \u00f6r\u00f6kli. Emellett a h\u00e1tlapon megmarad az ujjlenyomat-leolvas\u00f3, amely ez alkalommal a f\u00e9lre\u00e9rt\u00e9sek elker\u00fcl\u00e9se v\u00e9gett a lencse alatt kap helyet. Ez az eszk\u00f6z mutatja be a Snapdragon 845-\u00f6t.<\/p>\n<p>A Galaxy S9 \u00e1ll\u00edt\u00f3lag megtartja az \u00fa.n. Infinity Displayt a Super AMOLED panellel. M\u00edg az\u00a0S9 5,8 h\u00fcvelykes k\u00e9perny\u0151vel, addig az S9+ 6,2 h\u00fcvelykessel fog sz\u00e1molni. Az el\u0151bb eml\u00edtett modell maximum 4GB RAM-os, m\u00edg a b\u0151v\u00edtett verzi\u00f3 maximum 6GB RAM-os lehet.<\/p>\n<p>A k\u00e9sz\u00fcl\u00e9k bemutat\u00f3j\u00e1t 2018. febru\u00e1r 27-\u00e9re tervezik, azt azonban nem tudni, hogy a 2018-as Mobile World Congress keretein bel\u00fcl, esetleg egy ett\u0151l f\u00fcggetlen, Unpacked rendezv\u00e9nyen. A leg\u00fajabb inform\u00e1ci\u00f3k szerint a koreai gy\u00e1rt\u00f3 m\u00e1rcius m\u00e1sodik, vagy harmadik het\u00e9ben dobn\u00e1 piacra a leg\u00fajabb cs\u00facsmodellj\u00e9t.<\/p>\n","protected":false},"excerpt":{"rendered":"<p>N\u00e9h\u00e1ny mende-monda arr\u00f3l sz\u00f3lt, hogy a Samsung mindenkit megel\u0151zve, Las Vegasban, a CES-en mutatja be a Galaxy S9-et. Ismerve a koreai c\u00e9g ut\u00f3bbi \u00e9vekben folytatott strat\u00e9gi\u00e1j\u00e1t, ezt neh\u00e9z volt elhinni. Az \u00faj sz\u00f3besz\u00e9d, amelynek forr\u00e1sa nem mellesleg Mark Gurman, m\u00e1r j\u00f3val hihet\u0151bbnek hangzik. De mir\u0151l is van sz\u00f3? Arr\u00f3l, hogy a Samsung szak\u00edt a hagyom\u00e1nyaival &hellip;<\/p>\n","protected":false},"author":1,"featured_media":2343,"comment_status":"closed","ping_status":"open","sticky":false,"template":"","format":"standard","meta":{"_jetpack_memberships_contains_paid_content":false,"footnotes":""},"categories":[42,41],"tags":[221,74,47,220,55],"class_list":["post-2342","post","type-post","status-publish","format-standard","has-post-thumbnail","","category-cikkek","category-hirek","tag-galaxy","tag-okoseszkozok","tag-okostelefon-mobiltelefon","tag-s9","tag-samsung"],"jetpack_featured_media_url":"https:\/\/www.notebook.hu\/blog\/wp-content\/uploads\/2017\/12\/samsung-galaxy-s8-2643381_1280.jpg","jetpack_shortlink":"https:\/\/wp.me\/p9xSLL-BM","jetpack_sharing_enabled":true,"_links":{"self":[{"href":"https:\/\/www.notebook.hu\/blog\/wp-json\/wp\/v2\/posts\/2342","targetHints":{"allow":["GET"]}}],"collection":[{"href":"https:\/\/www.notebook.hu\/blog\/wp-json\/wp\/v2\/posts"}],"about":[{"href":"https:\/\/www.notebook.hu\/blog\/wp-json\/wp\/v2\/types\/post"}],"author":[{"embeddable":true,"href":"https:\/\/www.notebook.hu\/blog\/wp-json\/wp\/v2\/users\/1"}],"replies":[{"embeddable":true,"href":"https:\/\/www.notebook.hu\/blog\/wp-json\/wp\/v2\/comments?post=2342"}],"version-history":[{"count":2,"href":"https:\/\/www.notebook.hu\/blog\/wp-json\/wp\/v2\/posts\/2342\/revisions"}],"predecessor-version":[{"id":2349,"href":"https:\/\/www.notebook.hu\/blog\/wp-json\/wp\/v2\/posts\/2342\/revisions\/2349"}],"wp:featuredmedia":[{"embeddable":true,"href":"https:\/\/www.notebook.hu\/blog\/wp-json\/wp\/v2\/media\/2343"}],"wp:attachment":[{"href":"https:\/\/www.notebook.hu\/blog\/wp-json\/wp\/v2\/media?parent=2342"}],"wp:term":[{"taxonomy":"category","embeddable":true,"href":"https:\/\/www.notebook.hu\/blog\/wp-json\/wp\/v2\/categories?post=2342"},{"taxonomy":"post_tag","embeddable":true,"href":"https:\/\/www.notebook.hu\/blog\/wp-json\/wp\/v2\/tags?post=2342"}],"curies":[{"name":"wp","href":"https:\/\/api.w.org\/{rel}","templated":true}]}}