{"id":2338,"date":"2017-12-15T09:58:48","date_gmt":"2017-12-15T08:58:48","guid":{"rendered":"https:\/\/www.notebook.hu\/blog\/?p=2338"},"modified":"2017-12-14T14:18:18","modified_gmt":"2017-12-14T13:18:18","slug":"unnepi-kiszallitas-szolunk-hogy-le-ne-maradj","status":"publish","type":"post","link":"https:\/\/www.notebook.hu\/blog\/unnepi-kiszallitas-szolunk-hogy-le-ne-maradj\/","title":{"rendered":"\u00dcnnepi kisz\u00e1ll\u00edt\u00e1s: sz\u00f3lunk, hogy le ne maradj&#8230;"},"content":{"rendered":"<h4><strong>Online rendel\u00e9sek kisz\u00e1ll\u00edt\u00e1sa<\/strong><\/h4>\n<h5><strong>H\u00e1zhozsz\u00e1ll\u00edt\u00e1s \u00e9s Pick Pack pontos rendel\u00e9sek eset\u00e9n<\/strong><\/h5>\n<p>A <em>december 18<\/em>-\u00e1n 14.00 \u00f3r\u00e1ig leadott rendel\u00e9sedet kar\u00e1csonyig kisz\u00e1ll\u00edtjuk<\/p>\n<h5><strong>Expressz kisz\u00e1ll\u00edt\u00e1s eset\u00e9n (Budapest vonz\u00e1sk\u00f6rzete)<\/strong><\/h5>\n<p><em>December 22<\/em>-\u00e9n 14.00 \u00f3r\u00e1ig leadott rendel\u00e9sedet m\u00e9g aznap kisz\u00e1ll\u00edtjuk<\/p>\n<h5><strong>\u00dczletben t\u00f6rt\u00e9n\u0151 \u00e1tv\u00e9tel eset\u00e9n\u00a0<\/strong><\/h5>\n<p>A <em>december 20<\/em>-\u00e1n \u00e9jf\u00e9lig leadott rendel\u00e9sedet m\u00e9g kar\u00e1csony el\u0151tt \u00e1tveheted<\/p>\n<p>Ha lecs\u00faszt\u00e1l az online rendel\u00e9sr\u0151l gyere \u00fczleteinkbe, ahol sz\u00e9les v\u00e1laszt\u00e9kkal \u00e9s <strong>meghosszabb\u00edtott nyitvart\u00e1ssal<\/strong> v\u00e1runk december 23-ig.<\/p>\n<p><strong><a href=\"https:\/\/www.notebook.hu\/szakuzleteink\">\u00dcnnepi nyitvart\u00e1sunkr\u00f3l itt olvashatsz.<\/a><\/strong><\/p>\n","protected":false},"excerpt":{"rendered":"<p>Online rendel\u00e9sek kisz\u00e1ll\u00edt\u00e1sa H\u00e1zhozsz\u00e1ll\u00edt\u00e1s \u00e9s Pick Pack pontos rendel\u00e9sek eset\u00e9n A december 18-\u00e1n 14.00 \u00f3r\u00e1ig leadott rendel\u00e9sedet kar\u00e1csonyig kisz\u00e1ll\u00edtjuk Expressz kisz\u00e1ll\u00edt\u00e1s eset\u00e9n (Budapest vonz\u00e1sk\u00f6rzete) December 22-\u00e9n 14.00 \u00f3r\u00e1ig leadott rendel\u00e9sedet m\u00e9g aznap kisz\u00e1ll\u00edtjuk \u00dczletben t\u00f6rt\u00e9n\u0151 \u00e1tv\u00e9tel eset\u00e9n\u00a0 A december 20-\u00e1n \u00e9jf\u00e9lig leadott rendel\u00e9sedet m\u00e9g kar\u00e1csony el\u0151tt \u00e1tveheted Ha lecs\u00faszt\u00e1l az online rendel\u00e9sr\u0151l gyere \u00fczleteinkbe, ahol &hellip;<\/p>\n","protected":false},"author":1,"featured_media":2339,"comment_status":"closed","ping_status":"open","sticky":false,"template":"","format":"standard","meta":{"_jetpack_memberships_contains_paid_content":false,"footnotes":""},"categories":[41],"tags":[219,217,218],"class_list":["post-2338","post","type-post","status-publish","format-standard","has-post-thumbnail","","category-hirek","tag-karacsony","tag-nyitvatartas","tag-unnep"],"jetpack_featured_media_url":"https:\/\/www.notebook.hu\/blog\/wp-content\/uploads\/2017\/12\/25358313_1773929555973049_4256373839712262971_o.png","jetpack_shortlink":"https:\/\/wp.me\/p9xSLL-BI","jetpack_sharing_enabled":true,"_links":{"self":[{"href":"https:\/\/www.notebook.hu\/blog\/wp-json\/wp\/v2\/posts\/2338","targetHints":{"allow":["GET"]}}],"collection":[{"href":"https:\/\/www.notebook.hu\/blog\/wp-json\/wp\/v2\/posts"}],"about":[{"href":"https:\/\/www.notebook.hu\/blog\/wp-json\/wp\/v2\/types\/post"}],"author":[{"embeddable":true,"href":"https:\/\/www.notebook.hu\/blog\/wp-json\/wp\/v2\/users\/1"}],"replies":[{"embeddable":true,"href":"https:\/\/www.notebook.hu\/blog\/wp-json\/wp\/v2\/comments?post=2338"}],"version-history":[{"count":2,"href":"https:\/\/www.notebook.hu\/blog\/wp-json\/wp\/v2\/posts\/2338\/revisions"}],"predecessor-version":[{"id":2341,"href":"https:\/\/www.notebook.hu\/blog\/wp-json\/wp\/v2\/posts\/2338\/revisions\/2341"}],"wp:featuredmedia":[{"embeddable":true,"href":"https:\/\/www.notebook.hu\/blog\/wp-json\/wp\/v2\/media\/2339"}],"wp:attachment":[{"href":"https:\/\/www.notebook.hu\/blog\/wp-json\/wp\/v2\/media?parent=2338"}],"wp:term":[{"taxonomy":"category","embeddable":true,"href":"https:\/\/www.notebook.hu\/blog\/wp-json\/wp\/v2\/categories?post=2338"},{"taxonomy":"post_tag","embeddable":true,"href":"https:\/\/www.notebook.hu\/blog\/wp-json\/wp\/v2\/tags?post=2338"}],"curies":[{"name":"wp","href":"https:\/\/api.w.org\/{rel}","templated":true}]}}