{"id":2200,"date":"2017-11-30T11:08:51","date_gmt":"2017-11-30T10:08:51","guid":{"rendered":"https:\/\/www.notebook.hu\/blog\/?p=2200"},"modified":"2017-11-06T09:28:12","modified_gmt":"2017-11-06T08:28:12","slug":"igy-sporolj-idot-ikonrendezessel-mert-nem-mindegy-hogy-hova-helyezed-okostelefonod-ikonjait","status":"publish","type":"post","link":"https:\/\/www.notebook.hu\/blog\/igy-sporolj-idot-ikonrendezessel-mert-nem-mindegy-hogy-hova-helyezed-okostelefonod-ikonjait\/","title":{"rendered":"\u00cdgy sp\u00f3rolj id\u0151t ikonrendez\u00e9ssel &#8211; mert nem mindegy, hogy hova helyezed okostelefonod ikonjait"},"content":{"rendered":"<p><strong>H\u00e1nyszor n\u00e9z\u00fcnk r\u00e1 okostelefonunk kijelz\u0151j\u00e9re egy nap? Egy tanulm\u00e1ny ismertette a megh\u00f6kkent\u0151 t\u00e9nyt, miszerint egy \u00e1tlagos okostelefon felhaszn\u00e1l\u00f3 naponta 2716-szor \u00e9rinti meg telefonj\u00e1nak kijelz\u0151j\u00e9t.<\/strong><\/p>\n<p>Hossz\u00fa perceket, \u00f3r\u00e1kat t\u00f6lt\u00fcnk el telefonunkat nyomogatva: most megn\u00e9zem az \u00fczeneteimet, azt\u00e1n ellen\u0151rz\u00f6m az e-maileket. Ez ut\u00e1n megn\u00e9zem, ki jel\u00f6lt ismer\u0151snek a Facebookon, ki akar k\u00f6vetni az Instagramon, milyen \u00e1ll\u00e1saj\u00e1nlatokat k\u00edn\u00e1l a LinkedIn. Azt\u00e1n fel kell h\u00edvnom anyu\u00e9kat, hogy holnap vel\u00fck eb\u00e9delek, ez ut\u00e1n pedig t\u00f6rl\u00f6m a telefonom mem\u00f3ri\u00e1j\u00e1t, mert m\u00e1r panaszkodik a k\u00e9sz\u00fcl\u00e9k.<\/p>\n<p>Nem is gondoln\u00e1d, hogy a megfelel\u0151 ikonrendez\u00e9s milyen sok id\u0151t sp\u00f3rolhat neked. De hogyan is csoportos\u00edtsd az alkalmaz\u00e1sok ikonjait, hogy takar\u00e9koskodj az id\u0151vel?<\/p>\n<p><strong>A kezd\u0151 k\u00e9perny\u0151<\/strong><\/p>\n<p>Teljesen egy\u00e9rtelm\u0171, mondanunk sem kell, hogy a kezd\u0151 k\u00e9perny\u0151re azokat az alkalmaz\u00e1sokat kell elhelyezned, amelyeket a leggyakrabban haszn\u00e1lsz. Itt nincs j\u00f3l bev\u00e1lt formula, hiszen mindenkinek m\u00e1sok a b\u00f6ng\u00e9sz\u00e9si szok\u00e1sai. Gondold \u00e1t alaposan, hogy Te melyik alkalmaz\u00e1sokat nyitod meg a leggyakrabban, \u00e9s ezek m\u00e1r mehetnek is a f\u0151 kijelz\u0151re.<\/p>\n<p><strong>Rendez\u00e9s kateg\u00f3ri\u00e1k szerint<\/strong><\/p>\n<p>Folyamatosan \u00fajabb \u00e9s \u00fajabb alkalmaz\u00e1sok jelennek meg, a k\u00edn\u00e1lat \u00edgy m\u00e1r-m\u00e1r v\u00e9gtelennek mondhat\u00f3. Ha sok, hasonl\u00f3 tematik\u00e1j\u00fa appod van, \u00e9rdemes mapp\u00e1kba rendezned \u0151ket.<\/p>\n<p><strong>Rendez\u00e9s a haszn\u00e1lat gyakoris\u00e1ga szerint<\/strong><\/p>\n<p>Ahogy m\u00e1r eml\u00edtett\u00fck, a leggyakrabban haszn\u00e1lt appokat \u00e9rdemes a f\u0151 kijelz\u0151re helyezned, a ritk\u00e1bban haszn\u00e1ltakat pedig a k\u00e9perny\u0151 jobbra, esetleg balra h\u00faz\u00e1s\u00e1val \u00e9rheted el. A rendszer h\u00e1tr\u00e1nya, hogy az alkalmaz\u00e1sok tenger\u00e9ben egy id\u0151 ut\u00e1n nehezen tudsz eligazodni.<\/p>\n<p><strong>Rendez\u00e9s sz\u00ednek szerint<\/strong><\/p>\n<p>B\u00e1r sokan nem gondoln\u00e1k, az alkalmaz\u00e1sikonok sz\u00ednei alapj\u00e1n is k\u00f6nnyed\u00e9n rendezheted az appokat. Ez f\u0151k\u00e9nt a fotografikus mem\u00f3ri\u00e1val sz\u00e1mol\u00f3knak lehet megold\u00e1s. Ez alapj\u00e1n a k\u00e9k Facebook \u00e9s Twitter mehet egy mapp\u00e1ba.<\/p>\n","protected":false},"excerpt":{"rendered":"<p>H\u00e1nyszor n\u00e9z\u00fcnk r\u00e1 okostelefonunk kijelz\u0151j\u00e9re egy nap? Egy tanulm\u00e1ny ismertette a megh\u00f6kkent\u0151 t\u00e9nyt, miszerint egy \u00e1tlagos okostelefon felhaszn\u00e1l\u00f3 naponta 2716-szor \u00e9rinti meg telefonj\u00e1nak kijelz\u0151j\u00e9t. Hossz\u00fa perceket, \u00f3r\u00e1kat t\u00f6lt\u00fcnk el telefonunkat nyomogatva: most megn\u00e9zem az \u00fczeneteimet, azt\u00e1n ellen\u0151rz\u00f6m az e-maileket. Ez ut\u00e1n megn\u00e9zem, ki jel\u00f6lt ismer\u0151snek a Facebookon, ki akar k\u00f6vetni az Instagramon, milyen \u00e1ll\u00e1saj\u00e1nlatokat k\u00edn\u00e1l &hellip;<\/p>\n","protected":false},"author":1,"featured_media":2201,"comment_status":"closed","ping_status":"open","sticky":false,"template":"","format":"standard","meta":{"_jetpack_memberships_contains_paid_content":false,"footnotes":""},"categories":[42],"tags":[182,183,47,46],"class_list":["post-2200","post","type-post","status-publish","format-standard","has-post-thumbnail","","category-cikkek","tag-alkalmazas","tag-ikon","tag-okostelefon-mobiltelefon","tag-tablet"],"jetpack_featured_media_url":"https:\/\/www.notebook.hu\/blog\/wp-content\/uploads\/2017\/11\/iphone-410311_1280.jpg","jetpack_shortlink":"https:\/\/wp.me\/p9xSLL-zu","jetpack_sharing_enabled":true,"_links":{"self":[{"href":"https:\/\/www.notebook.hu\/blog\/wp-json\/wp\/v2\/posts\/2200","targetHints":{"allow":["GET"]}}],"collection":[{"href":"https:\/\/www.notebook.hu\/blog\/wp-json\/wp\/v2\/posts"}],"about":[{"href":"https:\/\/www.notebook.hu\/blog\/wp-json\/wp\/v2\/types\/post"}],"author":[{"embeddable":true,"href":"https:\/\/www.notebook.hu\/blog\/wp-json\/wp\/v2\/users\/1"}],"replies":[{"embeddable":true,"href":"https:\/\/www.notebook.hu\/blog\/wp-json\/wp\/v2\/comments?post=2200"}],"version-history":[{"count":1,"href":"https:\/\/www.notebook.hu\/blog\/wp-json\/wp\/v2\/posts\/2200\/revisions"}],"predecessor-version":[{"id":2202,"href":"https:\/\/www.notebook.hu\/blog\/wp-json\/wp\/v2\/posts\/2200\/revisions\/2202"}],"wp:featuredmedia":[{"embeddable":true,"href":"https:\/\/www.notebook.hu\/blog\/wp-json\/wp\/v2\/media\/2201"}],"wp:attachment":[{"href":"https:\/\/www.notebook.hu\/blog\/wp-json\/wp\/v2\/media?parent=2200"}],"wp:term":[{"taxonomy":"category","embeddable":true,"href":"https:\/\/www.notebook.hu\/blog\/wp-json\/wp\/v2\/categories?post=2200"},{"taxonomy":"post_tag","embeddable":true,"href":"https:\/\/www.notebook.hu\/blog\/wp-json\/wp\/v2\/tags?post=2200"}],"curies":[{"name":"wp","href":"https:\/\/api.w.org\/{rel}","templated":true}]}}