{"id":2184,"date":"2017-11-16T14:59:30","date_gmt":"2017-11-16T13:59:30","guid":{"rendered":"https:\/\/www.notebook.hu\/blog\/?p=2184"},"modified":"2017-11-02T15:04:58","modified_gmt":"2017-11-02T14:04:58","slug":"hany-orat-jatsszanak-a-gyerekek-es-a-nem-annyira-gyerekek-videojatekokkal-a-tudomany-valasza-egy-mindennapi-kerdesre","status":"publish","type":"post","link":"https:\/\/www.notebook.hu\/blog\/hany-orat-jatsszanak-a-gyerekek-es-a-nem-annyira-gyerekek-videojatekokkal-a-tudomany-valasza-egy-mindennapi-kerdesre\/","title":{"rendered":"H\u00e1ny \u00f3r\u00e1t j\u00e1tsszanak a gyerekek (\u00e9s a nem annyira gyerekek) videoj\u00e1t\u00e9kokkal? A tudom\u00e1ny v\u00e1lasza egy mindennapi k\u00e9rd\u00e9sre"},"content":{"rendered":"<p><strong>A videoj\u00e1t\u00e9kok hat\u00e1sait sok kutat\u00e1s vizsg\u00e1lja. Vannak bizony\u00edt\u00e9kok arra, hogy ezek jav\u00edtj\u00e1k az emberek kognit\u00edv \u00e9s \u00e9rzelmi k\u00e9pess\u00e9geit, ugyanakkor sz\u00e1mos olyan tanulm\u00e1ny is sz\u00fcletett, amelyek a viselked\u00e9si probl\u00e9m\u00e1kkal, er\u0151szakkal \u00e9s a szenved\u00e9lybetegs\u00e9gek kialakul\u00e1s\u00e1nak nagyobb kock\u00e1zat\u00e1val hozz\u00e1k \u0151ket \u00f6sszef\u00fcgg\u00e9sbe.<\/strong><\/p>\n<p>A vita m\u00e1r az els\u0151 j\u00e1t\u00e9kok megjelen\u00e9s\u00e9re, azaz a hetvenes \u00e9vekre vezethet\u0151 vissza, de persze nem csup\u00e1n sz\u00e9ls\u0151s\u00e9gekr\u0151l besz\u00e9lhet\u00fcnk. Vannak olyan elm\u00e9letek is, amelyek szerint a l\u00e9nyeg az, hogy a felhaszn\u00e1l\u00f3 hogyan \u00e9s mennyit j\u00e1tszik.<\/p>\n<p>Mivel az iskol\u00e1kban is egyre nagyobb teret h\u00f3d\u00edt a digitaliz\u00e1l\u00e1s, joggal mer\u00fcl fel a k\u00e9rd\u00e9s, hogy vajon ezek az int\u00e9zm\u00e9nyek seg\u00edtenek a fiataloknak, esetleg h\u00e1tr\u00e1ltatj\u00e1k \u0151ket. A CIBER (Center for Biomedical Research Network), k\u00f6zel 2500 iskol\u00e1s kor\u00fa gyermeket vizsg\u00e1lt, hogy ezt kider\u00edtse.<\/p>\n<p>Az eredm\u00e9nyek azt mutatj\u00e1k, hogy a videoj\u00e1t\u00e9kok hozz\u00e1j\u00e1rulnak a motoros k\u00e9pess\u00e9gek fejleszt\u00e9s\u00e9hez, a gyorsabb agym\u0171k\u00f6d\u00e9shez \u00e9s inform\u00e1ci\u00f3feldolgoz\u00e1shoz, a munkamem\u00f3ria javul\u00e1s\u00e1hoz, a koncentr\u00e1ci\u00f3hoz \u00e9s motiv\u00e1ci\u00f3hoz. Mindezek mellett a j\u00e1t\u00e9kosok nem mutattak nagyobb viselked\u00e9si probl\u00e9m\u00e1kat, mint azok, akik nem j\u00e1tszottak. Legal\u00e1bbis akkor, ha nem vitt\u00e9k t\u00falz\u00e1sba a g\u00e9pez\u00e9st.<\/p>\n<p>A tanulm\u00e1ny leg\u00e9rdekesebb eredm\u00e9nye, hogy ha valaki m\u00e9rt\u00e9kkel (napi 1-2 \u00f3r\u00e1t) j\u00e1tszik, az haszn\u00e1ra v\u00e1lhat. Ezzel szemben azon az iskol\u00e1sokn\u00e1l, akik napi 9 \u00f3r\u00e1t, esetleg enn\u00e9l t\u00f6bbet j\u00e1tszanak, viselked\u00e9si probl\u00e9m\u00e1k, alv\u00e1szavarok jelentkezhetnek, s\u0151t, a szoci\u00e1lis kapcsolatok kialak\u00edt\u00e1s\u00e1t is nehez\u00edtik.<\/p>\n<p>A nehezen beilleszked\u0151 gyermekek sz\u00e1m\u00e1ra a videoj\u00e1t\u00e9kok egyfajta mened\u00e9ket is jelenthetnek, azonban oda kell figyelni arra, hogy a j\u00e1t\u00e9k ne nehez\u00edtse meg m\u00e9g jobban az iskol\u00e1s kapcsolat\u00e9p\u00edt\u00e9s\u00e9t.<\/p>\n<p>A kutat\u00f3k folyton \u00fajabb \u00e9s \u00fajabb tanulm\u00e1nyokkal igyekeznek megtudni min\u00e9l t\u00f6bbet a digit\u00e1lis vil\u00e1gunkr\u00f3l annak \u00e9rdek\u00e9ben, hogy mindenki kihaszn\u00e1lhassa, \u00e9s jav\u00e1ra ford\u00edthassa a technol\u00f3gia \u00faj\u00edt\u00e1sait.<\/p>\n<p>\u00daj g\u00e9pre lenne sz\u00fcks\u00e9ged? Nem tudod pontosan, milyen tulajdons\u00e1gokkal kell sz\u00e1molnia, hogy maxim\u00e1lisan kihaszn\u00e1lhasd? Fordulj hozz\u00e1nk bizalommal!<\/p>\n","protected":false},"excerpt":{"rendered":"<p>A videoj\u00e1t\u00e9kok hat\u00e1sait sok kutat\u00e1s vizsg\u00e1lja. Vannak bizony\u00edt\u00e9kok arra, hogy ezek jav\u00edtj\u00e1k az emberek kognit\u00edv \u00e9s \u00e9rzelmi k\u00e9pess\u00e9geit, ugyanakkor sz\u00e1mos olyan tanulm\u00e1ny is sz\u00fcletett, amelyek a viselked\u00e9si probl\u00e9m\u00e1kkal, er\u0151szakkal \u00e9s a szenved\u00e9lybetegs\u00e9gek kialakul\u00e1s\u00e1nak nagyobb kock\u00e1zat\u00e1val hozz\u00e1k \u0151ket \u00f6sszef\u00fcgg\u00e9sbe. A vita m\u00e1r az els\u0151 j\u00e1t\u00e9kok megjelen\u00e9s\u00e9re, azaz a hetvenes \u00e9vekre vezethet\u0151 vissza, de persze nem csup\u00e1n &hellip;<\/p>\n","protected":false},"author":1,"featured_media":2185,"comment_status":"closed","ping_status":"open","sticky":false,"template":"","format":"standard","meta":{"_jetpack_memberships_contains_paid_content":false,"footnotes":""},"categories":[42],"tags":[175,176],"class_list":["post-2184","post","type-post","status-publish","format-standard","has-post-thumbnail","","category-cikkek","tag-gaming","tag-videojatek"],"jetpack_featured_media_url":"https:\/\/www.notebook.hu\/blog\/wp-content\/uploads\/2017\/11\/notebook.hu_42_b.jpg","jetpack_shortlink":"https:\/\/wp.me\/p9xSLL-ze","jetpack_sharing_enabled":true,"_links":{"self":[{"href":"https:\/\/www.notebook.hu\/blog\/wp-json\/wp\/v2\/posts\/2184","targetHints":{"allow":["GET"]}}],"collection":[{"href":"https:\/\/www.notebook.hu\/blog\/wp-json\/wp\/v2\/posts"}],"about":[{"href":"https:\/\/www.notebook.hu\/blog\/wp-json\/wp\/v2\/types\/post"}],"author":[{"embeddable":true,"href":"https:\/\/www.notebook.hu\/blog\/wp-json\/wp\/v2\/users\/1"}],"replies":[{"embeddable":true,"href":"https:\/\/www.notebook.hu\/blog\/wp-json\/wp\/v2\/comments?post=2184"}],"version-history":[{"count":1,"href":"https:\/\/www.notebook.hu\/blog\/wp-json\/wp\/v2\/posts\/2184\/revisions"}],"predecessor-version":[{"id":2186,"href":"https:\/\/www.notebook.hu\/blog\/wp-json\/wp\/v2\/posts\/2184\/revisions\/2186"}],"wp:featuredmedia":[{"embeddable":true,"href":"https:\/\/www.notebook.hu\/blog\/wp-json\/wp\/v2\/media\/2185"}],"wp:attachment":[{"href":"https:\/\/www.notebook.hu\/blog\/wp-json\/wp\/v2\/media?parent=2184"}],"wp:term":[{"taxonomy":"category","embeddable":true,"href":"https:\/\/www.notebook.hu\/blog\/wp-json\/wp\/v2\/categories?post=2184"},{"taxonomy":"post_tag","embeddable":true,"href":"https:\/\/www.notebook.hu\/blog\/wp-json\/wp\/v2\/tags?post=2184"}],"curies":[{"name":"wp","href":"https:\/\/api.w.org\/{rel}","templated":true}]}}