{"id":2174,"date":"2017-11-07T10:34:59","date_gmt":"2017-11-07T09:34:59","guid":{"rendered":"https:\/\/www.notebook.hu\/blog\/?p=2174"},"modified":"2017-11-02T14:40:13","modified_gmt":"2017-11-02T13:40:13","slug":"facebook-messenger-vs-messenger-lite-hasonlosagok-es-kulonbsegek","status":"publish","type":"post","link":"https:\/\/www.notebook.hu\/blog\/facebook-messenger-vs-messenger-lite-hasonlosagok-es-kulonbsegek\/","title":{"rendered":"Facebook Messenger vs. Messenger Lite &#8211; Hasonl\u00f3s\u00e1gok \u00e9s k\u00fcl\u00f6nbs\u00e9gek"},"content":{"rendered":"<p><strong>A XXI. sz\u00e1zadban folyamatosan el\u00e9rhet\u0151ek vagyunk, h\u00e1la az okostelefonunknak. \u00c9s igazs\u00e1g szerint nem is kell, hogy tudjuk egym\u00e1s telefonsz\u00e1m\u00e1t. Ha valakit felkeresn\u00e9l, el\u00e9g, ha ismer\u0151s\u00f6d a Facebookon. K\u00fcldhetsz neki egy Messenger \u00fczenetet.<\/strong><\/p>\n<p>Mindannyian ismerj\u00fck a Facebook cseng\u0151 jelz\u00e9s\u00e9t, amit akkor hallunk, amikor valaki \u00fczent nek\u00fcnk a Facebook Messenger vagy a Messenger Lite alkalmaz\u00e1sok egyik\u00e9n. Bejegyz\u00e9s\u00fcnk t\u00e9m\u00e1ja a Facebook k\u00e9t \u00fczenetk\u00fcld\u0151 alkalmaz\u00e1sa k\u00f6zti k\u00fcl\u00f6nbs\u00e9g. \u00cdr\u00e1sunk elolvas\u00e1sa ut\u00e1n tiszta k\u00e9pet kapsz, \u00e9s k\u00f6nnyebben eld\u00f6ntheted, hogy melyik sz\u00e1modra az ide\u00e1lis.<\/p>\n<p>M\u00edg a Lite verzi\u00f3t csak \u00fczenetk\u00fcld\u00e9sre haszn\u00e1lhatod, addig a Facebook Messenger sz\u00e1mos lehet\u0151s\u00e9get k\u00edn\u00e1l. Az is igaz, hogy ezeket a lehet\u0151s\u00e9geket nem mindenki haszn\u00e1lja ki, \u00edgy sokak sz\u00e1m\u00e1ra az egyszer\u0171bb alkalmaz\u00e1s a j\u00f3 v\u00e1laszt\u00e1s.<\/p>\n<p>Az alkalmaz\u00e1sok Lite verzi\u00f3i els\u0151sorban a kisebb t\u00e1rhely\u0171 telefonok miatt jelentek meg, hiszen j\u00f3val kevesebb helyet foglalnak. Ugyanakkor, ha Te nem sz\u0171k\u00f6lk\u00f6dsz t\u00e1rhelyben, viszont nem szeretn\u00e9d, ha a Messenger nagyon lesz\u00edvn\u00e1 az aksidat, akkor a Lite-ot v\u00e1laszd!<\/p>\n<p>A kezd\u0151lap mindk\u00e9t esetben a leg\u00fajabb besz\u00e9lget\u00e9seket lista form\u00e1j\u00e1ban mutatja. Az els\u0151 nagy szembe\u00f6tl\u0151 k\u00fcl\u00f6nbs\u00e9g, hogy m\u00edg a b\u0151v\u00edtett verzi\u00f3 kezd\u0151lapj\u00e1n megjelenik a keres\u0151s\u00e1v, a Lite-ban jobb oldalt alul a plusz jelre kell kattintanod, hogy el\u0151j\u00f6jj\u00f6n.<\/p>\n<p>M\u00edg a b\u0151v\u00edtett verzi\u00f3ban vannak chatbubor\u00e9kok, k\u00e9sz\u00edthetsz vele vide\u00f3kat, szem\u00e9lyre szabhatod a besz\u00e9lget\u00e9seket, l\u00e9tezik a \u201eMy Stories\u201d funkci\u00f3, addig mindez a Lite-ban nem \u00e9rhet\u0151 el.<\/p>\n<p>Ami\u00e9rt sokan elp\u00e1rtolnak a norm\u00e1l verzi\u00f3t\u00f3l, az els\u0151sorban a m\u00e9rete. \u00d6tsz\u00f6r annyi helyet foglal, mint az egyszer\u0171bb v\u00e1ltozat. Sokan vannak, akik csak cseveg\u00e9sre haszn\u00e1lj\u00e1k az appot. Ha nem haszn\u00e1lj\u00e1k ki az alkalmaz\u00e1sok el\u00e9rhet\u0151 funkci\u00f3it, mi\u00e9rt is ne haszn\u00e1ln\u00e1nak egy egyszer\u0171bb verzi\u00f3t?<\/p>\n<p>Te melyiket v\u00e1lasztod?<\/p>\n","protected":false},"excerpt":{"rendered":"<p>A XXI. sz\u00e1zadban folyamatosan el\u00e9rhet\u0151ek vagyunk, h\u00e1la az okostelefonunknak. \u00c9s igazs\u00e1g szerint nem is kell, hogy tudjuk egym\u00e1s telefonsz\u00e1m\u00e1t. Ha valakit felkeresn\u00e9l, el\u00e9g, ha ismer\u0151s\u00f6d a Facebookon. K\u00fcldhetsz neki egy Messenger \u00fczenetet. Mindannyian ismerj\u00fck a Facebook cseng\u0151 jelz\u00e9s\u00e9t, amit akkor hallunk, amikor valaki \u00fczent nek\u00fcnk a Facebook Messenger vagy a Messenger Lite alkalmaz\u00e1sok egyik\u00e9n. Bejegyz\u00e9s\u00fcnk &hellip;<\/p>\n","protected":false},"author":1,"featured_media":2175,"comment_status":"closed","ping_status":"open","sticky":false,"template":"","format":"standard","meta":{"_jetpack_memberships_contains_paid_content":false,"footnotes":""},"categories":[42],"tags":[169,87,89,168],"class_list":["post-2174","post","type-post","status-publish","format-standard","has-post-thumbnail","","category-cikkek","tag-chat","tag-facebook","tag-kozossegi-oldalak","tag-messenger"],"jetpack_featured_media_url":"https:\/\/www.notebook.hu\/blog\/wp-content\/uploads\/2017\/11\/notebook.hu_41.jpg","jetpack_shortlink":"https:\/\/wp.me\/p9xSLL-z4","jetpack_sharing_enabled":true,"_links":{"self":[{"href":"https:\/\/www.notebook.hu\/blog\/wp-json\/wp\/v2\/posts\/2174","targetHints":{"allow":["GET"]}}],"collection":[{"href":"https:\/\/www.notebook.hu\/blog\/wp-json\/wp\/v2\/posts"}],"about":[{"href":"https:\/\/www.notebook.hu\/blog\/wp-json\/wp\/v2\/types\/post"}],"author":[{"embeddable":true,"href":"https:\/\/www.notebook.hu\/blog\/wp-json\/wp\/v2\/users\/1"}],"replies":[{"embeddable":true,"href":"https:\/\/www.notebook.hu\/blog\/wp-json\/wp\/v2\/comments?post=2174"}],"version-history":[{"count":2,"href":"https:\/\/www.notebook.hu\/blog\/wp-json\/wp\/v2\/posts\/2174\/revisions"}],"predecessor-version":[{"id":2177,"href":"https:\/\/www.notebook.hu\/blog\/wp-json\/wp\/v2\/posts\/2174\/revisions\/2177"}],"wp:featuredmedia":[{"embeddable":true,"href":"https:\/\/www.notebook.hu\/blog\/wp-json\/wp\/v2\/media\/2175"}],"wp:attachment":[{"href":"https:\/\/www.notebook.hu\/blog\/wp-json\/wp\/v2\/media?parent=2174"}],"wp:term":[{"taxonomy":"category","embeddable":true,"href":"https:\/\/www.notebook.hu\/blog\/wp-json\/wp\/v2\/categories?post=2174"},{"taxonomy":"post_tag","embeddable":true,"href":"https:\/\/www.notebook.hu\/blog\/wp-json\/wp\/v2\/tags?post=2174"}],"curies":[{"name":"wp","href":"https:\/\/api.w.org\/{rel}","templated":true}]}}