{"id":2048,"date":"2017-10-19T10:15:00","date_gmt":"2017-10-19T08:15:00","guid":{"rendered":"https:\/\/www.notebook.hu\/blog\/?p=2048"},"modified":"2017-10-24T13:30:30","modified_gmt":"2017-10-24T11:30:30","slug":"igy-hasznalod-a-facebookot-eletkorodtol-fuggoen-a-digitalis-tarsadalom-koraban-elunk","status":"publish","type":"post","link":"https:\/\/www.notebook.hu\/blog\/igy-hasznalod-a-facebookot-eletkorodtol-fuggoen-a-digitalis-tarsadalom-koraban-elunk\/","title":{"rendered":"\u00cdgy haszn\u00e1lod a Facebookot \u00e9letkorodt\u00f3l f\u00fcgg\u0151en &#8211; A digit\u00e1lis t\u00e1rsadalom kor\u00e1ban \u00e9l\u00fcnk"},"content":{"rendered":"<p><strong>\u201eMi\u00e9rt kellene megosztanom mindenkivel, hogy mit eszem, hol vagyok, mit n\u00e9zek \u00e9pp a t\u00e9v\u00e9ben? \u00c9s k\u00fcl\u00f6nben is, ha folyton a telefonomon cs\u00fcng\u00f6k, hogyan \u00e9lvezhetem az \u00e9letet?\u201d A fenti p\u00e1r gondolattal nagyon sokan egyet \u00e9rtenek, de vannak olyanok is, akik nem. Vajon ez a megosztotts\u00e1g az \u00e9letkornak tudhat\u00f3 be? Mondd meg, hogy haszn\u00e1lod a Facebookot \u00e9s megmondom, h\u00e1ny \u00e9ves vagy!<\/strong><\/p>\n<p>Egy amerikai egyetem kutat\u00e1s\u00e1nak eredm\u00e9nye szerint az id\u0151sebb koroszt\u00e1ly sz\u00edvesen n\u00e9zegeti az ismer\u0151seik \u00e1ltal megosztott k\u00e9peket a Facebookon, de nem szeretik, ha a k\u00f6vet\u0151ik r\u00f3luk is megtudnak valamit. A legnagyobb f\u00e9lelm\u00fck, hogy szem\u00e9lyes adataik illet\u00e9ktelen kezekbe ker\u00fcl.<\/p>\n<p>A kutat\u00f3k 46 f\u0151, 65 \u00e9s 95 \u00e9v k\u00f6z\u00f6tti felhaszn\u00e1l\u00f3val besz\u00e9lgettek. A kutat\u00e1sban 17 f\u00e9rfi \u00e9s 29 n\u0151 vett r\u00e9szt, mindegyik\u00fck egyetemi diplom\u00e1val sz\u00e1molt \u00e9s napi szinten haszn\u00e1lt sz\u00e1m\u00edt\u00f3g\u00e9pet.<\/p>\n<p>Elmond\u00e1suk szerint a f\u0151 ok, ami\u00e9rt haszn\u00e1lj\u00e1k a Facebookot, az az, hogy mindig naprak\u00e9szek lehetnek az ismer\u0151seik mindennapjait illet\u0151en, viszont alaposan meggondolj\u00e1k, hogy \u0151k maguk miket osztanak meg a nagyvil\u00e1ggal.<\/p>\n<p>A kutat\u00f3k \u00edgy meg\u00e1llap\u00edtott\u00e1k, \u00e9s ezt a <em>Telematics and Informatics<\/em> c\u00edm\u0171 foly\u00f3iratban k\u00f6zz\u00e9 is tett\u00e9k, hogy ha a Facebook szeretn\u00e9 b\u0151v\u00edteni az id\u0151sebb felhaszn\u00e1l\u00f3i k\u00f6r\u00e9t, m\u00e9g szigor\u00fabb adatv\u00e9delmi int\u00e9zked\u00e9seket kellene bevezetnie. Term\u00e9szetesen ez nem azt jelenti, hogy az id\u0151sebb koroszt\u00e1ly ne \u00e9lvezn\u00e9 a Facebookon val\u00f3 b\u00f6ng\u00e9sz\u00e9st.<\/p>\n<p>A kutat\u00e1sb\u00f3l az is kider\u00fcl, hogy a fenti indokokb\u00f3l ad\u00f3d\u00f3an a fiatalok t\u00f6bbet posztolnak, mint az id\u0151sebbek, akik sz\u00edvesebben n\u00e9zegetik, ismer\u0151seik aktivit\u00e1s\u00e1t.<\/p>\n<p>A kutat\u00f3k szerint a Facebook egyfajta hidat jelent a gener\u00e1ci\u00f3k k\u00f6z\u00f6tt. A fiatalabbak buzd\u00edt\u00e1s\u00e1ra az id\u0151sebbek is regisztr\u00e1ltak az oldalon, de azt m\u00f3dj\u00e1val haszn\u00e1lj\u00e1k.<\/p>\n","protected":false},"excerpt":{"rendered":"<p>\u201eMi\u00e9rt kellene megosztanom mindenkivel, hogy mit eszem, hol vagyok, mit n\u00e9zek \u00e9pp a t\u00e9v\u00e9ben? \u00c9s k\u00fcl\u00f6nben is, ha folyton a telefonomon cs\u00fcng\u00f6k, hogyan \u00e9lvezhetem az \u00e9letet?\u201d A fenti p\u00e1r gondolattal nagyon sokan egyet \u00e9rtenek, de vannak olyanok is, akik nem. Vajon ez a megosztotts\u00e1g az \u00e9letkornak tudhat\u00f3 be? Mondd meg, hogy haszn\u00e1lod a Facebookot \u00e9s &hellip;<\/p>\n","protected":false},"author":1,"featured_media":2038,"comment_status":"closed","ping_status":"open","sticky":false,"template":"","format":"standard","meta":{"_jetpack_memberships_contains_paid_content":false,"footnotes":""},"categories":[42],"tags":[87],"class_list":["post-2048","post","type-post","status-publish","format-standard","has-post-thumbnail","","category-cikkek","tag-facebook"],"jetpack_featured_media_url":"https:\/\/www.notebook.hu\/blog\/wp-content\/uploads\/2017\/10\/noteboko.hu_38_1.jpg","jetpack_shortlink":"https:\/\/wp.me\/p9xSLL-x2","jetpack_sharing_enabled":true,"_links":{"self":[{"href":"https:\/\/www.notebook.hu\/blog\/wp-json\/wp\/v2\/posts\/2048","targetHints":{"allow":["GET"]}}],"collection":[{"href":"https:\/\/www.notebook.hu\/blog\/wp-json\/wp\/v2\/posts"}],"about":[{"href":"https:\/\/www.notebook.hu\/blog\/wp-json\/wp\/v2\/types\/post"}],"author":[{"embeddable":true,"href":"https:\/\/www.notebook.hu\/blog\/wp-json\/wp\/v2\/users\/1"}],"replies":[{"embeddable":true,"href":"https:\/\/www.notebook.hu\/blog\/wp-json\/wp\/v2\/comments?post=2048"}],"version-history":[{"count":1,"href":"https:\/\/www.notebook.hu\/blog\/wp-json\/wp\/v2\/posts\/2048\/revisions"}],"predecessor-version":[{"id":2050,"href":"https:\/\/www.notebook.hu\/blog\/wp-json\/wp\/v2\/posts\/2048\/revisions\/2050"}],"wp:featuredmedia":[{"embeddable":true,"href":"https:\/\/www.notebook.hu\/blog\/wp-json\/wp\/v2\/media\/2038"}],"wp:attachment":[{"href":"https:\/\/www.notebook.hu\/blog\/wp-json\/wp\/v2\/media?parent=2048"}],"wp:term":[{"taxonomy":"category","embeddable":true,"href":"https:\/\/www.notebook.hu\/blog\/wp-json\/wp\/v2\/categories?post=2048"},{"taxonomy":"post_tag","embeddable":true,"href":"https:\/\/www.notebook.hu\/blog\/wp-json\/wp\/v2\/tags?post=2048"}],"curies":[{"name":"wp","href":"https:\/\/api.w.org\/{rel}","templated":true}]}}