{"id":2037,"date":"2017-10-17T11:01:02","date_gmt":"2017-10-17T09:01:02","guid":{"rendered":"https:\/\/www.notebook.hu\/blog\/?p=2037"},"modified":"2017-10-17T11:21:52","modified_gmt":"2017-10-17T09:21:52","slug":"miert-erezzuk-magunkat-a-telefonunkhoz-lancolva-a-xxi-szazad-digitalis-vilag","status":"publish","type":"post","link":"https:\/\/www.notebook.hu\/blog\/miert-erezzuk-magunkat-a-telefonunkhoz-lancolva-a-xxi-szazad-digitalis-vilag\/","title":{"rendered":"Mi\u00e9rt \u00e9rezz\u00fck magunkat a telefonunkhoz l\u00e1ncolva? A XXI. sz\u00e1zad, digit\u00e1lis vil\u00e1g"},"content":{"rendered":"<p><strong>\u201eFolyton a telefonomra pillantok, pedig nem is sz\u00f3lt.\u201d A mobiltelefon mindig n\u00e1lunk van, m\u00e9g akkor is k\u00e9zn\u00e9l van, amikor alszunk. Ha elm\u00e9sz otthonr\u00f3l, de elfeledkezt\u00e9l a telefonodr\u00f3l, gondolkod\u00e1s n\u00e9lk\u00fcl visszafordulsz \u00e9rte. Ha nincs t\u00e9rer\u0151, ideges leszel. Ha mindez igaz r\u00e1d, akkor val\u00f3sz\u00edn\u0171leg te is felteszed magadnak a k\u00e9rd\u00e9st: mi\u00e9rt v\u00e1ltunk a mobiltelefonok rabjaiv\u00e1?<\/strong><\/p>\n<p>Az okostelefon felhaszn\u00e1l\u00f3k 60%-a nomof\u00f3bi\u00e1t tapasztal. Ez azt jelenti, hogy a felhaszn\u00e1l\u00f3 idegess\u00e9 v\u00e1lik, amikor azt l\u00e1tja, hogy a telefonja lemer\u00fclt \u00e9s tudja, hogy nincs lehet\u0151s\u00e9ge felt\u00f6lteni azonnal, esetleg otthon felejtette a k\u00e9sz\u00fcl\u00e9ket.<\/p>\n<p><strong>De mi\u00e9rt ragaszkodunk ennyire a telefonunkhoz?<\/strong><\/p>\n<p>Gondolj csak arra, hogy mennyire ragaszkodsz a gyermekkorodban megismert t\u00e1rsaidhoz, akik a mai napig jelen vannak az \u00e9letedben, a sz\u00fcleidhez, csal\u00e1dtagjaidhoz, legjobb bar\u00e1taidhoz! Amikor ezek az emberek nincsenek mellett\u00fcnk, helyettes\u00edten\u00fcnk kell \u0151ket. J\u00e1t\u00e9kokkal, h\u00e1zi\u00e1llatokkal, egy\u00e9b t\u00e1rgyakkal, \u00edgy p\u00e9ld\u00e1ul egy mobillal.<\/p>\n<p><strong>Hogyan v\u00e1lunk a telefonok rabjaiv\u00e1?<\/strong><\/p>\n<p>Az okostelefonok seg\u00edts\u00e9g\u00e9vel kommunik\u00e1lhatunk szeretteinkkel, r\u00e1ad\u00e1sul sz\u00e1munkra \u00e9rt\u00e9kes fot\u00f3kat, vide\u00f3kat, inform\u00e1ci\u00f3t rakt\u00e1roznak. Ez a k\u00e9t t\u00e9ny \u00e9ppen el\u00e9g ahhoz, hogy az okostelefonok rabjaiv\u00e1 v\u00e1ljunk.<\/p>\n<p>Az E\u00f6tv\u00f6s Lor\u00e1nd Tudom\u00e1nyegyetem etol\u00f3gi\u00e1val foglalkoz\u00f3 kutat\u00f3csoportja k\u00fcl\u00f6nf\u00e9le szempontok szerint vizsg\u00e1lta az okostelefonokt\u00f3l val\u00f3 f\u00fcgg\u00e9s\u00fcnket. Vajon a kapcsolattart\u00e1s a f\u0151 ok, ami\u00e9rt telefonf\u00fcgg\u0151k vagyunk? A k\u00eds\u00e9rlet vezet\u0151i 142 f\u0151, 19 \u00e9s 25 \u00e9v k\u00f6z\u00f6tti fiatal viselked\u00e9s\u00e9t vizsg\u00e1lta.<\/p>\n<p>A k\u00eds\u00e9rletben r\u00e9szt vev\u0151k mindegyik\u00e9nek fontos volt a telefonja k\u00f6zels\u00e9ge, de a kutat\u00f3k azt tapasztalt\u00e1k, hogy ez azok sz\u00e1m\u00e1ra volt fontosabb, akik hajlamosabbak a szorong\u00e1sra, idegesked\u00e9sre, hiszen \u00edgy b\u00e1rmikor kapcsolatot teremthetnek a sz\u00e1mukra fontos emberekkel.<\/p>\n<p>Ami a nemek k\u00f6zti k\u00fcl\u00f6nbs\u00e9get illeti, a n\u0151k ink\u00e1bb kapcsolattart\u00e1sra, \u00fczenetk\u00fcld\u00e9sre \u00e9s h\u00edv\u00e1sra haszn\u00e1lt\u00e1k a telefont, a f\u00e9rfiak pedig inform\u00e1ci\u00f3keres\u00e9sre, j\u00e1t\u00e9kra.<\/p>\n<p>Ebb\u0151l a kutat\u00f3k arra k\u00f6vetkeztettek, hogy a n\u0151k hajlamosabbak a mobiltelefonjukt\u00f3l f\u00fcggeni, mint a f\u00e9rfiak.<\/p>\n","protected":false},"excerpt":{"rendered":"<p>\u201eFolyton a telefonomra pillantok, pedig nem is sz\u00f3lt.\u201d A mobiltelefon mindig n\u00e1lunk van, m\u00e9g akkor is k\u00e9zn\u00e9l van, amikor alszunk. Ha elm\u00e9sz otthonr\u00f3l, de elfeledkezt\u00e9l a telefonodr\u00f3l, gondolkod\u00e1s n\u00e9lk\u00fcl visszafordulsz \u00e9rte. Ha nincs t\u00e9rer\u0151, ideges leszel. Ha mindez igaz r\u00e1d, akkor val\u00f3sz\u00edn\u0171leg te is felteszed magadnak a k\u00e9rd\u00e9st: mi\u00e9rt v\u00e1ltunk a mobiltelefonok rabjaiv\u00e1? Az okostelefon &hellip;<\/p>\n","protected":false},"author":1,"featured_media":2049,"comment_status":"closed","ping_status":"open","sticky":false,"template":"","format":"standard","meta":{"_jetpack_memberships_contains_paid_content":false,"footnotes":""},"categories":[42],"tags":[47],"class_list":["post-2037","post","type-post","status-publish","format-standard","has-post-thumbnail","","category-cikkek","tag-okostelefon-mobiltelefon"],"jetpack_featured_media_url":"https:\/\/www.notebook.hu\/blog\/wp-content\/uploads\/2017\/10\/notebook.hu_38.jpg","jetpack_shortlink":"https:\/\/wp.me\/p9xSLL-wR","jetpack_sharing_enabled":true,"_links":{"self":[{"href":"https:\/\/www.notebook.hu\/blog\/wp-json\/wp\/v2\/posts\/2037","targetHints":{"allow":["GET"]}}],"collection":[{"href":"https:\/\/www.notebook.hu\/blog\/wp-json\/wp\/v2\/posts"}],"about":[{"href":"https:\/\/www.notebook.hu\/blog\/wp-json\/wp\/v2\/types\/post"}],"author":[{"embeddable":true,"href":"https:\/\/www.notebook.hu\/blog\/wp-json\/wp\/v2\/users\/1"}],"replies":[{"embeddable":true,"href":"https:\/\/www.notebook.hu\/blog\/wp-json\/wp\/v2\/comments?post=2037"}],"version-history":[{"count":2,"href":"https:\/\/www.notebook.hu\/blog\/wp-json\/wp\/v2\/posts\/2037\/revisions"}],"predecessor-version":[{"id":2040,"href":"https:\/\/www.notebook.hu\/blog\/wp-json\/wp\/v2\/posts\/2037\/revisions\/2040"}],"wp:featuredmedia":[{"embeddable":true,"href":"https:\/\/www.notebook.hu\/blog\/wp-json\/wp\/v2\/media\/2049"}],"wp:attachment":[{"href":"https:\/\/www.notebook.hu\/blog\/wp-json\/wp\/v2\/media?parent=2037"}],"wp:term":[{"taxonomy":"category","embeddable":true,"href":"https:\/\/www.notebook.hu\/blog\/wp-json\/wp\/v2\/categories?post=2037"},{"taxonomy":"post_tag","embeddable":true,"href":"https:\/\/www.notebook.hu\/blog\/wp-json\/wp\/v2\/tags?post=2037"}],"curies":[{"name":"wp","href":"https:\/\/api.w.org\/{rel}","templated":true}]}}