{"id":2024,"date":"2017-10-12T08:50:45","date_gmt":"2017-10-12T06:50:45","guid":{"rendered":"https:\/\/www.notebook.hu\/blog\/?p=2024"},"modified":"2017-10-12T08:53:49","modified_gmt":"2017-10-12T06:53:49","slug":"igy-valaszd-ki-a-penztarcadhoz-merten-az-uj-gepedet-i-uj-tanev-uj-gep","status":"publish","type":"post","link":"https:\/\/www.notebook.hu\/blog\/igy-valaszd-ki-a-penztarcadhoz-merten-az-uj-gepedet-i-uj-tanev-uj-gep\/","title":{"rendered":"\u00cdgy v\u00e1laszd ki a p\u00e9nzt\u00e1rc\u00e1dhoz m\u00e9rten az \u00faj g\u00e9pedet I.  \u00daj tan\u00e9v, \u00faj g\u00e9p"},"content":{"rendered":"<p><strong>Elkezd\u0151d\u00f6tt az \u00faj tan\u00e9v az egyetemen, az iskol\u00e1kban, de a munkahelyeken is \u00fajra beindul az \u00e9let a hossz\u00fa ny\u00e1r ut\u00e1n, amikor mindenki az irod\u00e1k helyett a tengerpartot, a t\u00f3partot v\u00e1lasztotta. Sokan az \u00faj id\u0151szakkal \u00faj sz\u00e1m\u00edt\u00f3g\u00e9p beszerz\u00e9s\u00e9t is tervezik. A v\u00e1laszt\u00e1s el\u0151tt azonban \u00e9rdemes \u00e1tgondolni n\u00e9h\u00e1ny szempontot. Teh\u00e1t mi alapj\u00e1n d\u00f6nts?<\/strong><\/p>\n<p><strong>A keret<\/strong><\/p>\n<p>A rendelkez\u00e9sre \u00e1ll\u00f3 p\u00e9nz sokat nyom a latba a g\u00e9pv\u00e1laszt\u00e1skor, de term\u00e9szetesen akkor j\u00e1rsz a legjobban, ha megtal\u00e1lod a legjobb \u00e1r-\u00e9rt\u00e9k ar\u00e1ny\u00fa g\u00e9pet. Term\u00e9szetesen mindenki sz\u00e1m\u00e1ra m\u00e1s szempontok a fontosak. Ha minden nap magaddal hordod a g\u00e9pet, akkor nagyon fontos, hogy az k\u00f6nny\u0171 legyen. Ha csak otthon p\u00f6ty\u00f6gsz rajta, akkor teljesen mindegy, mennyire nagy vagy neh\u00e9z.<\/p>\n<p>Sz\u00f3val n\u00e9zz\u00fck csak meg, mi sz\u00e1m\u00edthat a d\u00f6nt\u00e9skor!<\/p>\n<p><strong>A s\u00faly \u00e9s az aksi strapab\u00edr\u00e1sa<\/strong><\/p>\n<p>Ahogy m\u00e1r p\u00e9ld\u00e1l\u00f3ztunk ezzel, ha mindig magaddal hordod majd a g\u00e9ped, akkor nagyon fontos szempont, hogy k\u00f6nny\u0171 legyen, emellett pedig az is, hogy az akkumul\u00e1tor sok\u00e1ig b\u00edrja a bevet\u00e9st, hiszen nem mindig \u00e1ll majd rendelkez\u00e9sedre konnektor.<\/p>\n<p>Mit sz\u00f3lsz egy ultrabookhoz, amely k\u00f6nny\u0171, csendes \u00e9s amelyet sok\u00e1ig haszn\u00e1lhatsz t\u00f6lt\u00e9s n\u00e9lk\u00fcl?<\/p>\n<p><strong>M\u00e9ret \u00e9s k\u00e9perny\u0151felbont\u00e1s<\/strong><\/p>\n<p>Ha els\u0151sorban tanul\u00e1sra, munk\u00e1ra haszn\u00e1lod a g\u00e9ped, akkor nincs sok \u00e9rtelme hiper-szuper felbont\u00e1s\u00fa modellt v\u00e1lasztanod. Ha filmeket n\u00e9zn\u00e9l a laptopon, az m\u00e1r m\u00e1s t\u00e9szta.<\/p>\n<p>Ha egyetemista vagy, akkor minden bizonnyal az \u00e1tlagos felbont\u00e1s\u00fa, k\u00f6nny\u0171, min\u00e9l kisebb g\u00e9pek ide\u00e1lisak sz\u00e1modra.<\/p>\n<p>Pr\u00f3b\u00e1lj meg \u00fagy v\u00e1lasztani, hogy minden \u201eextr\u00e1t\u201d tudj kihaszn\u00e1lni. \u00cdgy p\u00e9ld\u00e1ul, ha a kiv\u00e1l\u00f3 felbont\u00e1s plusz k\u00f6lts\u00e9ggel j\u00e1r, azt alaposan haszn\u00e1ld ki!<\/p>\n<p>&nbsp;<\/p>\n<p>G\u00e9pv\u00e1s\u00e1rl\u00e1s el\u0151tt \u00e1llsz? Egy kis seg\u00edts\u00e9gre van sz\u00fcks\u00e9ged? Esetleg m\u00e1r megvan, mit szeretn\u00e9l, de nem tudod, hol juthatn\u00e1l hozz\u00e1? Fordulj hozz\u00e1nk bizalommal! A notebook.hu k\u00e9szs\u00e9ggel \u00e1ll rendelkez\u00e9sedre.<\/p>\n","protected":false},"excerpt":{"rendered":"<p>Elkezd\u0151d\u00f6tt az \u00faj tan\u00e9v az egyetemen, az iskol\u00e1kban, de a munkahelyeken is \u00fajra beindul az \u00e9let a hossz\u00fa ny\u00e1r ut\u00e1n, amikor mindenki az irod\u00e1k helyett a tengerpartot, a t\u00f3partot v\u00e1lasztotta. Sokan az \u00faj id\u0151szakkal \u00faj sz\u00e1m\u00edt\u00f3g\u00e9p beszerz\u00e9s\u00e9t is tervezik. A v\u00e1laszt\u00e1s el\u0151tt azonban \u00e9rdemes \u00e1tgondolni n\u00e9h\u00e1ny szempontot. Teh\u00e1t mi alapj\u00e1n d\u00f6nts? A keret A rendelkez\u00e9sre &hellip;<\/p>\n","protected":false},"author":1,"featured_media":2022,"comment_status":"closed","ping_status":"open","sticky":false,"template":"","format":"standard","meta":{"_jetpack_memberships_contains_paid_content":false,"footnotes":""},"categories":[42],"tags":[93],"class_list":["post-2024","post","type-post","status-publish","format-standard","has-post-thumbnail","","category-cikkek","tag-iskola"],"jetpack_featured_media_url":"https:\/\/www.notebook.hu\/blog\/wp-content\/uploads\/2017\/10\/notebook.hu_37.jpg","jetpack_shortlink":"https:\/\/wp.me\/p9xSLL-wE","jetpack_sharing_enabled":true,"_links":{"self":[{"href":"https:\/\/www.notebook.hu\/blog\/wp-json\/wp\/v2\/posts\/2024","targetHints":{"allow":["GET"]}}],"collection":[{"href":"https:\/\/www.notebook.hu\/blog\/wp-json\/wp\/v2\/posts"}],"about":[{"href":"https:\/\/www.notebook.hu\/blog\/wp-json\/wp\/v2\/types\/post"}],"author":[{"embeddable":true,"href":"https:\/\/www.notebook.hu\/blog\/wp-json\/wp\/v2\/users\/1"}],"replies":[{"embeddable":true,"href":"https:\/\/www.notebook.hu\/blog\/wp-json\/wp\/v2\/comments?post=2024"}],"version-history":[{"count":2,"href":"https:\/\/www.notebook.hu\/blog\/wp-json\/wp\/v2\/posts\/2024\/revisions"}],"predecessor-version":[{"id":2026,"href":"https:\/\/www.notebook.hu\/blog\/wp-json\/wp\/v2\/posts\/2024\/revisions\/2026"}],"wp:featuredmedia":[{"embeddable":true,"href":"https:\/\/www.notebook.hu\/blog\/wp-json\/wp\/v2\/media\/2022"}],"wp:attachment":[{"href":"https:\/\/www.notebook.hu\/blog\/wp-json\/wp\/v2\/media?parent=2024"}],"wp:term":[{"taxonomy":"category","embeddable":true,"href":"https:\/\/www.notebook.hu\/blog\/wp-json\/wp\/v2\/categories?post=2024"},{"taxonomy":"post_tag","embeddable":true,"href":"https:\/\/www.notebook.hu\/blog\/wp-json\/wp\/v2\/tags?post=2024"}],"curies":[{"name":"wp","href":"https:\/\/api.w.org\/{rel}","templated":true}]}}