{"id":2000,"date":"2017-09-21T10:00:10","date_gmt":"2017-09-21T08:00:10","guid":{"rendered":"https:\/\/www.notebook.hu\/blog\/?p=2000"},"modified":"2017-09-22T13:50:18","modified_gmt":"2017-09-22T11:50:18","slug":"mi-baja-a-pc-nek-2-problema-amit-egyedul-is-meg-tudsz-oldani","status":"publish","type":"post","link":"https:\/\/www.notebook.hu\/blog\/mi-baja-a-pc-nek-2-problema-amit-egyedul-is-meg-tudsz-oldani\/","title":{"rendered":"Mi baja a PC-nek?  2 probl\u00e9ma, amit egyed\u00fcl is meg tudsz oldani"},"content":{"rendered":"<p><strong>Az elektronikai eszk\u00f6z\u00f6k probl\u00e9m\u00e1t jelezhetnek az id\u0151 m\u00fal\u00e1s\u00e1val, \u00e9s azt kell hogy mondjuk, ez teljesen norm\u00e1lis. De nem kell azonnal megijedni \u00e9s szervizbe rohanni. Sz\u00e1mos gondot Te is meg tudsz oldani. A tov\u00e1bbiakban n\u00e9h\u00e1ny jellemz\u0151 probl\u00e9m\u00e1t eml\u00edt\u00fcnk \u00e9s azt is megmondjuk, hogy k\u00fcsz\u00f6b\u00f6lheted \u0151ket ki.<\/strong><\/p>\n<ol>\n<li><strong>Nincs t\u00f6bb hely a merevlemezen<\/strong><\/li>\n<\/ol>\n<p>El\u0151bb vagy ut\u00f3bb elj\u00f6n a nap, amikor a merevlemezed megtelik a k\u00e9peiddel, vide\u00f3iddal, filmjeiddel. De hogyan is \u201evar\u00e1zsolhatsz\u201d helyet?<\/p>\n<p>P\u00e9ld\u00e1ul <strong>t\u00e1vol\u00edtsd el az ideiglenes f\u00e1jlokat<\/strong>. Olykor el\u0151fordul, hogy b\u00e1r elt\u00e1vol\u00edtasz egy programot, \u201emarad\u00e9kf\u00e1jlok\u201d maradnak a g\u00e9peden. A CCleaner ingyenes program seg\u00edts\u00e9g\u00e9vel a felesleges f\u00e1jlokat k\u00f6nnyed\u00e9n elt\u00e1vol\u00edthatod g\u00e9pedr\u0151l, nem kell azon agg\u00f3dnod, hogy v\u00e9letlen\u00fcl egy, a rendszer m\u0171k\u00f6d\u00e9s\u00e9hez sz\u00fcks\u00e9ges f\u00e1jlt t\u00f6r\u00f6lsz. A program azt is megmutatja, hogy mi foglalja a legt\u00f6bb helyet.<\/p>\n<p>A m\u00e1sik megold\u00e1s a <strong>merevlemez cser\u00e9je<\/strong> lehet. Miel\u0151tt belefogn\u00e1l, alaposan n\u00e9zd meg az utas\u00edt\u00e1sokat, hogy hogyan cser\u00e9lheted ki g\u00e9ped merevlemez\u00e9t kock\u00e1zat n\u00e9lk\u00fcl. Aj\u00e1nljuk figyelmedbe a k\u00fcls\u0151 merevlemezek haszn\u00e1lat\u00e1t. A legegyszer\u0171bb megold\u00e1s.<\/p>\n<ol start=\"2\">\n<li><strong>Lass\u00fa a g\u00e9p<\/strong><\/li>\n<\/ol>\n<p>Hogy mi\u00e9rt lassul le a g\u00e9ped? Ennek sz\u00e1mos oka lehet. A leggyakoribb az, hogy a h\u00e1tt\u00e9rben sz\u00e1mos (gyakran nem is haszn\u00e1lt) program fut, mely csak foglalja a RAM-ot.<\/p>\n<p>A Ctrl+Alt+Delete billenty\u0171kombin\u00e1ci\u00f3val megnyithatod a Feladatkezel\u0151t, ahol l\u00e1thatod, milyen programok is futnak g\u00e9peden. Z\u00e1rd be, amelyikre nincs sz\u00fcks\u00e9ged! De vigy\u00e1zat! Ha nem tudod, hogy egy adott program, folyamat mi is val\u00f3j\u00e1ban, jobb, ha nem teszel semmit, hiszen ez befoly\u00e1solhatja a rendszer m\u0171k\u00f6d\u00e9s\u00e9t.<\/p>\n<p>A m\u00e1sik tipp\u00fcnk a RAM b\u0151v\u00edt\u00e9se.<\/p>\n<p>Ha nem siker\u00fcl megoldani a probl\u00e9m\u00e1t, szak\u00e9rt\u0151kre van sz\u00fcks\u00e9ged, fordulj hozz\u00e1nk bizalommal. Ha \u00faj g\u00e9pet szeretn\u00e9l, akkor azt tan\u00e1csoljuk, hogy n\u00e9zz sz\u00e9t k\u00edn\u00e1latunkban. Biztosan megtal\u00e1lod, amit keresel.<\/p>\n<p>Szerviz\u00fcnk el\u00e9rhet\u0151s\u00e9ge:\u00a0<strong><span style=\"color: #000080;\"><a href=\"https:\/\/www.notebook.hu\/szerviz\">https:\/\/www.notebook.hu\/szerviz<\/a><\/span><\/strong><\/p>\n","protected":false},"excerpt":{"rendered":"<p>Az elektronikai eszk\u00f6z\u00f6k probl\u00e9m\u00e1t jelezhetnek az id\u0151 m\u00fal\u00e1s\u00e1val, \u00e9s azt kell hogy mondjuk, ez teljesen norm\u00e1lis. De nem kell azonnal megijedni \u00e9s szervizbe rohanni. Sz\u00e1mos gondot Te is meg tudsz oldani. A tov\u00e1bbiakban n\u00e9h\u00e1ny jellemz\u0151 probl\u00e9m\u00e1t eml\u00edt\u00fcnk \u00e9s azt is megmondjuk, hogy k\u00fcsz\u00f6b\u00f6lheted \u0151ket ki. Nincs t\u00f6bb hely a merevlemezen El\u0151bb vagy ut\u00f3bb elj\u00f6n a &hellip;<\/p>\n","protected":false},"author":1,"featured_media":2002,"comment_status":"closed","ping_status":"open","sticky":false,"template":"","format":"standard","meta":{"_jetpack_memberships_contains_paid_content":false,"footnotes":""},"categories":[42],"tags":[44],"class_list":["post-2000","post","type-post","status-publish","format-standard","has-post-thumbnail","","category-cikkek","tag-notebook-laptop"],"jetpack_featured_media_url":"https:\/\/www.notebook.hu\/blog\/wp-content\/uploads\/2017\/09\/notebook34_2.jpg","jetpack_shortlink":"https:\/\/wp.me\/p9xSLL-wg","jetpack_sharing_enabled":true,"_links":{"self":[{"href":"https:\/\/www.notebook.hu\/blog\/wp-json\/wp\/v2\/posts\/2000","targetHints":{"allow":["GET"]}}],"collection":[{"href":"https:\/\/www.notebook.hu\/blog\/wp-json\/wp\/v2\/posts"}],"about":[{"href":"https:\/\/www.notebook.hu\/blog\/wp-json\/wp\/v2\/types\/post"}],"author":[{"embeddable":true,"href":"https:\/\/www.notebook.hu\/blog\/wp-json\/wp\/v2\/users\/1"}],"replies":[{"embeddable":true,"href":"https:\/\/www.notebook.hu\/blog\/wp-json\/wp\/v2\/comments?post=2000"}],"version-history":[{"count":2,"href":"https:\/\/www.notebook.hu\/blog\/wp-json\/wp\/v2\/posts\/2000\/revisions"}],"predecessor-version":[{"id":2004,"href":"https:\/\/www.notebook.hu\/blog\/wp-json\/wp\/v2\/posts\/2000\/revisions\/2004"}],"wp:featuredmedia":[{"embeddable":true,"href":"https:\/\/www.notebook.hu\/blog\/wp-json\/wp\/v2\/media\/2002"}],"wp:attachment":[{"href":"https:\/\/www.notebook.hu\/blog\/wp-json\/wp\/v2\/media?parent=2000"}],"wp:term":[{"taxonomy":"category","embeddable":true,"href":"https:\/\/www.notebook.hu\/blog\/wp-json\/wp\/v2\/categories?post=2000"},{"taxonomy":"post_tag","embeddable":true,"href":"https:\/\/www.notebook.hu\/blog\/wp-json\/wp\/v2\/tags?post=2000"}],"curies":[{"name":"wp","href":"https:\/\/api.w.org\/{rel}","templated":true}]}}