{"id":1986,"date":"2017-09-14T16:23:06","date_gmt":"2017-09-14T14:23:06","guid":{"rendered":"https:\/\/www.notebook.hu\/blog\/?p=1986"},"modified":"2017-09-14T16:23:06","modified_gmt":"2017-09-14T14:23:06","slug":"uj-okostelefont-keresel-figyelj-a-kamerara-legy-biztos-abban-hogy-telefonod-a-kovetkezo-evekben-is-naprakesz-lesz","status":"publish","type":"post","link":"https:\/\/www.notebook.hu\/blog\/uj-okostelefont-keresel-figyelj-a-kamerara-legy-biztos-abban-hogy-telefonod-a-kovetkezo-evekben-is-naprakesz-lesz\/","title":{"rendered":"\u00daj okostelefont keresel? Figyelj a kamer\u00e1ra!  L\u00e9gy biztos abban, hogy telefonod a k\u00f6vetkez\u0151 \u00e9vekben is naprak\u00e9sz lesz"},"content":{"rendered":"<p><strong>El\u0151z\u0151 \u00edr\u00e1sunkban m\u00e1r belev\u00e1gtunk a t\u00e9m\u00e1ba: mire is kell odafigyelned, ha olyan telefont szeretn\u00e9l v\u00e1s\u00e1rolni, amely az elk\u00f6vetkezend\u0151 2-3 \u00e9vben is l\u00e9p\u00e9st tud tartani a technol\u00f3giai \u00faj\u00edt\u00e1sokkal. M\u00e1r \u00edrtunk a kijelz\u0151r\u0151l, most pedig a kamer\u00e1r\u00f3l ejt\u00fcnk egy-k\u00e9t sz\u00f3t.<\/strong><\/p>\n<p>Figyelj oda a kamer\u00e1ra!<\/p>\n<p>Te hordasz magadn\u00e1l f\u00e9nyk\u00e9pez\u0151g\u00e9pet? Vagy csak okostelefonod kamer\u00e1j\u00e1t haszn\u00e1lod? Val\u00f3sz\u00edn\u0171leg csak a m\u00e1sodik k\u00e9rd\u00e9sre v\u00e1laszoln\u00e1l igennel. Manaps\u00e1g, amikor a mobiltelefonokat m\u00e1r el\u00e9g j\u00f3 min\u0151s\u00e9g\u0171 k\u00e9peket k\u00e9sz\u00edt\u0151 kamer\u00e1val l\u00e1tj\u00e1k el, nem bajl\u00f3dunk azzal, hogy a t\u00e1sk\u00e1nkba m\u00e9g a f\u00e9nyk\u00e9pez\u0151g\u00e9pet is beletuszkoljuk.<\/p>\n<p>Nagyon fontos, hogy ne megapixelek alapj\u00e1n d\u00f6nts egyik vagy m\u00e1sik k\u00e9sz\u00fcl\u00e9k mellett. A megapixeleknek nincs akkora jelent\u0151s\u00e9ge, mint ahogyan a legt\u00f6bb felhaszn\u00e1l\u00f3 hiszi. A legnagyobb mobilgy\u00e1rt\u00f3 c\u00e9gek megmaradtak a 12 megapixeln\u00e9l. Ma ink\u00e1bb a dupla kamer\u00e1knak kellene nagyobb jelent\u0151s\u00e9get tulajdon\u00edtani, hiszen ezzel a megold\u00e1ssal val\u00f3ban l\u00e9legzetel\u00e1ll\u00edt\u00f3 k\u00e9pek sz\u00fclethetnek.<\/p>\n<p>Szint\u00e9n fontos odafigyelned az optik\u00e1ra. El\u0151sz\u00f6r is tartsd szem el\u0151tt, hogy a k\u00e9sz\u00fcl\u00e9kednek a legjobb min\u0151s\u00e9g\u0171 anyagokb\u00f3l kell k\u00e9sz\u00fclnie. Term\u00e9szetesen nem v\u00e1rhatod ugyanazt az eredm\u00e9nyt egy okostelefont\u00f3l, mint egy kamer\u00e1t\u00f3l, de manaps\u00e1g igenis, l\u00e9teznek nagyon j\u00f3 min\u0151s\u00e9g\u0171, mobiltelefonokhoz k\u00e9sz\u00edtett optik\u00e1k.<\/p>\n<p>Ha azt l\u00e1tod, hogy f\/2, esetleg enn\u00e9l kisebb sz\u00e1mmal tal\u00e1lkozol, az azt jelenti, hogy a rosszabb f\u00e9nyviszonyok mellett is viszonylag j\u00f3 fot\u00f3kat tudsz k\u00e9sz\u00edteni. Ha szeretn\u00e9l min\u00e9l jobb eredm\u00e9nyeket el\u00e9rni, azt javasoljuk, hogy ne mindig \u00e1ll\u00edtsd a m\u00f3dot automatikusra! K\u00eds\u00e9rletezz \u00e9s fedezd fel a telefonod kamer\u00e1j\u00e1t!<\/p>\n<p>M\u00e9g nem tudtad eld\u00f6nteni, milyen k\u00e9sz\u00fcl\u00e9ket v\u00e1lassz? N\u00e9zz k\u00f6r\u00fcl k\u00edn\u00e1latunkban, ha k\u00e9rd\u00e9s mer\u00fclne fel benned, keress minket b\u00e1tran! N\u00e1lunk biztosan megtal\u00e1lod azt, amit keresel!<\/p>\n","protected":false},"excerpt":{"rendered":"<p>El\u0151z\u0151 \u00edr\u00e1sunkban m\u00e1r belev\u00e1gtunk a t\u00e9m\u00e1ba: mire is kell odafigyelned, ha olyan telefont szeretn\u00e9l v\u00e1s\u00e1rolni, amely az elk\u00f6vetkezend\u0151 2-3 \u00e9vben is l\u00e9p\u00e9st tud tartani a technol\u00f3giai \u00faj\u00edt\u00e1sokkal. M\u00e1r \u00edrtunk a kijelz\u0151r\u0151l, most pedig a kamer\u00e1r\u00f3l ejt\u00fcnk egy-k\u00e9t sz\u00f3t. Figyelj oda a kamer\u00e1ra! Te hordasz magadn\u00e1l f\u00e9nyk\u00e9pez\u0151g\u00e9pet? Vagy csak okostelefonod kamer\u00e1j\u00e1t haszn\u00e1lod? Val\u00f3sz\u00edn\u0171leg csak a m\u00e1sodik &hellip;<\/p>\n","protected":false},"author":1,"featured_media":1982,"comment_status":"closed","ping_status":"open","sticky":false,"template":"","format":"standard","meta":{"_jetpack_memberships_contains_paid_content":false,"footnotes":""},"categories":[42],"tags":[47],"class_list":["post-1986","post","type-post","status-publish","format-standard","has-post-thumbnail","","category-cikkek","tag-okostelefon-mobiltelefon"],"jetpack_featured_media_url":"https:\/\/www.notebook.hu\/blog\/wp-content\/uploads\/2017\/09\/notebook33_2.jpg","jetpack_shortlink":"https:\/\/wp.me\/p9xSLL-w2","jetpack_sharing_enabled":true,"_links":{"self":[{"href":"https:\/\/www.notebook.hu\/blog\/wp-json\/wp\/v2\/posts\/1986","targetHints":{"allow":["GET"]}}],"collection":[{"href":"https:\/\/www.notebook.hu\/blog\/wp-json\/wp\/v2\/posts"}],"about":[{"href":"https:\/\/www.notebook.hu\/blog\/wp-json\/wp\/v2\/types\/post"}],"author":[{"embeddable":true,"href":"https:\/\/www.notebook.hu\/blog\/wp-json\/wp\/v2\/users\/1"}],"replies":[{"embeddable":true,"href":"https:\/\/www.notebook.hu\/blog\/wp-json\/wp\/v2\/comments?post=1986"}],"version-history":[{"count":1,"href":"https:\/\/www.notebook.hu\/blog\/wp-json\/wp\/v2\/posts\/1986\/revisions"}],"predecessor-version":[{"id":1987,"href":"https:\/\/www.notebook.hu\/blog\/wp-json\/wp\/v2\/posts\/1986\/revisions\/1987"}],"wp:featuredmedia":[{"embeddable":true,"href":"https:\/\/www.notebook.hu\/blog\/wp-json\/wp\/v2\/media\/1982"}],"wp:attachment":[{"href":"https:\/\/www.notebook.hu\/blog\/wp-json\/wp\/v2\/media?parent=1986"}],"wp:term":[{"taxonomy":"category","embeddable":true,"href":"https:\/\/www.notebook.hu\/blog\/wp-json\/wp\/v2\/categories?post=1986"},{"taxonomy":"post_tag","embeddable":true,"href":"https:\/\/www.notebook.hu\/blog\/wp-json\/wp\/v2\/tags?post=1986"}],"curies":[{"name":"wp","href":"https:\/\/api.w.org\/{rel}","templated":true}]}}