{"id":1981,"date":"2017-09-12T10:18:27","date_gmt":"2017-09-12T08:18:27","guid":{"rendered":"https:\/\/www.notebook.hu\/blog\/?p=1981"},"modified":"2017-09-14T16:21:39","modified_gmt":"2017-09-14T14:21:39","slug":"uj-okostelefont-keresel-figyelj-a-kijelzore-legy-biztos-abban-hogy-telefonod-a-kovetkezo-evekben-is-naprakesz-lesz","status":"publish","type":"post","link":"https:\/\/www.notebook.hu\/blog\/uj-okostelefont-keresel-figyelj-a-kijelzore-legy-biztos-abban-hogy-telefonod-a-kovetkezo-evekben-is-naprakesz-lesz\/","title":{"rendered":"\u00daj okostelefont keresel? Figyelj a kijelz\u0151re!  L\u00e9gy biztos abban, hogy telefonod a k\u00f6vetkez\u0151 \u00e9vekben is naprak\u00e9sz lesz  \u00a0"},"content":{"rendered":"<p><strong>Szeretn\u00e9l egy kicsit naprak\u00e9szebb lenni az okostelefonok vil\u00e1g\u00e1ban? Nem szeretn\u00e9l olyan gyakran k\u00e9sz\u00fcl\u00e9ket cser\u00e9lni? Akkor ez a bejegyz\u00e9s\u00fcnk hasznos lesz sz\u00e1modra. Haszn\u00e1ld ki maxim\u00e1lisan okotelefonodat! L\u00e1ssuk csak, mire kell figyelned a v\u00e1s\u00e1rl\u00e1s el\u0151tt!<\/strong><\/p>\n<p>Az els\u0151 k\u00e9rd\u00e9s, amelyet fel kell tenned magadnak az, hogy mif\u00e9le telefonra van sz\u00fcks\u00e9ged, a m\u00e1sodik pedig az, hogy milyen gyakran szeretn\u00e9l k\u00e9sz\u00fcl\u00e9ket v\u00e1ltani.<\/p>\n<p>Szint\u00e9n fontos, hogy tiszt\u00e1zd magadban, hogy ragaszkodsz-e valamilyen m\u00e1rk\u00e1hoz vagy nem, valamint azt, hogy mennyi p\u00e9nzt sz\u00e1nsz az \u00faj k\u00e9sz\u00fcl\u00e9kre. Ezek ut\u00e1n azt kell figyelembe venned, hogy mire is fogod haszn\u00e1lni, valamint hogy mely alkalmaz\u00e1sok jutnak majd nagyobb szerephez.<\/p>\n<p>A felhaszn\u00e1l\u00f3k \u00e1ltal\u00e1ban a kamer\u00e1t \u00e9s az akkumul\u00e1tor strapab\u00edr\u00e1s\u00e1t tartj\u00e1k a legfontosabb szempontoknak v\u00e1laszt\u00e1s el\u0151tt.<\/p>\n<p><strong>Milyen a j\u00f6v\u0151ben is (m\u00e9g minimum 2-3 \u00e9vig) helyt \u00e1ll\u00f3 telefon?<\/strong><\/p>\n<p>OLED \u00e9s QHD panor\u00e1makijelz\u0151je van<\/p>\n<p>A kijelz\u0151 m\u00e9rete \u00edzl\u00e9s k\u00e9rd\u00e9se. Ha telefonodat filmn\u00e9z\u00e9sre, j\u00e1t\u00e9kra is haszn\u00e1lod, \u00e9rdemes nagyobb kijelz\u0151s k\u00e9sz\u00fcl\u00e9ket v\u00e1lasztanod (minimum 5,5 h\u00fcvelykest) Full HD-vel.<\/p>\n<p>Ha kisebb k\u00e9sz\u00fcl\u00e9kre v\u00e1gysz, mert k\u00e9nyelmetlennek tartod a nagyobb telefonokat, akkor v\u00e1lassz 5,5 h\u00fcvelykesn\u00e9l kisebb kijelz\u0151j\u0171 k\u00fcty\u00fct. B\u00e1r a piacon egyre kevesebb van ilyenekb\u0151l, megeml\u00edthetj\u00fck a Google Pixelt, az iPhone 7-et vagy az Xperia X Compactot.<\/p>\n<p>Az LG G6-tal \u00e9s a Galaxy S8-cal megjelentek azok a telefonok, amelyek minimum vastags\u00e1g\u00fara cs\u00f6kkentett\u00e9k a keretet, \u00edgy a k\u00e9perny\u0151 m\u00e9g nagyobb lehet, emellett pedig olyan rendszerrel sz\u00e1molnak, melyek a HDR-t imit\u00e1lj\u00e1k. Ez egyre elterjedtebb lesz a j\u00f6v\u0151ben, teh\u00e1t ha v\u00e1laszt\u00e1skor m\u00e1r most odafigyelsz erre, nem kell agg\u00f3dnod amiatt, hogy k\u00e9sz\u00fcl\u00e9ked id\u0151 el\u0151tt el\u00e9v\u00fcl.<\/p>\n","protected":false},"excerpt":{"rendered":"<p>Szeretn\u00e9l egy kicsit naprak\u00e9szebb lenni az okostelefonok vil\u00e1g\u00e1ban? Nem szeretn\u00e9l olyan gyakran k\u00e9sz\u00fcl\u00e9ket cser\u00e9lni? Akkor ez a bejegyz\u00e9s\u00fcnk hasznos lesz sz\u00e1modra. Haszn\u00e1ld ki maxim\u00e1lisan okotelefonodat! L\u00e1ssuk csak, mire kell figyelned a v\u00e1s\u00e1rl\u00e1s el\u0151tt! Az els\u0151 k\u00e9rd\u00e9s, amelyet fel kell tenned magadnak az, hogy mif\u00e9le telefonra van sz\u00fcks\u00e9ged, a m\u00e1sodik pedig az, hogy milyen gyakran szeretn\u00e9l &hellip;<\/p>\n","protected":false},"author":1,"featured_media":1983,"comment_status":"closed","ping_status":"open","sticky":false,"template":"","format":"standard","meta":{"_jetpack_memberships_contains_paid_content":false,"footnotes":""},"categories":[42],"tags":[47],"class_list":["post-1981","post","type-post","status-publish","format-standard","has-post-thumbnail","","category-cikkek","tag-okostelefon-mobiltelefon"],"jetpack_featured_media_url":"https:\/\/www.notebook.hu\/blog\/wp-content\/uploads\/2017\/09\/notebook33_1.jpg","jetpack_shortlink":"https:\/\/wp.me\/p9xSLL-vX","jetpack_sharing_enabled":true,"_links":{"self":[{"href":"https:\/\/www.notebook.hu\/blog\/wp-json\/wp\/v2\/posts\/1981","targetHints":{"allow":["GET"]}}],"collection":[{"href":"https:\/\/www.notebook.hu\/blog\/wp-json\/wp\/v2\/posts"}],"about":[{"href":"https:\/\/www.notebook.hu\/blog\/wp-json\/wp\/v2\/types\/post"}],"author":[{"embeddable":true,"href":"https:\/\/www.notebook.hu\/blog\/wp-json\/wp\/v2\/users\/1"}],"replies":[{"embeddable":true,"href":"https:\/\/www.notebook.hu\/blog\/wp-json\/wp\/v2\/comments?post=1981"}],"version-history":[{"count":2,"href":"https:\/\/www.notebook.hu\/blog\/wp-json\/wp\/v2\/posts\/1981\/revisions"}],"predecessor-version":[{"id":1985,"href":"https:\/\/www.notebook.hu\/blog\/wp-json\/wp\/v2\/posts\/1981\/revisions\/1985"}],"wp:featuredmedia":[{"embeddable":true,"href":"https:\/\/www.notebook.hu\/blog\/wp-json\/wp\/v2\/media\/1983"}],"wp:attachment":[{"href":"https:\/\/www.notebook.hu\/blog\/wp-json\/wp\/v2\/media?parent=1981"}],"wp:term":[{"taxonomy":"category","embeddable":true,"href":"https:\/\/www.notebook.hu\/blog\/wp-json\/wp\/v2\/categories?post=1981"},{"taxonomy":"post_tag","embeddable":true,"href":"https:\/\/www.notebook.hu\/blog\/wp-json\/wp\/v2\/tags?post=1981"}],"curies":[{"name":"wp","href":"https:\/\/api.w.org\/{rel}","templated":true}]}}