{"id":1977,"date":"2017-09-07T09:22:54","date_gmt":"2017-09-07T07:22:54","guid":{"rendered":"https:\/\/www.notebook.hu\/blog\/?p=1977"},"modified":"2017-09-14T16:18:04","modified_gmt":"2017-09-14T14:18:04","slug":"a-laptopok-es-a-nyari-kanikula-ii-az-aksi-es-a-kozvetlen-napfeny","status":"publish","type":"post","link":"https:\/\/www.notebook.hu\/blog\/a-laptopok-es-a-nyari-kanikula-ii-az-aksi-es-a-kozvetlen-napfeny\/","title":{"rendered":"A laptopok \u00e9s a ny\u00e1ri k\u00e1nikula II. &#8211;  Az aksi \u00e9s a k\u00f6zvetlen napf\u00e9ny"},"content":{"rendered":"<p><strong>\u00a0<\/strong><strong>Jav\u00e1ban tombol a ny\u00e1r, a h\u0151m\u00e9rs\u00e9klet pedig az egekben. Gondoltuk, \u00e9rdekes lehet a t\u00e9m\u00e1t a laptopok szempontj\u00e1b\u00f3l vizsg\u00e1lni. Jelen cikk\u00fcnkkel igyeksz\u00fcnk felh\u00edvni a figyelmed arra, hogy a nagy melegben m\u00e9g jobban oda kell figyelned a laptopodra.<\/strong><\/p>\n<p>Hossz\u00fa \u00e9vekkel ezel\u0151tt ha egy r\u00e9gi g\u00e9p processzora t\u00falmelegedett, ak\u00e1r fel is gyulladhatott. Mivel, ezt mondani sem kell, nagyon vesz\u00e9lyes, a gy\u00e1rt\u00f3k olyan mechanizmusokat fejlesztettek ki, amelyek seg\u00edtenek a g\u00e9pnek megtartania az optim\u00e1lis h\u0151m\u00e9rs\u00e9kletet.<\/p>\n<p>\u00cdgy h\u00e1t a h\u0151s\u00e9g els\u0151 t\u00fcnete, a sz\u00e1m\u00edt\u00f3g\u00e9peden a teljes\u00edtm\u00e9ny cs\u00f6kken\u00e9se lehet. Ha a ventil\u00e1tor bekapcsol, biztos lehetsz benne, hogy a g\u00e9ped t\u00falmelegedett.<\/p>\n<p><strong>Figyelj oda az akkumul\u00e1torra!<\/strong><\/p>\n<p>A h\u0151s\u00e9g az aksik \u0151sellens\u00e9ge, mivel azok k\u00e9miai \u00f6sszetev\u0151inek egy\u00e1ltal\u00e1n nem mindegy, milyen h\u0151m\u00e9rs\u00e9kleten m\u0171k\u00f6dnek. Az ion-l\u00edtiumos aksik k\u00fcl\u00f6n\u00f6sen \u00e9rz\u00e9kenyek a h\u0151m\u00e9rs\u00e9klet v\u00e1ltoz\u00e1s\u00e1ra. Sose hagyd g\u00e9pedet a napon!<\/p>\n<p>A negat\u00edv hat\u00e1sok befoly\u00e1solj\u00e1k a ciklusokat. A g\u00e9pek aksija adott sz\u00e1m\u00fa ciklusok szerint m\u0171k\u00f6dik. A nem megfelel\u0151 haszn\u00e1lattal a ciklusok sz\u00e1ma cs\u00f6kkenhet.<\/p>\n<p>Ahogy el\u0151z\u0151 cikk\u00fcnkben is hangs\u00falyoztuk, a ventil\u00e1tort se takard el soha! Igyekezz mindig szabadon tartani a ny\u00edl\u00e1s\u00e1t, hiszen csak \u00edgy tudja megfelel\u0151en ell\u00e1tni a dolg\u00e1t.<\/p>\n<p><strong>Ne hagyd, hogy g\u00e9ped eldeform\u00e1l\u00f3djon!<\/strong><\/p>\n<p>Ha g\u00e9pedet k\u00f6zvetlen napf\u00e9nynek teszed ki, a m\u0171anyagb\u00f3l k\u00e9sz\u00fclt r\u00e9szei eldeform\u00e1l\u00f3dhatnak. Az is el\u0151fordulhat, hogy a fest\u00e9k lekopik r\u00f3la. B\u00e1r a laptopok strapab\u00edr\u00f3 m\u0171anyagb\u00f3l k\u00e9sz\u00fclnek, a nagy h\u0151 hat\u00e1s\u00e1ra megolvadhatnak.<\/p>\n<p>Fontos odafigyelned arra is, hogy b\u00e1r ha reggel nem is s\u00fct be a nap a szob\u00e1ba, azt az asztalt, ahol a laptopodat tartod, a d\u00e9lut\u00e1n egyes \u00f3r\u00e1iban m\u00e9gis k\u00f6zvetlen napf\u00e9ny \u00e9rheti.<\/p>\n<p>Ugyanez a helyzet, ha a g\u00e9pedet az aut\u00f3ban hagyod. Mindannyian ismerj\u00fck azt a kellemetlen \u00e9rz\u00e9st, ami a ny\u00e1ri h\u0151s\u00e9gben aut\u00f3ba \u00fclve fogad minket. Ha a laptopodat bent hagyod a kocsiban, \u0151 is ugyan\u00fagy szenved, mint Te.<\/p>\n","protected":false},"excerpt":{"rendered":"<p>\u00a0Jav\u00e1ban tombol a ny\u00e1r, a h\u0151m\u00e9rs\u00e9klet pedig az egekben. Gondoltuk, \u00e9rdekes lehet a t\u00e9m\u00e1t a laptopok szempontj\u00e1b\u00f3l vizsg\u00e1lni. Jelen cikk\u00fcnkkel igyeksz\u00fcnk felh\u00edvni a figyelmed arra, hogy a nagy melegben m\u00e9g jobban oda kell figyelned a laptopodra. Hossz\u00fa \u00e9vekkel ezel\u0151tt ha egy r\u00e9gi g\u00e9p processzora t\u00falmelegedett, ak\u00e1r fel is gyulladhatott. Mivel, ezt mondani sem kell, nagyon &hellip;<\/p>\n","protected":false},"author":1,"featured_media":1975,"comment_status":"closed","ping_status":"open","sticky":false,"template":"","format":"standard","meta":{"_jetpack_memberships_contains_paid_content":false,"footnotes":""},"categories":[42],"tags":[44],"class_list":["post-1977","post","type-post","status-publish","format-standard","has-post-thumbnail","","category-cikkek","tag-notebook-laptop"],"jetpack_featured_media_url":"https:\/\/www.notebook.hu\/blog\/wp-content\/uploads\/2017\/09\/20681099_l.jpg","jetpack_shortlink":"https:\/\/wp.me\/p9xSLL-vT","jetpack_sharing_enabled":true,"_links":{"self":[{"href":"https:\/\/www.notebook.hu\/blog\/wp-json\/wp\/v2\/posts\/1977","targetHints":{"allow":["GET"]}}],"collection":[{"href":"https:\/\/www.notebook.hu\/blog\/wp-json\/wp\/v2\/posts"}],"about":[{"href":"https:\/\/www.notebook.hu\/blog\/wp-json\/wp\/v2\/types\/post"}],"author":[{"embeddable":true,"href":"https:\/\/www.notebook.hu\/blog\/wp-json\/wp\/v2\/users\/1"}],"replies":[{"embeddable":true,"href":"https:\/\/www.notebook.hu\/blog\/wp-json\/wp\/v2\/comments?post=1977"}],"version-history":[{"count":1,"href":"https:\/\/www.notebook.hu\/blog\/wp-json\/wp\/v2\/posts\/1977\/revisions"}],"predecessor-version":[{"id":1978,"href":"https:\/\/www.notebook.hu\/blog\/wp-json\/wp\/v2\/posts\/1977\/revisions\/1978"}],"wp:featuredmedia":[{"embeddable":true,"href":"https:\/\/www.notebook.hu\/blog\/wp-json\/wp\/v2\/media\/1975"}],"wp:attachment":[{"href":"https:\/\/www.notebook.hu\/blog\/wp-json\/wp\/v2\/media?parent=1977"}],"wp:term":[{"taxonomy":"category","embeddable":true,"href":"https:\/\/www.notebook.hu\/blog\/wp-json\/wp\/v2\/categories?post=1977"},{"taxonomy":"post_tag","embeddable":true,"href":"https:\/\/www.notebook.hu\/blog\/wp-json\/wp\/v2\/tags?post=1977"}],"curies":[{"name":"wp","href":"https:\/\/api.w.org\/{rel}","templated":true}]}}