{"id":1973,"date":"2017-09-04T09:22:51","date_gmt":"2017-09-04T07:22:51","guid":{"rendered":"https:\/\/www.notebook.hu\/blog\/?p=1973"},"modified":"2017-09-04T09:22:51","modified_gmt":"2017-09-04T07:22:51","slug":"a-laptopok-es-a-nyari-kanikula-nem-csak-neked-lehet-meleged-hanem-a-gepednek-is","status":"publish","type":"post","link":"https:\/\/www.notebook.hu\/blog\/a-laptopok-es-a-nyari-kanikula-nem-csak-neked-lehet-meleged-hanem-a-gepednek-is\/","title":{"rendered":"A laptopok \u00e9s a ny\u00e1ri k\u00e1nikula &#8211; Nem csak neked lehet meleged, hanem a g\u00e9pednek is"},"content":{"rendered":"<p><strong>Eg\u00e9sz \u00e9vben most tapasztaljuk a legnagyobb h\u0151s\u00e9get, a k\u00e1nikula pedig nem csup\u00e1n az \u00e9l\u0151l\u00e9nyek szervezet\u00e9t teszi pr\u00f3b\u00e1ra, hanem a g\u00e9peink m\u0171k\u00f6d\u00e9s\u00e9t is befoly\u00e1solhatja. A sz\u00e1m\u00edt\u00f3g\u00e9pek \u00e9rz\u00e9kenyek a h\u0151s\u00e9gre, \u00e9s amikor k\u00f6zeleg a k\u00e1nikula, esetleg m\u00e1r itt is van, \u00e9rdemes elgondolkodnod n\u00e9h\u00e1ny \u00f3vint\u00e9zked\u00e9sen.<\/strong><\/p>\n<p>A h\u0151s\u00e9g nem csup\u00e1n az elektronikus rendszert befoly\u00e1solja, hanem a sz\u00e1m\u00edt\u00f3g\u00e9p anyagait is, a teljes\u00edtm\u00e9ny\u00e9t, valamint az akkumul\u00e1tor \u00e9lettartam\u00e1t is.<\/p>\n<p><strong>A h\u0171t\u00e9s: tiszta termodinamika<\/strong><\/p>\n<p>A laptopok h\u0171t\u00e9se termodinamikai alapokon nyugszik, \u00e9s nem k\u00fcl\u00f6nb\u00f6zik sokban att\u00f3l, ahogyan az emberi szervezet v\u00e9dekezik a nagy meleg ellen. Van azonban egy fontos k\u00fcl\u00f6nbs\u00e9g: a g\u00e9pek nem tudnak izzadni.<\/p>\n<p>A g\u00e9p egyes elektronikus elemei, f\u0151leg a processzor 80-100 fokos h\u0151m\u00e9rs\u00e9kletet is el\u00e9rhet. Ha nem l\u00e9tezne a rendszer, amely fokozottan megszabad\u00edtja a h\u0151t\u0151l a g\u00e9pezetet, az le\u00e9gne \u00e9s elromlana.<\/p>\n<p>Amikor a processzor \u00e1ltal gener\u00e1lt h\u0151 nagyon magasra sz\u00f6kik, a laptop aktiv\u00e1lja a ventil\u00e1tort. Ha nagy teljes\u00edtm\u00e9nyt ig\u00e9nyl\u0151 programmal dolgozol, esetleg nagyon nagy meleg van, hallhatod is a ventil\u00e1tor m\u0171k\u00f6d\u00e9s\u00e9t.<\/p>\n<p>A sz\u00e1m\u00edt\u00f3g\u00e9p nagyon fontos eleme a ventil\u00e1tor szell\u0151z\u0151je. Itt cser\u00e9l\u0151dik ki egym\u00e1ssal a bels\u0151 meleg a k\u00fcls\u0151 h\u0151m\u00e9rs\u00e9klettel. Mindig tartsd szem el\u0151tt, hogy a ny\u00edl\u00e1st sosem takarhatod el. Egyes g\u00e9pekn\u00e9l nagyon j\u00f3l megoldott\u00e1k a probl\u00e9m\u00e1t, \u00edgy p\u00e9ld\u00e1ul az ASUS Transformer 3 Pro ventill\u00e1tor\u00e1nak szell\u0151z\u0151j\u00e9t olyan helyre helyezt\u00e9k, amelyet a felhaszn\u00e1l\u00f3 nagy es\u00e9llyel nem takar el.<\/p>\n<p>Ny\u00e1ron k\u00fcl\u00f6n\u00f6sen fontos, hogy odafigyelj apr\u00f3s\u00e1gokra annak \u00e9rdek\u00e9ben, hogy min\u00e9l tov\u00e1bb \u00e9lvezhesd g\u00e9ped t\u00e1rsas\u00e1g\u00e1t. Ne feledd: nem csak neked, hanem elektronikus k\u00fcty\u00fcidnek is lehet melege.<\/p>\n","protected":false},"excerpt":{"rendered":"<p>Eg\u00e9sz \u00e9vben most tapasztaljuk a legnagyobb h\u0151s\u00e9get, a k\u00e1nikula pedig nem csup\u00e1n az \u00e9l\u0151l\u00e9nyek szervezet\u00e9t teszi pr\u00f3b\u00e1ra, hanem a g\u00e9peink m\u0171k\u00f6d\u00e9s\u00e9t is befoly\u00e1solhatja. A sz\u00e1m\u00edt\u00f3g\u00e9pek \u00e9rz\u00e9kenyek a h\u0151s\u00e9gre, \u00e9s amikor k\u00f6zeleg a k\u00e1nikula, esetleg m\u00e1r itt is van, \u00e9rdemes elgondolkodnod n\u00e9h\u00e1ny \u00f3vint\u00e9zked\u00e9sen. A h\u0151s\u00e9g nem csup\u00e1n az elektronikus rendszert befoly\u00e1solja, hanem a sz\u00e1m\u00edt\u00f3g\u00e9p anyagait is, &hellip;<\/p>\n","protected":false},"author":1,"featured_media":1974,"comment_status":"closed","ping_status":"open","sticky":false,"template":"","format":"standard","meta":{"_jetpack_memberships_contains_paid_content":false,"footnotes":""},"categories":[42],"tags":[44],"class_list":["post-1973","post","type-post","status-publish","format-standard","has-post-thumbnail","","category-cikkek","tag-notebook-laptop"],"jetpack_featured_media_url":"https:\/\/www.notebook.hu\/blog\/wp-content\/uploads\/2017\/09\/43041541_l.jpg","jetpack_shortlink":"https:\/\/wp.me\/p9xSLL-vP","jetpack_sharing_enabled":true,"_links":{"self":[{"href":"https:\/\/www.notebook.hu\/blog\/wp-json\/wp\/v2\/posts\/1973","targetHints":{"allow":["GET"]}}],"collection":[{"href":"https:\/\/www.notebook.hu\/blog\/wp-json\/wp\/v2\/posts"}],"about":[{"href":"https:\/\/www.notebook.hu\/blog\/wp-json\/wp\/v2\/types\/post"}],"author":[{"embeddable":true,"href":"https:\/\/www.notebook.hu\/blog\/wp-json\/wp\/v2\/users\/1"}],"replies":[{"embeddable":true,"href":"https:\/\/www.notebook.hu\/blog\/wp-json\/wp\/v2\/comments?post=1973"}],"version-history":[{"count":1,"href":"https:\/\/www.notebook.hu\/blog\/wp-json\/wp\/v2\/posts\/1973\/revisions"}],"predecessor-version":[{"id":1976,"href":"https:\/\/www.notebook.hu\/blog\/wp-json\/wp\/v2\/posts\/1973\/revisions\/1976"}],"wp:featuredmedia":[{"embeddable":true,"href":"https:\/\/www.notebook.hu\/blog\/wp-json\/wp\/v2\/media\/1974"}],"wp:attachment":[{"href":"https:\/\/www.notebook.hu\/blog\/wp-json\/wp\/v2\/media?parent=1973"}],"wp:term":[{"taxonomy":"category","embeddable":true,"href":"https:\/\/www.notebook.hu\/blog\/wp-json\/wp\/v2\/categories?post=1973"},{"taxonomy":"post_tag","embeddable":true,"href":"https:\/\/www.notebook.hu\/blog\/wp-json\/wp\/v2\/tags?post=1973"}],"curies":[{"name":"wp","href":"https:\/\/api.w.org\/{rel}","templated":true}]}}