{"id":1950,"date":"2017-08-04T10:00:08","date_gmt":"2017-08-04T08:00:08","guid":{"rendered":"https:\/\/www.notebook.hu\/blog\/?p=1950"},"modified":"2017-08-10T09:48:01","modified_gmt":"2017-08-10T07:48:01","slug":"a-kozossegi-oldalak-jelene-a-zuckerberg-hatalomrol","status":"publish","type":"post","link":"https:\/\/www.notebook.hu\/blog\/a-kozossegi-oldalak-jelene-a-zuckerberg-hatalomrol\/","title":{"rendered":"A k\u00f6z\u00f6ss\u00e9gi oldalak jelene &#8211; A Zuckerberg hatalomr\u00f3l"},"content":{"rendered":"<p><strong>Blogunkon, ahogy megszokhattad, sokf\u00e9le tartalmat osztunk meg. Bemutatjuk a leg\u00fajabb k\u00fcty\u00fcket, ismertetj\u00fck tulajdons\u00e1gaikat, de olykor a technol\u00f3gia \u00e9rdekess\u00e9geit mutatjuk be. El\u0151z\u0151 \u00edr\u00e1sunkban a k\u00f6z\u00f6ss\u00e9gi oldalak m\u00faltj\u00e1ba nyert\u00e9l bepillant\u00e1st, most pedig a jelenre koncentr\u00e1lunk. <\/strong><\/p>\n<p>A k\u00f6z\u00f6ss\u00e9gi oldalak els\u0151 nagy forradalm\u00e1t 2003-ra tehetj\u00fck, amikor megjelent a Myspace. Ezen a fel\u00fcleten m\u00e1r egy komplett profilt hozhatunk l\u00e9tre, bemutatkozhatunk, megoszthatjuk m\u00e1sokkal, milyen az \u00edzl\u00e9s\u00fcnk (zene, filmek), k\u00e9peket t\u00f6lthet\u00fcnk fel. B\u00e1r a szolg\u00e1ltat\u00e1s m\u00e9g ma is m\u0171k\u00f6dik, a nagyobb k\u00f6z\u00f6ss\u00e9gi oldalak h\u00e1tt\u00e9rbe szor\u00edtott\u00e1k.<\/p>\n<p>2003-ban megjelent a Linkedln, szakmai k\u00f6z\u00f6ss\u00e9gi oldal. Manaps\u00e1g t\u00f6bb mint 400 milli\u00f3 felhaszn\u00e1l\u00f3val sz\u00e1mol. 2004. fordul\u00f3pontnak sz\u00e1m\u00edt a k\u00f6z\u00f6ss\u00e9gi oldalak \u00e9let\u00e9ben, hiszen ekkor alap\u00edtotta meg a fiatal Mark Zuckerberg a Facebookot.<\/p>\n<p>Eleinte meglehet\u0151sen egyszer\u0171 fel\u00fclet volt, ismer\u0151s\u00f6kkel l\u00e9phett\u00fcnk kapcsolatba, k\u00e9peket oszthattunk meg, \u00edrhattunk m\u00e1sok \u00fczen\u0151fal\u00e1ra. Az oldal val\u00f3di sikere akkor \u00e9rkezett el, amikor m\u00e1r k\u00fcl\u00f6nf\u00e9le nyelven v\u00e1lt el\u00e9rhet\u0151v\u00e9, \u00edgy t\u00f6bb orsz\u00e1gba eljutott. Zuckerberg birodalma, azaz a Facebook, a Whatsapp, a Messenger \u00e9s az Instagram \u00fagy t\u0171nik, fel\u00fclm\u00falhatatlan.<\/p>\n<p>2005-ben megsz\u00fcletett a videomegoszt\u00f3 port\u00e1l, a YouTube, 2006-ban a mikrobloggingra alkalmas Twitter, 2009-ben megjelent a Pinterest, \u00e9s ezzel az Instagram is egyre n\u00e9pszer\u0171bb\u00e9 v\u00e1lt.<\/p>\n<p>Manaps\u00e1g t\u00f6bb k\u00f6z\u00f6ss\u00e9gi oldalon megjelent a funkci\u00f3, mellyel csup\u00e1n r\u00f6vid ideig v\u00e1lik el\u00e9rhet\u0151v\u00e9 egy tartalom, azaz egy k\u00e9p, esetleg vide\u00f3.<\/p>\n<p>Sajnos ezeken a fel\u00fcleteken elterjedt az a \u201erossz szok\u00e1s\u201d, hogy sokan hamis tartalmakat terjesztenek. Zuckerberg jelenleg \u00e9ppen ez ellen harcol.<\/p>\n<p>K\u00e9ts\u00e9g sem f\u00e9r ahhoz, hogy a k\u00f6z\u00f6ss\u00e9gi oldalak mindennapjaink fontos r\u00e9sz\u00e9t k\u00e9pezik, de rem\u00e9lj\u00fck, a j\u00f6v\u0151nk nem \u00fagy alakul majd, ahogyan azt a Black Mirror sorozat festi le.<\/p>\n","protected":false},"excerpt":{"rendered":"<p>Blogunkon, ahogy megszokhattad, sokf\u00e9le tartalmat osztunk meg. Bemutatjuk a leg\u00fajabb k\u00fcty\u00fcket, ismertetj\u00fck tulajdons\u00e1gaikat, de olykor a technol\u00f3gia \u00e9rdekess\u00e9geit mutatjuk be. El\u0151z\u0151 \u00edr\u00e1sunkban a k\u00f6z\u00f6ss\u00e9gi oldalak m\u00faltj\u00e1ba nyert\u00e9l bepillant\u00e1st, most pedig a jelenre koncentr\u00e1lunk. A k\u00f6z\u00f6ss\u00e9gi oldalak els\u0151 nagy forradalm\u00e1t 2003-ra tehetj\u00fck, amikor megjelent a Myspace. Ezen a fel\u00fcleten m\u00e1r egy komplett profilt hozhatunk l\u00e9tre, bemutatkozhatunk, &hellip;<\/p>\n","protected":false},"author":1,"featured_media":1947,"comment_status":"closed","ping_status":"open","sticky":false,"template":"","format":"standard","meta":{"_jetpack_memberships_contains_paid_content":false,"footnotes":""},"categories":[42],"tags":[89],"class_list":["post-1950","post","type-post","status-publish","format-standard","has-post-thumbnail","","category-cikkek","tag-kozossegi-oldalak"],"jetpack_featured_media_url":"https:\/\/www.notebook.hu\/blog\/wp-content\/uploads\/2017\/07\/notebook_28_2.jpg","jetpack_shortlink":"https:\/\/wp.me\/p9xSLL-vs","jetpack_sharing_enabled":true,"_links":{"self":[{"href":"https:\/\/www.notebook.hu\/blog\/wp-json\/wp\/v2\/posts\/1950","targetHints":{"allow":["GET"]}}],"collection":[{"href":"https:\/\/www.notebook.hu\/blog\/wp-json\/wp\/v2\/posts"}],"about":[{"href":"https:\/\/www.notebook.hu\/blog\/wp-json\/wp\/v2\/types\/post"}],"author":[{"embeddable":true,"href":"https:\/\/www.notebook.hu\/blog\/wp-json\/wp\/v2\/users\/1"}],"replies":[{"embeddable":true,"href":"https:\/\/www.notebook.hu\/blog\/wp-json\/wp\/v2\/comments?post=1950"}],"version-history":[{"count":1,"href":"https:\/\/www.notebook.hu\/blog\/wp-json\/wp\/v2\/posts\/1950\/revisions"}],"predecessor-version":[{"id":1951,"href":"https:\/\/www.notebook.hu\/blog\/wp-json\/wp\/v2\/posts\/1950\/revisions\/1951"}],"wp:featuredmedia":[{"embeddable":true,"href":"https:\/\/www.notebook.hu\/blog\/wp-json\/wp\/v2\/media\/1947"}],"wp:attachment":[{"href":"https:\/\/www.notebook.hu\/blog\/wp-json\/wp\/v2\/media?parent=1950"}],"wp:term":[{"taxonomy":"category","embeddable":true,"href":"https:\/\/www.notebook.hu\/blog\/wp-json\/wp\/v2\/categories?post=1950"},{"taxonomy":"post_tag","embeddable":true,"href":"https:\/\/www.notebook.hu\/blog\/wp-json\/wp\/v2\/tags?post=1950"}],"curies":[{"name":"wp","href":"https:\/\/api.w.org\/{rel}","templated":true}]}}