{"id":1920,"date":"2017-07-06T10:11:32","date_gmt":"2017-07-06T08:11:32","guid":{"rendered":"https:\/\/www.notebook.hu\/blog\/?p=1920"},"modified":"2017-07-27T15:55:32","modified_gmt":"2017-07-27T13:55:32","slug":"a-lajk-draga-dolog-3672-euros-buntetest-fizet-a-svajci-ferfi-egy-lajkja-miatt","status":"publish","type":"post","link":"https:\/\/www.notebook.hu\/blog\/a-lajk-draga-dolog-3672-euros-buntetest-fizet-a-svajci-ferfi-egy-lajkja-miatt\/","title":{"rendered":"A l\u00e1jk dr\u00e1ga dolog &#8211; 3672 eur\u00f3s b\u00fcntet\u00e9st fizet a sv\u00e1jci f\u00e9rfi egy l\u00e1jkja miatt"},"content":{"rendered":"<p><strong>Bejegyz\u00e9seinkben a leg\u00fajabb k\u00fcty\u00fckr\u0151l, v\u00e9lem\u00e9nyekr\u0151l olvashatsz, de emellett hasznos tan\u00e1csokkal is ell\u00e1tunk. Egy-k\u00e9t technikai probl\u00e9m\u00e1ra m\u00e1r megtal\u00e1lod n\u00e1lunk a megold\u00e1st, de \u00e9rdekes h\u00edrekkel, tartalmakkal is tal\u00e1lkozhatsz. Jelen \u00edr\u00e1sunkban nagyon \u00e9rdekes t\u00e9m\u00e1t t\u00e1rgyalunk. A k\u00e9rd\u00e9s az, hogy mibe ker\u00fclhet egy facebookos l\u00e1jk.<\/strong><\/p>\n<p>Te gondolt\u00e1l m\u00e1r arra, hogy milyen k\u00f6vetkezm\u00e9nyei lehetnek, ha l\u00e1jkolgatsz egy k\u00f6z\u00f6ss\u00e9gi oldalon?<\/p>\n<p>Gyakran el\u0151fordul az is, hogy nem is akarod megnyomni a \u201egombot\u201d, egyszer\u0171en csak a lap g\u00f6rget\u00e9se k\u00f6zben odat\u00e9ved az ujjad. \u00c9s ugyeb\u00e1r olyankor m\u00e1r milyen ciki visszavonni. Teh\u00e1t ha nem nagyon g\u00e1z a tartalom, mi\u00e9rt is ne maradjon ott a vil\u00e1gh\u00e1l\u00f3n az a l\u00e1jk. Mindegy is, ingyen van. Vagy m\u00e9gsem?<\/p>\n<p>Egy f\u00e9rfi egy olyan cikket l\u00e1jkolt a Facebookon, amely rasszist\u00e1nak nevezte Erwin Kesslert, az \u00e1llatok jogainak egyik legnagyobb v\u00e9delmez\u0151j\u00e9t. A z\u00fcrichi b\u00edr\u00f3s\u00e1g \u00fagy \u00edt\u00e9lte meg, hogy ez a cselekedet elegend\u0151 bizony\u00edt\u00e9k arra, hogy a f\u00e9rfi r\u00e1galmaz\u00e1s b\u0171ncselekm\u00e9ny\u00e9t k\u00f6vette el.<\/p>\n<p>Catherine Gerwig b\u00edr\u00f3n\u0151 szerint a l\u00e1jk Kesslerrel szemben tiszteletlens\u00e9gnek min\u0151s\u00fcl, \u00e9s el\u0151seg\u00edtette, hogy a s\u00e9rt\u00e9sek terjedjenek a vil\u00e1gh\u00e1l\u00f3n. Az alperes azt hangs\u00falyozta a t\u00e1rgyal\u00e1s sor\u00e1n, hogy Kesslert kor\u00e1bban m\u00e1r el\u00edt\u00e9lt\u00e9k rasszizmus\u00e9rt, azonban a b\u00edr\u00f3s\u00e1g erre azt v\u00e1laszolta, hogy semmif\u00e9le jel nem mutat arra, hogy jelenleg rasszista lenne.<\/p>\n<p>Most Sv\u00e1jcban az a nagy k\u00e9rd\u00e9s, hogy egy facebookos l\u00e1jk miatt mi\u00e9rt \u00edt\u00e9lhet el valakit a b\u00edr\u00f3s\u00e1g, ha a tartalom megoszt\u00e1sa miatt nem.<\/p>\n<p>Mi ebb\u0151l a tanuls\u00e1g? Csak \u00f3vatosan sz\u00f3rd a l\u00e1jkokat, hiszen nem tudod, mikor fizethetsz borsos \u00e1rat a v\u00e9lem\u00e9nyed\u00e9rt! A k\u00f6z\u00f6ss\u00e9gi oldalak sz\u00f3rakoztat\u00f3ak \u00e9s unalom\u0171z\u00e9sre is kiv\u00e1l\u00f3ak. De gondold meg k\u00e9tszer is, hogyan b\u00f6ng\u00e9szel!<\/p>\n","protected":false},"excerpt":{"rendered":"<p>Bejegyz\u00e9seinkben a leg\u00fajabb k\u00fcty\u00fckr\u0151l, v\u00e9lem\u00e9nyekr\u0151l olvashatsz, de emellett hasznos tan\u00e1csokkal is ell\u00e1tunk. Egy-k\u00e9t technikai probl\u00e9m\u00e1ra m\u00e1r megtal\u00e1lod n\u00e1lunk a megold\u00e1st, de \u00e9rdekes h\u00edrekkel, tartalmakkal is tal\u00e1lkozhatsz. Jelen \u00edr\u00e1sunkban nagyon \u00e9rdekes t\u00e9m\u00e1t t\u00e1rgyalunk. A k\u00e9rd\u00e9s az, hogy mibe ker\u00fclhet egy facebookos l\u00e1jk. Te gondolt\u00e1l m\u00e1r arra, hogy milyen k\u00f6vetkezm\u00e9nyei lehetnek, ha l\u00e1jkolgatsz egy k\u00f6z\u00f6ss\u00e9gi oldalon? Gyakran &hellip;<\/p>\n","protected":false},"author":1,"featured_media":1921,"comment_status":"closed","ping_status":"open","sticky":false,"template":"","format":"standard","meta":{"_jetpack_memberships_contains_paid_content":false,"footnotes":""},"categories":[42],"tags":[87],"class_list":["post-1920","post","type-post","status-publish","format-standard","has-post-thumbnail","","category-cikkek","tag-facebook"],"jetpack_featured_media_url":"https:\/\/www.notebook.hu\/blog\/wp-content\/uploads\/2017\/07\/21832918_l.jpg","jetpack_shortlink":"https:\/\/wp.me\/p9xSLL-uY","jetpack_sharing_enabled":true,"_links":{"self":[{"href":"https:\/\/www.notebook.hu\/blog\/wp-json\/wp\/v2\/posts\/1920","targetHints":{"allow":["GET"]}}],"collection":[{"href":"https:\/\/www.notebook.hu\/blog\/wp-json\/wp\/v2\/posts"}],"about":[{"href":"https:\/\/www.notebook.hu\/blog\/wp-json\/wp\/v2\/types\/post"}],"author":[{"embeddable":true,"href":"https:\/\/www.notebook.hu\/blog\/wp-json\/wp\/v2\/users\/1"}],"replies":[{"embeddable":true,"href":"https:\/\/www.notebook.hu\/blog\/wp-json\/wp\/v2\/comments?post=1920"}],"version-history":[{"count":1,"href":"https:\/\/www.notebook.hu\/blog\/wp-json\/wp\/v2\/posts\/1920\/revisions"}],"predecessor-version":[{"id":1922,"href":"https:\/\/www.notebook.hu\/blog\/wp-json\/wp\/v2\/posts\/1920\/revisions\/1922"}],"wp:featuredmedia":[{"embeddable":true,"href":"https:\/\/www.notebook.hu\/blog\/wp-json\/wp\/v2\/media\/1921"}],"wp:attachment":[{"href":"https:\/\/www.notebook.hu\/blog\/wp-json\/wp\/v2\/media?parent=1920"}],"wp:term":[{"taxonomy":"category","embeddable":true,"href":"https:\/\/www.notebook.hu\/blog\/wp-json\/wp\/v2\/categories?post=1920"},{"taxonomy":"post_tag","embeddable":true,"href":"https:\/\/www.notebook.hu\/blog\/wp-json\/wp\/v2\/tags?post=1920"}],"curies":[{"name":"wp","href":"https:\/\/api.w.org\/{rel}","templated":true}]}}