{"id":1917,"date":"2017-07-03T10:11:29","date_gmt":"2017-07-03T08:11:29","guid":{"rendered":"https:\/\/www.notebook.hu\/blog\/?p=1917"},"modified":"2017-07-03T10:13:44","modified_gmt":"2017-07-03T08:13:44","slug":"facebook-a-kozossegi-oldal-butit","status":"publish","type":"post","link":"https:\/\/www.notebook.hu\/blog\/facebook-a-kozossegi-oldal-butit\/","title":{"rendered":"Facebook &#8211; A k\u00f6z\u00f6ss\u00e9gi oldal but\u00edt"},"content":{"rendered":"<p><strong>A XXI. sz\u00e1zadban egyre t\u00f6bbsz\u00f6r l\u00e1tunk a telefonjukat b\u00e1mul\u00f3 \u201ezombikat\u201d az utc\u00e1n. Ott vannak a metr\u00f3n, az utcai padon, a buszmeg\u00e1ll\u00f3ban, az orvosi v\u00e1r\u00f3ban. De a k\u00f6z\u00f6ss\u00e9gi oldalak vajon a modern kor el\u0151ny\u00e9nek, vagy h\u00e1tr\u00e1ny\u00e1nak sz\u00e1m\u00edtanak? Vajon meg\u00e9ri mindent tudni ismer\u0151seinkr\u0151l? Ez\u00e9rt milyen \u00e1rat kell fizetn\u00fcnk? Hiszen \u201edigit\u00e1lis innov\u00e1ci\u00f3k j\u00f3 \u00e1ron\u201d ide vagy oda, mindennek megvan az \u00e1ra.<\/strong><\/p>\n<p>Egy \u00faj n\u00e9zet \u00fct\u00f6tte fel a fej\u00e9t, miszerint az okostelefonok haszn\u00e1lata hat\u00e1ssal van az intelligenci\u00e1nkra. Kevesebb a sz\u00fcrke\u00e1llom\u00e1nya azoknak, akik napi szinten haszn\u00e1lj\u00e1k a Facebookot. Ezt az Ulm University egy kutat\u00f3csoportja \u00e1llap\u00edtotta meg.<\/p>\n<p>Te is r\u00e1kattant\u00e1l a Facebookra? F\u00fcgg\u0151 vagy? Folyamatosan ellen\u0151rz\u00f6d, hogy mennyi l\u00e1jk \u00e9s komment \u00e9rkezett a legut\u00f3bb felt\u00f6lt\u00f6tt publik\u00e1ci\u00f3dra?<\/p>\n<p>Az Ulm University egy tanulm\u00e1nya szerint ez a sz\u00fcrke\u00e1llom\u00e1ny t\u00e9rfogat\u00e1nak cs\u00f6kken\u00e9s\u00e9t vonja maga ut\u00e1n. Az \u00edr\u00e1st a Behavioral Brain Research c\u00edm\u0171 foly\u00f3iratban tett\u00e9k k\u00f6zz\u00e9.<\/p>\n<p>A kutat\u00e1s egyik tud\u00f3sa, Christian Montag nyilatkozat\u00e1ban hangs\u00falyozta, hogy az okostelefonok, valamint a Facebookhoz hasonl\u00f3 k\u00f6z\u00f6ss\u00e9gi oldalak a mindennapjaink r\u00e9szeiv\u00e9 v\u00e1ltak.<\/p>\n<p>Az idegtudom\u00e1ny ismerete alapvet\u0151 ahhoz, hogy meg\u00e9rts\u00fck, hogyan form\u00e1lja agyunkat a digit\u00e1lis t\u00e1rsadalom. A nucleus acumbens az agyunk k\u00f6zpontj\u00e1ban tal\u00e1lhat\u00f3 kis &#8222;szerkezet&#8221;, mely fontos szerepet j\u00e1tszik a szenved\u00e9lybetegs\u00e9gek kialak\u00edt\u00e1s\u00e1ban, \u00e9s melyet a kutat\u00e1s sor\u00e1n vizsg\u00e1ltak. Az \u00f6t h\u00e9tig tart\u00f3 MRI vizsg\u00e1latban 46 f\u00e9rfi \u00e9s 39 n\u0151 vett r\u00e9szt.<\/p>\n<p>A kutat\u00f3k azt vett\u00e9k \u00e9szre, hogy az \u00f6t h\u00e9t eltelt\u00e9vel a Facebookot haszn\u00e1l\u00f3 alanyok sz\u00fcrke\u00e1llom\u00e1ny\u00e1nak t\u00e9rfogata cs\u00f6kkent.<\/p>\n<p>Ennek k\u00f6vetkezt\u00e9ben a sz\u00fcrke\u00e1llom\u00e1ny nem k\u00e9pes gyorsan tov\u00e1bb\u00edtani az idegi impulzusokat. Ez a tulajdons\u00e1g az inform\u00e1ci\u00f3feldolgoz\u00e1st \u00e9s az \u00e9rvel\u00e9st befoly\u00e1solja.<\/p>\n","protected":false},"excerpt":{"rendered":"<p>A XXI. sz\u00e1zadban egyre t\u00f6bbsz\u00f6r l\u00e1tunk a telefonjukat b\u00e1mul\u00f3 \u201ezombikat\u201d az utc\u00e1n. Ott vannak a metr\u00f3n, az utcai padon, a buszmeg\u00e1ll\u00f3ban, az orvosi v\u00e1r\u00f3ban. De a k\u00f6z\u00f6ss\u00e9gi oldalak vajon a modern kor el\u0151ny\u00e9nek, vagy h\u00e1tr\u00e1ny\u00e1nak sz\u00e1m\u00edtanak? Vajon meg\u00e9ri mindent tudni ismer\u0151seinkr\u0151l? Ez\u00e9rt milyen \u00e1rat kell fizetn\u00fcnk? Hiszen \u201edigit\u00e1lis innov\u00e1ci\u00f3k j\u00f3 \u00e1ron\u201d ide vagy oda, mindennek &hellip;<\/p>\n","protected":false},"author":1,"featured_media":1918,"comment_status":"closed","ping_status":"open","sticky":false,"template":"","format":"standard","meta":{"_jetpack_memberships_contains_paid_content":false,"footnotes":""},"categories":[42],"tags":[87],"class_list":["post-1917","post","type-post","status-publish","format-standard","has-post-thumbnail","","category-cikkek","tag-facebook"],"jetpack_featured_media_url":"https:\/\/www.notebook.hu\/blog\/wp-content\/uploads\/2017\/07\/56221037_l.jpg","jetpack_shortlink":"https:\/\/wp.me\/p9xSLL-uV","jetpack_sharing_enabled":true,"_links":{"self":[{"href":"https:\/\/www.notebook.hu\/blog\/wp-json\/wp\/v2\/posts\/1917","targetHints":{"allow":["GET"]}}],"collection":[{"href":"https:\/\/www.notebook.hu\/blog\/wp-json\/wp\/v2\/posts"}],"about":[{"href":"https:\/\/www.notebook.hu\/blog\/wp-json\/wp\/v2\/types\/post"}],"author":[{"embeddable":true,"href":"https:\/\/www.notebook.hu\/blog\/wp-json\/wp\/v2\/users\/1"}],"replies":[{"embeddable":true,"href":"https:\/\/www.notebook.hu\/blog\/wp-json\/wp\/v2\/comments?post=1917"}],"version-history":[{"count":1,"href":"https:\/\/www.notebook.hu\/blog\/wp-json\/wp\/v2\/posts\/1917\/revisions"}],"predecessor-version":[{"id":1919,"href":"https:\/\/www.notebook.hu\/blog\/wp-json\/wp\/v2\/posts\/1917\/revisions\/1919"}],"wp:featuredmedia":[{"embeddable":true,"href":"https:\/\/www.notebook.hu\/blog\/wp-json\/wp\/v2\/media\/1918"}],"wp:attachment":[{"href":"https:\/\/www.notebook.hu\/blog\/wp-json\/wp\/v2\/media?parent=1917"}],"wp:term":[{"taxonomy":"category","embeddable":true,"href":"https:\/\/www.notebook.hu\/blog\/wp-json\/wp\/v2\/categories?post=1917"},{"taxonomy":"post_tag","embeddable":true,"href":"https:\/\/www.notebook.hu\/blog\/wp-json\/wp\/v2\/tags?post=1917"}],"curies":[{"name":"wp","href":"https:\/\/api.w.org\/{rel}","templated":true}]}}