{"id":1902,"date":"2017-06-20T10:09:54","date_gmt":"2017-06-20T08:09:54","guid":{"rendered":"https:\/\/www.notebook.hu\/blog\/?p=1902"},"modified":"2017-06-28T11:10:10","modified_gmt":"2017-06-28T09:10:10","slug":"echo-look-az-alkalmazas-amely-megmondja-trendi-vagy-e","status":"publish","type":"post","link":"https:\/\/www.notebook.hu\/blog\/echo-look-az-alkalmazas-amely-megmondja-trendi-vagy-e\/","title":{"rendered":"Echo Look &#8211; Az alkalmaz\u00e1s, amely megmondja, trendi vagy-e"},"content":{"rendered":"<p><strong>Tal\u00e1n a c\u00edmet elolvasva kikerekedik a szemed, \u00e9s csak annyit mondasz, \u201eMi???\u201d. Hol tart a vil\u00e1g, amikor m\u00e1r az alkalmaz\u00e1s mondja meg, hogy a divatnak megfelel\u0151en \u00f6lt\u00f6zt\u00e9l-e? Mi\u00e9rt van sz\u00fcks\u00e9g\u00fcnk g\u00e9pekre ahhoz, hogy j\u00f3l \u00f6lt\u00f6zz\u00fcnk. \u00c9s egy\u00e1ltal\u00e1n, mit \u00e9rdekel minket, hogy mit visel\u00fcnk, ha j\u00f3l \u00e9rezz\u00fck magunkat a b\u0151r\u00fcnkben?<\/strong><\/p>\n<p>Ak\u00e1rmi is j\u00e1r most a fejedben, az a t\u00e9nyeken nem v\u00e1ltoztat, \u00e9s igen, l\u00e9tezik egy alkalmaz\u00e1s, amely megmondja a tutit aktu\u00e1lis szerel\u00e9sedr\u0151l.<\/p>\n<p>A virtu\u00e1lis stylist megteremt\u00e9se az Amazon nev\u00e9hez f\u0171z\u0151dik. N\u00e9h\u00e1ny h\u00e9ttel ezel\u0151tt a Jeff Bezos \u00e1ltal vezetett c\u00e9g bemutatta a 200 doll\u00e1rt \u00e9r\u0151 k\u00fcty\u00fct, amely a felhaszn\u00e1l\u00f3 st\u00edlus\u00e1nak elemz\u00e9se ut\u00e1n tan\u00e1csot ad, hogy mit mivel kombin\u00e1lj.<\/p>\n<p>Az \u00f6tlet alkalmaz\u00e1s form\u00e1j\u00e1ban is megjelent, ez pedig annak gyorsabb elterjed\u00e9s\u00e9t teszi lehet\u0151v\u00e9. Egyszer\u0171en csak egy kamer\u00e1s, androidos telefonra van sz\u00fcks\u00e9ged.<\/p>\n<p>Az alkalmaz\u00e1st megnyitva tal\u00e1lkozol a mesters\u00e9ges intelligenci\u00e1val, a sz\u00e1mol\u00f3 Alex\u00e1val, akivel ak\u00e1r az id\u0151j\u00e1r\u00e1sr\u00f3l \u00e9s a forgalomr\u00f3l is elcseveghetsz.<\/p>\n<p>A b\u00f6kken\u0151 csak az, hogy az applik\u00e1ci\u00f3 nem minden orsz\u00e1gban el\u00e9rhet\u0151, \u00e9s minimum Android 5.0-t ig\u00e9nyel. Igen, ebb\u0151l kital\u00e1lhatod, hogy az iPhone tulajdonosok kiszorulnak a c\u00e9lk\u00f6z\u00f6ns\u00e9gb\u0151l, legal\u00e1bbis egyel\u0151re.<\/p>\n<p>Alexa a kamer\u00e1don kereszt\u00fcl l\u00e1tja, hogy az aktu\u00e1lis divatnak \u00e9s ir\u00e1nyzatoknak megfelel\u0151en \u00f6lt\u00f6zt\u00e9l-e, s\u0151t, ak\u00e1r \u201elookbook\u201d k\u00e9sz\u00edt\u00e9s\u00e9re is alkalmas, amelyben megmutatja, melyek a legtrendibb darabok.<\/p>\n<p>Vajon a g\u00e9pek sosem t\u00e9vednek? Alexa lenne a legjobb st\u00edlustan\u00e1csad\u00f3? Pr\u00f3b\u00e1ld ki, \u00e9s megl\u00e1tod!<\/p>\n<p><em>\u00daj k\u00e9sz\u00fcl\u00e9kre lenne sz\u00fcks\u00e9ged? Nem st\u00edlus, hanem technol\u00f3gia t\u00e9m\u00e1ban vannak k\u00e9rd\u00e9seid? Fordulj hozz\u00e1nk bizalommal, k\u00e9szs\u00e9ggel \u00e1llunk rendelkez\u00e9sedre!<\/em><\/p>\n","protected":false},"excerpt":{"rendered":"<p>Tal\u00e1n a c\u00edmet elolvasva kikerekedik a szemed, \u00e9s csak annyit mondasz, \u201eMi???\u201d. Hol tart a vil\u00e1g, amikor m\u00e1r az alkalmaz\u00e1s mondja meg, hogy a divatnak megfelel\u0151en \u00f6lt\u00f6zt\u00e9l-e? Mi\u00e9rt van sz\u00fcks\u00e9g\u00fcnk g\u00e9pekre ahhoz, hogy j\u00f3l \u00f6lt\u00f6zz\u00fcnk. \u00c9s egy\u00e1ltal\u00e1n, mit \u00e9rdekel minket, hogy mit visel\u00fcnk, ha j\u00f3l \u00e9rezz\u00fck magunkat a b\u0151r\u00fcnkben? Ak\u00e1rmi is j\u00e1r most a fejedben, &hellip;<\/p>\n","protected":false},"author":1,"featured_media":1903,"comment_status":"closed","ping_status":"open","sticky":false,"template":"","format":"standard","meta":{"_jetpack_memberships_contains_paid_content":false,"footnotes":""},"categories":[42],"tags":[47],"class_list":["post-1902","post","type-post","status-publish","format-standard","has-post-thumbnail","","category-cikkek","tag-okostelefon-mobiltelefon"],"jetpack_featured_media_url":"https:\/\/www.notebook.hu\/blog\/wp-content\/uploads\/2017\/06\/notebook.hu_22_1.jpg","jetpack_shortlink":"https:\/\/wp.me\/p9xSLL-uG","jetpack_sharing_enabled":true,"_links":{"self":[{"href":"https:\/\/www.notebook.hu\/blog\/wp-json\/wp\/v2\/posts\/1902","targetHints":{"allow":["GET"]}}],"collection":[{"href":"https:\/\/www.notebook.hu\/blog\/wp-json\/wp\/v2\/posts"}],"about":[{"href":"https:\/\/www.notebook.hu\/blog\/wp-json\/wp\/v2\/types\/post"}],"author":[{"embeddable":true,"href":"https:\/\/www.notebook.hu\/blog\/wp-json\/wp\/v2\/users\/1"}],"replies":[{"embeddable":true,"href":"https:\/\/www.notebook.hu\/blog\/wp-json\/wp\/v2\/comments?post=1902"}],"version-history":[{"count":1,"href":"https:\/\/www.notebook.hu\/blog\/wp-json\/wp\/v2\/posts\/1902\/revisions"}],"predecessor-version":[{"id":1904,"href":"https:\/\/www.notebook.hu\/blog\/wp-json\/wp\/v2\/posts\/1902\/revisions\/1904"}],"wp:featuredmedia":[{"embeddable":true,"href":"https:\/\/www.notebook.hu\/blog\/wp-json\/wp\/v2\/media\/1903"}],"wp:attachment":[{"href":"https:\/\/www.notebook.hu\/blog\/wp-json\/wp\/v2\/media?parent=1902"}],"wp:term":[{"taxonomy":"category","embeddable":true,"href":"https:\/\/www.notebook.hu\/blog\/wp-json\/wp\/v2\/categories?post=1902"},{"taxonomy":"post_tag","embeddable":true,"href":"https:\/\/www.notebook.hu\/blog\/wp-json\/wp\/v2\/tags?post=1902"}],"curies":[{"name":"wp","href":"https:\/\/api.w.org\/{rel}","templated":true}]}}