{"id":1874,"date":"2017-06-01T10:00:17","date_gmt":"2017-06-01T08:00:17","guid":{"rendered":"http:\/\/www.notebook.hu\/blog\/?p=1874"},"modified":"2017-06-14T09:56:49","modified_gmt":"2017-06-14T07:56:49","slug":"az-instagram-art-a-serdulok-mentalis-egeszsegenek-egy-brit-tanulmany-meglepo-eredmenye","status":"publish","type":"post","link":"https:\/\/www.notebook.hu\/blog\/az-instagram-art-a-serdulok-mentalis-egeszsegenek-egy-brit-tanulmany-meglepo-eredmenye\/","title":{"rendered":"Az Instagram \u00e1rt a serd\u00fcl\u0151k ment\u00e1lis eg\u00e9szs\u00e9g\u00e9nek &#8211; Egy brit tanulm\u00e1ny meglep\u0151 eredm\u00e9nye"},"content":{"rendered":"<p><strong>A n\u00e9pszer\u0171 k\u00f6z\u00f6ss\u00e9gi oldalak sz\u00e1mtalan el\u0151nyt ny\u00fajtanak a felhaszn\u00e1l\u00f3k sz\u00e1m\u00e1ra, ugyanakkor eg\u00e9szs\u00e9gtelen mell\u00e9khat\u00e1sokkal is sz\u00e1molnak. Egy friss, brit fiatalokat tanulm\u00e1nyoz\u00f3 kutat\u00e1s k\u00f6z\u00e9ppontj\u00e1ban a felhaszn\u00e1l\u00f3k j\u00f3l\u00e9t\u00e9t \u00e9s ment\u00e1lis eg\u00e9szs\u00e9g\u00e9t helyezi a k\u00f6z\u00e9ppontba.<\/strong><\/p>\n<p>Az eredm\u00e9nyek azt mutatj\u00e1k, hogy a serd\u00fcl\u0151k lelki instabilit\u00e1sa miatt az alkalmaz\u00e1s vesz\u00e9lyezteti lelki eg\u00e9szs\u00e9g\u00fcket. B\u00e1r a sort az Instagram vezeti, ezt a Snapchat, a Facebook \u00e9s a Twitter k\u00f6veti ebben a sorrendben. Az egyetlen pozit\u00edv eredm\u00e9nyt mutat\u00f3 k\u00f6z\u00f6ss\u00e9gi oldal a YouTube.<\/p>\n<p>A Royal Society of Public Health \u00e9s a University of Cambridge tanulm\u00e1nya szerint azok a serd\u00fcl\u0151k, akik napi k\u00e9t, vagy t\u00f6bb \u00f3r\u00e1t t\u00f6ltenek a k\u00f6z\u00f6ss\u00e9gi oldalakon, nagyobb val\u00f3sz\u00edn\u0171s\u00e9ggel szenvednek ment\u00e1lis eg\u00e9szs\u00e9g\u00fcgyi probl\u00e9m\u00e1kt\u00f3l, hajlamosabbak szorong\u00e1sra, depresszi\u00f3ra. A vizsg\u00e1latban 1500 14 \u00e9s 24 \u00e9v k\u00f6z\u00f6tt fiatal vett r\u00e9szt.<\/p>\n<p>A tanulm\u00e1ny 14 (pozit\u00edv \u00e9s negat\u00edv) t\u00e9nyez\u0151t vett figyelembe \u00e9s az Instagram eset\u00e9ben az eredm\u00e9ny nem valami biztat\u00f3. A fiatalok elismert\u00e9k, hogy az applik\u00e1ci\u00f3 negat\u00edvan befoly\u00e1solja \u00f6nbecs\u00fcl\u00e9s\u00fcket (testk\u00e9p\u00fcket), alv\u00e1shi\u00e1nyt is el\u0151id\u00e9zhet, emellett att\u00f3l tartanak, hogy kimaradnak a k\u00fcl\u00f6nf\u00e9le t\u00e1rsadalmi esem\u00e9nyekb\u0151l. Az alkalmaz\u00e1s kedvezhet az internetes zaklat\u00e1snak, ez szint\u00e9n f\u00e9lelmet gener\u00e1l a fiatalokban.<\/p>\n<p>A tanulm\u00e1ny majdnem olyan k\u00e1rosnak \u00e9rt\u00e9kelte a Snapchatet, mint az Instagramot, ezt k\u00f6veti a sorban a Facebook, mely egy\u00e9bk\u00e9nt az internetes zaklat\u00e1sok f\u0151 sz\u00edntere. A Twitter negat\u00edv hat\u00e1sait majdnem egyens\u00falyozza a pozit\u00edvumokkal, a sort pedig a YouTube z\u00e1rja, melynek szinte egyetlen h\u00e1tr\u00e1nyak\u00e9nt azt eml\u00edthetj\u00fck, hogy a fiatalok hajnalig n\u00e9zik a vide\u00f3kat egym\u00e1s ut\u00e1n.<\/p>\n<p>Term\u00e9szetesen nem csak negat\u00edvumokat mondhatunk el a mai n\u00e9pszer\u0171 alkalmaz\u00e1sokr\u00f3l. Az Instagram p\u00e9ld\u00e1ul seg\u00edt a fiataloknak megtal\u00e1lni identit\u00e1sukat, a Facebook pedig \u00e9rzelmi t\u00e1mogat\u00e1st ny\u00fajthat a felhaszn\u00e1l\u00f3knak.<\/p>\n","protected":false},"excerpt":{"rendered":"<p>A n\u00e9pszer\u0171 k\u00f6z\u00f6ss\u00e9gi oldalak sz\u00e1mtalan el\u0151nyt ny\u00fajtanak a felhaszn\u00e1l\u00f3k sz\u00e1m\u00e1ra, ugyanakkor eg\u00e9szs\u00e9gtelen mell\u00e9khat\u00e1sokkal is sz\u00e1molnak. Egy friss, brit fiatalokat tanulm\u00e1nyoz\u00f3 kutat\u00e1s k\u00f6z\u00e9ppontj\u00e1ban a felhaszn\u00e1l\u00f3k j\u00f3l\u00e9t\u00e9t \u00e9s ment\u00e1lis eg\u00e9szs\u00e9g\u00e9t helyezi a k\u00f6z\u00e9ppontba. Az eredm\u00e9nyek azt mutatj\u00e1k, hogy a serd\u00fcl\u0151k lelki instabilit\u00e1sa miatt az alkalmaz\u00e1s vesz\u00e9lyezteti lelki eg\u00e9szs\u00e9g\u00fcket. B\u00e1r a sort az Instagram vezeti, ezt a Snapchat, &hellip;<\/p>\n","protected":false},"author":1,"featured_media":1872,"comment_status":"closed","ping_status":"open","sticky":false,"template":"","format":"standard","meta":{"_jetpack_memberships_contains_paid_content":false,"footnotes":""},"categories":[42],"tags":[45,44,47,46],"class_list":["post-1874","post","type-post","status-publish","format-standard","has-post-thumbnail","","category-cikkek","tag-2-az-1-ben-2in1","tag-notebook-laptop","tag-okostelefon-mobiltelefon","tag-tablet"],"jetpack_featured_media_url":"https:\/\/www.notebook.hu\/blog\/wp-content\/uploads\/2017\/05\/notebook.hu_19_2.jpg","jetpack_shortlink":"https:\/\/wp.me\/p9xSLL-ue","jetpack_sharing_enabled":true,"_links":{"self":[{"href":"https:\/\/www.notebook.hu\/blog\/wp-json\/wp\/v2\/posts\/1874","targetHints":{"allow":["GET"]}}],"collection":[{"href":"https:\/\/www.notebook.hu\/blog\/wp-json\/wp\/v2\/posts"}],"about":[{"href":"https:\/\/www.notebook.hu\/blog\/wp-json\/wp\/v2\/types\/post"}],"author":[{"embeddable":true,"href":"https:\/\/www.notebook.hu\/blog\/wp-json\/wp\/v2\/users\/1"}],"replies":[{"embeddable":true,"href":"https:\/\/www.notebook.hu\/blog\/wp-json\/wp\/v2\/comments?post=1874"}],"version-history":[{"count":2,"href":"https:\/\/www.notebook.hu\/blog\/wp-json\/wp\/v2\/posts\/1874\/revisions"}],"predecessor-version":[{"id":1890,"href":"https:\/\/www.notebook.hu\/blog\/wp-json\/wp\/v2\/posts\/1874\/revisions\/1890"}],"wp:featuredmedia":[{"embeddable":true,"href":"https:\/\/www.notebook.hu\/blog\/wp-json\/wp\/v2\/media\/1872"}],"wp:attachment":[{"href":"https:\/\/www.notebook.hu\/blog\/wp-json\/wp\/v2\/media?parent=1874"}],"wp:term":[{"taxonomy":"category","embeddable":true,"href":"https:\/\/www.notebook.hu\/blog\/wp-json\/wp\/v2\/categories?post=1874"},{"taxonomy":"post_tag","embeddable":true,"href":"https:\/\/www.notebook.hu\/blog\/wp-json\/wp\/v2\/tags?post=1874"}],"curies":[{"name":"wp","href":"https:\/\/api.w.org\/{rel}","templated":true}]}}