{"id":1827,"date":"2017-05-05T09:05:12","date_gmt":"2017-05-05T07:05:12","guid":{"rendered":"http:\/\/www.notebook.hu\/blog\/?p=1827"},"modified":"2017-05-09T09:26:58","modified_gmt":"2017-05-09T07:26:58","slug":"az-uj-mac-pro-szupergep-2018-ra","status":"publish","type":"post","link":"https:\/\/www.notebook.hu\/blog\/az-uj-mac-pro-szupergep-2018-ra\/","title":{"rendered":"Az \u00faj Mac Pro &#8211; Szuperg\u00e9p 2018-ra"},"content":{"rendered":"<h1><\/h1>\n<p><strong>T\u00e9vedtek a v\u00e9szmadarak, akik azt hangoztatt\u00e1k, hogy az Apple nem fektet energi\u00e1t a sz\u00e1m\u00edt\u00f3g\u00e9pek gy\u00e1rt\u00e1s\u00e1ba, hanem ehelyett teljes er\u0151bedob\u00e1ssal a mobil eszk\u00f6z\u00f6kre koncentr\u00e1l. A v\u00e1llalat m\u00e1ris \u00faj sz\u00e1m\u00edt\u00f3g\u00e9pen dolgozik, melyet 2018-ban k\u00e9sz\u00fcl piacra dobni.\u00a0<\/strong><\/p>\n<p>A cupertin\u00f3i c\u00e9g sz\u0171k k\u00f6r\u0171 sajt\u00f3t\u00e1j\u00e9koztat\u00f3t tartott sz\u00e9khely\u00e9n a Pro asztali g\u00e9pekr\u0151l. A vita k\u00f6z\u00e9ppontj\u00e1ban az ellentmond\u00e1sos \u00e9s innovat\u00edv Mac Pro \u00e1llt, melyet els\u0151sorban professzion\u00e1lis haszn\u00e1latra sz\u00e1nnak. A nagy teljes\u00edtm\u00e9ny\u0171 sz\u00e1m\u00edt\u00f3g\u00e9pet \u00fagy tervezik, hogy az a munkaasztalon \u00e9s ne az alatt kapjon helyet.<\/p>\n<p>Phil Schiller, egy Apple\u00a0\u00fagy nyilatkozott, hogy nagyot szeretn\u00e9nek alkotni \u00e9s ehhez minimum egy \u00e9vnyi kem\u00e9ny munk\u00e1ra van sz\u00fcks\u00e9g.<\/p>\n<p>Ahogy v\u00e1rhat\u00f3 volt, a gy\u00e1rt\u00f3 egyetlen apr\u00f3 r\u00e9szletet sem ismertetett a titokzatos asztali g\u00e9ppel kapcsolatban, de John Gruber, a sajt\u00f3t\u00e1j\u00e9koztat\u00f3 egyik r\u00e9sztvev\u0151je megeml\u00edtette, hogy olyan modulr\u00f3l van sz\u00f3, melyet a felhaszn\u00e1l\u00f3ja ig\u00e9nye szerint b\u0151v\u00edthetne \u00e9s egy kifejezetten ehhez a g\u00e9phez k\u00e9sz\u00fclt k\u00e9perny\u0151vel \u00e9rkezhet az otthonokba \u00e9s irod\u00e1kba.<\/p>\n<p>Az Apple teljesen h\u00e1tat fog vajon ford\u00edtani a jelenlegi Mac Pro diz\u00e1jnnak? A sajt\u00f3t\u00e1j\u00e9koztat\u00f3n elhangzottak alapj\u00e1n \u00fagy t\u0171nik, hogy a gy\u00e1rt\u00f3 \u201enyom egy resetet\u201d \u00e9s az \u00faj g\u00e9pe \u00fajult er\u0151vel fog bet\u00f6rni a piacra.<\/p>\n<p>Ha sz\u00e1m\u00edt\u00f3g\u00e9p v\u00e1s\u00e1rl\u00e1s el\u0151tt \u00e1llsz, mindenk\u00e9pp alaposan vizsg\u00e1lj meg t\u00f6bb szempontot is! Az els\u0151 \u00e9s legfontosabb az, hogy mire is fogod haszn\u00e1lni a g\u00e9ped. Term\u00e9szetesen m\u00e1sra van sz\u00fcks\u00e9ged, ha tanulsz rajta, ha dolgozol, ha j\u00e1tszol, esetleg filmezel.<\/p>\n<p>N\u00e9zz k\u00f6r\u00fcl k\u00edn\u00e1latunkban \u00e9s tal\u00e1ld meg a sz\u00e1modra ide\u00e1lis laptopot! Ha seg\u00edts\u00e9gre, tan\u00e1csra van sz\u00fcks\u00e9ged, fordulj hozz\u00e1nk bizalommal! K\u00e9szs\u00e9ggel \u00e1llunk rendelkez\u00e9sedre.<\/p>\n","protected":false},"excerpt":{"rendered":"<p>T\u00e9vedtek a v\u00e9szmadarak, akik azt hangoztatt\u00e1k, hogy az Apple nem fektet energi\u00e1t a sz\u00e1m\u00edt\u00f3g\u00e9pek gy\u00e1rt\u00e1s\u00e1ba, hanem ehelyett teljes er\u0151bedob\u00e1ssal a mobil eszk\u00f6z\u00f6kre koncentr\u00e1l. A v\u00e1llalat m\u00e1ris \u00faj sz\u00e1m\u00edt\u00f3g\u00e9pen dolgozik, melyet 2018-ban k\u00e9sz\u00fcl piacra dobni.\u00a0 A cupertin\u00f3i c\u00e9g sz\u0171k k\u00f6r\u0171 sajt\u00f3t\u00e1j\u00e9koztat\u00f3t tartott sz\u00e9khely\u00e9n a Pro asztali g\u00e9pekr\u0151l. A vita k\u00f6z\u00e9ppontj\u00e1ban az ellentmond\u00e1sos \u00e9s innovat\u00edv Mac Pro &hellip;<\/p>\n","protected":false},"author":1,"featured_media":1828,"comment_status":"closed","ping_status":"open","sticky":false,"template":"","format":"standard","meta":{"_jetpack_memberships_contains_paid_content":false,"footnotes":""},"categories":[42],"tags":[44],"class_list":["post-1827","post","type-post","status-publish","format-standard","has-post-thumbnail","","category-cikkek","tag-notebook-laptop"],"jetpack_featured_media_url":"https:\/\/www.notebook.hu\/blog\/wp-content\/uploads\/2017\/05\/notebook.hu_kep142.jpg","jetpack_shortlink":"https:\/\/wp.me\/p9xSLL-tt","jetpack_sharing_enabled":true,"_links":{"self":[{"href":"https:\/\/www.notebook.hu\/blog\/wp-json\/wp\/v2\/posts\/1827","targetHints":{"allow":["GET"]}}],"collection":[{"href":"https:\/\/www.notebook.hu\/blog\/wp-json\/wp\/v2\/posts"}],"about":[{"href":"https:\/\/www.notebook.hu\/blog\/wp-json\/wp\/v2\/types\/post"}],"author":[{"embeddable":true,"href":"https:\/\/www.notebook.hu\/blog\/wp-json\/wp\/v2\/users\/1"}],"replies":[{"embeddable":true,"href":"https:\/\/www.notebook.hu\/blog\/wp-json\/wp\/v2\/comments?post=1827"}],"version-history":[{"count":1,"href":"https:\/\/www.notebook.hu\/blog\/wp-json\/wp\/v2\/posts\/1827\/revisions"}],"predecessor-version":[{"id":1829,"href":"https:\/\/www.notebook.hu\/blog\/wp-json\/wp\/v2\/posts\/1827\/revisions\/1829"}],"wp:featuredmedia":[{"embeddable":true,"href":"https:\/\/www.notebook.hu\/blog\/wp-json\/wp\/v2\/media\/1828"}],"wp:attachment":[{"href":"https:\/\/www.notebook.hu\/blog\/wp-json\/wp\/v2\/media?parent=1827"}],"wp:term":[{"taxonomy":"category","embeddable":true,"href":"https:\/\/www.notebook.hu\/blog\/wp-json\/wp\/v2\/categories?post=1827"},{"taxonomy":"post_tag","embeddable":true,"href":"https:\/\/www.notebook.hu\/blog\/wp-json\/wp\/v2\/tags?post=1827"}],"curies":[{"name":"wp","href":"https:\/\/api.w.org\/{rel}","templated":true}]}}