{"id":1798,"date":"2017-04-21T09:30:17","date_gmt":"2017-04-21T07:30:17","guid":{"rendered":"http:\/\/www.notebook.hu\/blog\/?p=1798"},"modified":"2017-04-10T15:32:40","modified_gmt":"2017-04-10T13:32:40","slug":"igy-toltsd-a-telefonodat-mitoszok-es-tevhitek","status":"publish","type":"post","link":"https:\/\/www.notebook.hu\/blog\/igy-toltsd-a-telefonodat-mitoszok-es-tevhitek\/","title":{"rendered":"\u00cdgy t\u00f6ltsd a telefonodat &#8211; M\u00edtoszok \u00e9s t\u00e9vhitek"},"content":{"rendered":"<p><strong>\u201eM\u00e9g nem csatlakoztatom a telefonomat, el\u00e9g j\u00f3l \u00e1ll az akkuszintem.\u201d Enn\u00e9l a gyakran\u00a0hallott mondatn\u00e1l tal\u00e1n csak a k\u00f6vetkez\u0151 n\u00e9pszer\u0171bb: \u201eNe\u00a0hagyd\u00a0a telefonodat\u00a0a t\u00f6lt\u0151n eg\u00e9sz \u00e9jszak\u00e1ra!\u201d. De val\u00f3ban \u00e9rdemes hallgatnunk arra, aki ezt tan\u00e1csolja?<\/strong><\/p>\n<p>Eml\u00e9kszel m\u00e9g az id\u0151kre, amikor le kellett mer\u00edtened a k\u00e9sz\u00fcl\u00e9kedet, miel\u0151tt a t\u00f6lt\u0151re csatlakoztattad? Sokan nagyon is eml\u00e9keznek, s\u0151t, okostelefonjukkal is \u00edgy tesznek. De figyelem! Ez egy\u00e1ltal\u00e1n nem tesz j\u00f3t a modern k\u00e9sz\u00fcl\u00e9keknek.<\/p>\n<p>De akkor mi tehet\u00fcnk, hogy min\u00e9l hosszabb ideig haszn\u00e1lhassuk az aksit?<\/p>\n<p><strong>Sose hagyd, hogy az akkumul\u00e1tor teljesen lemer\u00fclj\u00f6n!<\/strong><\/p>\n<p>A tan\u00e1csot a Samsung oldal\u00e1n is olvashatod. M\u00edg a r\u00e9gi telefonokat teljesen le kellett mer\u00edtened, addig az \u00fajakn\u00e1l aj\u00e1nlott megtartani egy bizonyos t\u00f6lt\u00f6tts\u00e9gi szintet. A koreai gy\u00e1rt\u00f3 felh\u00edvja a figyelmet arra, hogy sose hagyd, hogy a t\u00f6lt\u00f6tts\u00e9gi szint 20% al\u00e1 mer\u00fclj\u00f6n.<\/p>\n<p><strong>Nyugodtan hagyd\u00a0a telefonodat a t\u00f6lt\u0151n \u00e9jszak\u00e1ra!<\/strong><\/p>\n<p>A mai telefonok olyan biztons\u00e1gi rendszerrel sz\u00e1molnak, mely megakad\u00e1lyozza, hogy a k\u00e9sz\u00fcl\u00e9k t\u00falmelegedjen.<\/p>\n<p><strong>Friss\u00edtsd az oper\u00e1ci\u00f3s rendszered!<\/strong><\/p>\n<p>A j\u00f3 tan\u00e1csot az Apple osztotta meg felhaszn\u00e1l\u00f3ival. Ahhoz, hogy a telefonodat min\u00e9l tov\u00e1bb haszn\u00e1lhasd, felt\u00e9tlen\u00fcl mindig a leg\u00fajabb oper\u00e1ci\u00f3s rendszerre kell friss\u00edtened. Hogy mi\u00e9rt? Mert a gy\u00e1rt\u00f3k folyamatosan jav\u00edtj\u00e1k az energiatakar\u00e9kos \u00fczemm\u00f3dot is.<\/p>\n<p><strong>Mindig az eredeti t\u00f6lt\u0151t haszn\u00e1ld!<\/strong><\/p>\n<p>Fontos, hogy mindig a m\u00e1rk\u00e1nak megfelel\u0151 t\u00f6lt\u0151t haszn\u00e1ld, a Samsung pedig k\u00fcl\u00f6n kiemeli, hogy lehet\u0151leg azt, amelyik a k\u00e9sz\u00fcl\u00e9khez j\u00e1rt. \u00c9s nem csup\u00e1n az\u00e9rt, mert \u00edgy hosszabb ideig haszn\u00e1lhatod a telefonodat, hanem a biztons\u00e1g \u00e9rdek\u00e9ben is. A m\u00falt \u00e9vben az Apple arra figyelmeztetett, hogy az Amazonon megv\u00e1s\u00e1rolhat\u00f3, nem eredeti iPhone t\u00f6lt\u0151k vesz\u00e9lyesek lehetnek.<\/p>\n<p><strong>Vigy\u00e1zat a meleggel!<\/strong><\/p>\n<p>A t\u00fal nagy hideg \u00e9s a t\u00fal nagy h\u0151s\u00e9g a leggyakoribb oka annak, hogy a mai akkumul\u00e1torok id\u0151 el\u0151tt romlanak el. Az Apple felh\u00edvja a figyelmet arra, hogy a telefonnak 16-22 fokosnak kell lennie. Ha a h\u0151m\u00e9rs\u00e9klete 35 fok f\u00f6l\u00e9 emelkedik, akkor szinte garant\u00e1ltan b\u00facs\u00fat mondhatunk az aksinak.<\/p>\n<p><strong>Ha lehet, vedd ki a telefonodat a tokj\u00e1b\u00f3l, amikor t\u00f6lt\u00f6d!<\/strong><\/p>\n<p>B\u00e1r a tokok modellre szabottak \u00e9s \u00fagy tervezt\u00e9k \u0151ket, hogy a k\u00e9sz\u00fcl\u00e9keknek j\u00f3t, \u00e9s ne rosszat tegyenek, mindenk\u00e9pp an\u00e9lk\u00fcl t\u00f6ltsd a telefonodat. Pl\u00e1ne akkor, ha olcs\u00f3bb tokot v\u00e1lasztott\u00e1l \u00e9s nem a hivatalos modellt.<\/p>\n","protected":false},"excerpt":{"rendered":"<p>\u201eM\u00e9g nem csatlakoztatom a telefonomat, el\u00e9g j\u00f3l \u00e1ll az akkuszintem.\u201d Enn\u00e9l a gyakran\u00a0hallott mondatn\u00e1l tal\u00e1n csak a k\u00f6vetkez\u0151 n\u00e9pszer\u0171bb: \u201eNe\u00a0hagyd\u00a0a telefonodat\u00a0a t\u00f6lt\u0151n eg\u00e9sz \u00e9jszak\u00e1ra!\u201d. De val\u00f3ban \u00e9rdemes hallgatnunk arra, aki ezt tan\u00e1csolja? Eml\u00e9kszel m\u00e9g az id\u0151kre, amikor le kellett mer\u00edtened a k\u00e9sz\u00fcl\u00e9kedet, miel\u0151tt a t\u00f6lt\u0151re csatlakoztattad? Sokan nagyon is eml\u00e9keznek, s\u0151t, okostelefonjukkal is \u00edgy tesznek. &hellip;<\/p>\n","protected":false},"author":1,"featured_media":1799,"comment_status":"closed","ping_status":"open","sticky":false,"template":"","format":"standard","meta":{"_jetpack_memberships_contains_paid_content":false,"footnotes":""},"categories":[42],"tags":[47],"class_list":["post-1798","post","type-post","status-publish","format-standard","has-post-thumbnail","","category-cikkek","tag-okostelefon-mobiltelefon"],"jetpack_featured_media_url":"https:\/\/www.notebook.hu\/blog\/wp-content\/uploads\/2017\/04\/12_2.jpg","jetpack_shortlink":"https:\/\/wp.me\/p9xSLL-t0","jetpack_sharing_enabled":true,"_links":{"self":[{"href":"https:\/\/www.notebook.hu\/blog\/wp-json\/wp\/v2\/posts\/1798","targetHints":{"allow":["GET"]}}],"collection":[{"href":"https:\/\/www.notebook.hu\/blog\/wp-json\/wp\/v2\/posts"}],"about":[{"href":"https:\/\/www.notebook.hu\/blog\/wp-json\/wp\/v2\/types\/post"}],"author":[{"embeddable":true,"href":"https:\/\/www.notebook.hu\/blog\/wp-json\/wp\/v2\/users\/1"}],"replies":[{"embeddable":true,"href":"https:\/\/www.notebook.hu\/blog\/wp-json\/wp\/v2\/comments?post=1798"}],"version-history":[{"count":1,"href":"https:\/\/www.notebook.hu\/blog\/wp-json\/wp\/v2\/posts\/1798\/revisions"}],"predecessor-version":[{"id":1800,"href":"https:\/\/www.notebook.hu\/blog\/wp-json\/wp\/v2\/posts\/1798\/revisions\/1800"}],"wp:featuredmedia":[{"embeddable":true,"href":"https:\/\/www.notebook.hu\/blog\/wp-json\/wp\/v2\/media\/1799"}],"wp:attachment":[{"href":"https:\/\/www.notebook.hu\/blog\/wp-json\/wp\/v2\/media?parent=1798"}],"wp:term":[{"taxonomy":"category","embeddable":true,"href":"https:\/\/www.notebook.hu\/blog\/wp-json\/wp\/v2\/categories?post=1798"},{"taxonomy":"post_tag","embeddable":true,"href":"https:\/\/www.notebook.hu\/blog\/wp-json\/wp\/v2\/tags?post=1798"}],"curies":[{"name":"wp","href":"https:\/\/api.w.org\/{rel}","templated":true}]}}