{"id":1794,"date":"2017-04-18T09:00:35","date_gmt":"2017-04-18T07:00:35","guid":{"rendered":"http:\/\/www.notebook.hu\/blog\/?p=1794"},"modified":"2017-04-10T15:30:02","modified_gmt":"2017-04-10T13:30:02","slug":"a-gyermekek-is-szivesebben-olvasnak-papiralapu-konyveket-egy-friss-kutatas-meglepo-eredmenye","status":"publish","type":"post","link":"https:\/\/www.notebook.hu\/blog\/a-gyermekek-is-szivesebben-olvasnak-papiralapu-konyveket-egy-friss-kutatas-meglepo-eredmenye\/","title":{"rendered":"A gyermekek is sz\u00edvesebben olvasnak pap\u00edralap\u00fa k\u00f6nyveket &#8211; Egy friss kutat\u00e1s meglep\u0151 eredm\u00e9nye  \u00a0"},"content":{"rendered":"<p><strong>A technol\u00f3gia fejl\u0151d\u00e9s\u00e9vel egyre ink\u00e1bb elterjed a felvet\u00e9s, miszerint a gyermekek m\u00e1r sz\u00edvesebben olvasnak digit\u00e1lis eszk\u00f6z\u00f6k seg\u00edts\u00e9g\u00e9vel. Egy friss tanulm\u00e1ny ennek \u00e9ppen az ellenkez\u0151j\u00e9t bizony\u00edtja, azaz azt, hogy a gyermekek sz\u00edvesebben lapozgatnak pap\u00edralap\u00fa k\u00f6nyveket, mint merednek egy Kindl, esetleg egy iPad kijelz\u0151j\u00e9re.<\/strong><\/p>\n<p>Az eml\u00edtett felm\u00e9r\u00e9st 4 \u00e9s 6 \u00e9v k\u00f6z\u00f6tti, olvasni tud\u00f3, olyan gyermekekkel v\u00e9gezt\u00e9k el, akik napi kapcsolatban \u00e1llnak az elektronikus k\u00e9sz\u00fcl\u00e9kekkel.<br \/>\nAz eredm\u00e9nyek azt mutatj\u00e1k, hogy a kicsik nem sz\u00edvesen olvasnak ezeken a k\u00fcty\u00fck\u00f6n. M\u00e9g azok sem, akik egy\u00e9bk\u00e9nt napi szinten forgatnak k\u00f6nyveket.<br \/>\nA felm\u00e9r\u00e9s azt is kimutatta, hogy min\u00e9l t\u00f6bb k\u00e9sz\u00fcl\u00e9k van egy gyermek k\u00f6rnyezet\u00e9ben, ann\u00e1l kevesebbet olvas.<\/p>\n<p>Kor\u00e1bban m\u00e1r serd\u00fcl\u0151kkel is v\u00e9geztek hasonl\u00f3 kutat\u00e1sokat, melyekb\u0151l kider\u00fclt, hogy m\u00edg egyesek kifejezetten sz\u00edvesen olvastak tabletj\u00fck\u00f6n, a legt\u00f6bb fiatal ink\u00e1bb a k\u00f6nyveket r\u00e9szes\u00edtette el\u0151nyben. Szint\u00e9n fontos kiemelni, hogy az igazi k\u00f6nyvfal\u00f3k egy\u00e1ltal\u00e1n nem haszn\u00e1lnak semmif\u00e9le elektronikai k\u00fcty\u00fct olvas\u00e1sra.<\/p>\n<p>Akkor mi\u00e9rt gondoljuk, hogy a gyermekek sz\u00edvesebben olvasnak ezeken a k\u00fcty\u00fck\u00f6n?<br \/>\nMarc Prensky, egy oktat\u00e1ssal foglalkoz\u00f3 szakember 2001-ben publik\u00e1lt elm\u00e9lete szerint a gyermekek k\u00f6nnyed\u00e9n kezelik a XXI. sz\u00e1zadi technol\u00f3gia v\u00edvm\u00e1nyait, hiszen belesz\u00fclettek a korba, \u00e9s ezzel egy\u00fctt mindig a digit\u00e1lis eszk\u00f6z\u00f6ket r\u00e9szes\u00edtik el\u0151nyben.<\/p>\n<p>\u00c9rdekes, hogy egy n\u00e9pszer\u0171 t\u00e9vhit mennyi k\u00e1rt k\u00e9pes okozni \u00e9s igazs\u00e1g szerint egyes orsz\u00e1gokban m\u00e1r okozott is.<\/p>\n<p>A t\u00e9ves k\u00f6vetkeztet\u00e9s miatt ugyanis Ausztr\u00e1li\u00e1ban \u00e9s az Egyes\u00fclt \u00c1llamokban egyes k\u00f6nyvt\u00e1rakat digitaliz\u00e1ltak.<\/p>\n<p>Vajon t\u00e9nyleg megv\u00e1ltozik valaha a vil\u00e1g, vagy mindig is a pap\u00edralap\u00fa k\u00f6nyveket fogjuk v\u00e1lasztani?<\/p>\n","protected":false},"excerpt":{"rendered":"<p>A technol\u00f3gia fejl\u0151d\u00e9s\u00e9vel egyre ink\u00e1bb elterjed a felvet\u00e9s, miszerint a gyermekek m\u00e1r sz\u00edvesebben olvasnak digit\u00e1lis eszk\u00f6z\u00f6k seg\u00edts\u00e9g\u00e9vel. Egy friss tanulm\u00e1ny ennek \u00e9ppen az ellenkez\u0151j\u00e9t bizony\u00edtja, azaz azt, hogy a gyermekek sz\u00edvesebben lapozgatnak pap\u00edralap\u00fa k\u00f6nyveket, mint merednek egy Kindl, esetleg egy iPad kijelz\u0151j\u00e9re. Az eml\u00edtett felm\u00e9r\u00e9st 4 \u00e9s 6 \u00e9v k\u00f6z\u00f6tti, olvasni tud\u00f3, olyan gyermekekkel v\u00e9gezt\u00e9k &hellip;<\/p>\n","protected":false},"author":1,"featured_media":1795,"comment_status":"closed","ping_status":"open","sticky":false,"template":"","format":"standard","meta":{"_jetpack_memberships_contains_paid_content":false,"footnotes":""},"categories":[42],"tags":[61,44,47,46],"class_list":["post-1794","post","type-post","status-publish","format-standard","has-post-thumbnail","","category-cikkek","tag-2in1","tag-notebook-laptop","tag-okostelefon-mobiltelefon","tag-tablet"],"jetpack_featured_media_url":"https:\/\/www.notebook.hu\/blog\/wp-content\/uploads\/2017\/04\/12_1.jpg","jetpack_shortlink":"https:\/\/wp.me\/p9xSLL-sW","jetpack_sharing_enabled":true,"_links":{"self":[{"href":"https:\/\/www.notebook.hu\/blog\/wp-json\/wp\/v2\/posts\/1794","targetHints":{"allow":["GET"]}}],"collection":[{"href":"https:\/\/www.notebook.hu\/blog\/wp-json\/wp\/v2\/posts"}],"about":[{"href":"https:\/\/www.notebook.hu\/blog\/wp-json\/wp\/v2\/types\/post"}],"author":[{"embeddable":true,"href":"https:\/\/www.notebook.hu\/blog\/wp-json\/wp\/v2\/users\/1"}],"replies":[{"embeddable":true,"href":"https:\/\/www.notebook.hu\/blog\/wp-json\/wp\/v2\/comments?post=1794"}],"version-history":[{"count":2,"href":"https:\/\/www.notebook.hu\/blog\/wp-json\/wp\/v2\/posts\/1794\/revisions"}],"predecessor-version":[{"id":1797,"href":"https:\/\/www.notebook.hu\/blog\/wp-json\/wp\/v2\/posts\/1794\/revisions\/1797"}],"wp:featuredmedia":[{"embeddable":true,"href":"https:\/\/www.notebook.hu\/blog\/wp-json\/wp\/v2\/media\/1795"}],"wp:attachment":[{"href":"https:\/\/www.notebook.hu\/blog\/wp-json\/wp\/v2\/media?parent=1794"}],"wp:term":[{"taxonomy":"category","embeddable":true,"href":"https:\/\/www.notebook.hu\/blog\/wp-json\/wp\/v2\/categories?post=1794"},{"taxonomy":"post_tag","embeddable":true,"href":"https:\/\/www.notebook.hu\/blog\/wp-json\/wp\/v2\/tags?post=1794"}],"curies":[{"name":"wp","href":"https:\/\/api.w.org\/{rel}","templated":true}]}}