{"id":1779,"date":"2017-04-05T09:40:57","date_gmt":"2017-04-05T07:40:57","guid":{"rendered":"http:\/\/www.notebook.hu\/blog\/?p=1779"},"modified":"2017-04-03T10:48:46","modified_gmt":"2017-04-03T08:48:46","slug":"samsung-galaxy-s8-aprilis-21-en-dobjak-piacra","status":"publish","type":"post","link":"https:\/\/www.notebook.hu\/blog\/samsung-galaxy-s8-aprilis-21-en-dobjak-piacra\/","title":{"rendered":"Samsung Galaxy S8 &#8211; \u00c1prilis 21-\u00e9n dobj\u00e1k piacra?"},"content":{"rendered":"<p><strong>A technol\u00f3gia vil\u00e1g\u00e1ban folyamatosan tal\u00e1lkozunk pletyk\u00e1kkal, h\u00edresztel\u00e9sekkel. Vajon milyen lesz az \u00faj Samsung okostelefon, a Galaxy S8? Vajon\u00a0a gy\u00e1rt\u00f3 mi\u00e9rt nem haszn\u00e1lta ki a lehet\u0151s\u00e9get, hogy \u00faj k\u00e9sz\u00fcl\u00e9k\u00e9t a 2017-es Mobile World Congressen mutassa be?<\/strong><\/p>\n<p>Az idei MWC olyan \u00fajdons\u00e1gokkal lepte meg a technol\u00f3gia szerelmeseit, mint az LG G6, a Huawei P10 k\u00e9sz\u00fcl\u00e9kek, de olyan r\u00e9gi, m\u00e9gis \u00faj telefon is akadt a Barcelon\u00e1ban rendezett kongresszuson, mint a Nokia 3310.<\/p>\n<p>A Samsung nem \u00faj k\u00e9sz\u00fcl\u00e9kkel, hanem csup\u00e1n egy d\u00e1tummal rukkolt el\u0151, m\u00e9ghozz\u00e1 a Samsung Galaxy S8 bemutat\u00e1s\u00e1nak d\u00e1tum\u00e1val, azonban amit a nagy\u00e9rdem\u0171 igaz\u00e1n v\u00e1r, az a piacra dob\u00e1s\u00e1nak id\u0151pontja, mely \u00fagy t\u0171nik, \u00e1prilis v\u00e9g\u00e9re tehet\u0151.<\/p>\n<p><strong>A Samsung Galaxy S8 \u00e1prilis 21-\u00e9n \u00e9rkezik?<\/strong><\/p>\n<p>Az ut\u00f3bbi h\u00f3napokban sok, az S8-at \u00f6vez\u0151 h\u00edresztel\u00e9st lehetett hallani. Nem is olyan r\u00e9g megtudhattuk, milyen lesz az \u00faj telefon k\u00fclseje. A gomb n\u00e9lk\u00fcli k\u00fcty\u00fc lekerek\u00edtett sarkakkal sz\u00e1mol majd. Ami a bels\u0151 tulajdons\u00e1gait illeti, m\u00e9g semmit nem tudhatunk biztosan, a r\u00e9szleteket a m\u00e1rka a\u00a0m\u00e1rciusi bemutat\u00f3n teszi nyilv\u00e1noss\u00e1.<\/p>\n<p>A legut\u00f3bbi h\u00edrek nem is az akkumul\u00e1tort, a bels\u0151 t\u00e1rhelyet, vagy a processzort, hanem ink\u00e1bb a k\u00e9sz\u00fcl\u00e9k piacra dob\u00e1s\u00e1nak pontos d\u00e1tum\u00e1t helyezik a k\u00f6z\u00e9ppontba. A legfrissebb h\u00edrek szerint erre \u00e1prilis 21-\u00e9n ker\u00fcl sor.<\/p>\n<p><strong>Nagy a felel\u0151ss\u00e9g<\/strong><\/p>\n<p>Bizony\u00e1ra mindenki eml\u00e9kszik, mekkora port kavart a Samsung Note 7 k\u00e9sz\u00fcl\u00e9kek akkumul\u00e1tor probl\u00e9m\u00e1ja. A koreai gy\u00e1rt\u00f3 5,3 milli\u00e1rd doll\u00e1ros vesztes\u00e9ggel sz\u00e1mol a \u201ekis\u201d hiba miatt.<\/p>\n<p>Mivel nem engedheti meg mag\u00e1nak, hogy a m\u00falt megism\u00e9telje mag\u00e1t, az \u00faj k\u00e9sz\u00fcl\u00e9k piacra dob\u00e1sa el\u0151tt annak minden r\u00e9szlet\u00e9t \u00fajra \u00e9s \u00fajra leellen\u0151rzi. A gy\u00e1rt\u00f3 r\u00e1ad\u00e1sul \u00faj modellj\u00e9t f\u00e9l \u00e1ron aj\u00e1nlja az egykori Note 7 tulajdonosoknak.<\/p>\n","protected":false},"excerpt":{"rendered":"<p>A technol\u00f3gia vil\u00e1g\u00e1ban folyamatosan tal\u00e1lkozunk pletyk\u00e1kkal, h\u00edresztel\u00e9sekkel. Vajon milyen lesz az \u00faj Samsung okostelefon, a Galaxy S8? Vajon\u00a0a gy\u00e1rt\u00f3 mi\u00e9rt nem haszn\u00e1lta ki a lehet\u0151s\u00e9get, hogy \u00faj k\u00e9sz\u00fcl\u00e9k\u00e9t a 2017-es Mobile World Congressen mutassa be? Az idei MWC olyan \u00fajdons\u00e1gokkal lepte meg a technol\u00f3gia szerelmeseit, mint az LG G6, a Huawei P10 k\u00e9sz\u00fcl\u00e9kek, de olyan &hellip;<\/p>\n","protected":false},"author":1,"featured_media":1780,"comment_status":"closed","ping_status":"open","sticky":false,"template":"","format":"standard","meta":{"_jetpack_memberships_contains_paid_content":false,"footnotes":""},"categories":[42],"tags":[47],"class_list":["post-1779","post","type-post","status-publish","format-standard","has-post-thumbnail","","category-cikkek","tag-okostelefon-mobiltelefon"],"jetpack_featured_media_url":"https:\/\/www.notebook.hu\/blog\/wp-content\/uploads\/2017\/04\/10_2.jpg","jetpack_shortlink":"https:\/\/wp.me\/p9xSLL-sH","jetpack_sharing_enabled":true,"_links":{"self":[{"href":"https:\/\/www.notebook.hu\/blog\/wp-json\/wp\/v2\/posts\/1779","targetHints":{"allow":["GET"]}}],"collection":[{"href":"https:\/\/www.notebook.hu\/blog\/wp-json\/wp\/v2\/posts"}],"about":[{"href":"https:\/\/www.notebook.hu\/blog\/wp-json\/wp\/v2\/types\/post"}],"author":[{"embeddable":true,"href":"https:\/\/www.notebook.hu\/blog\/wp-json\/wp\/v2\/users\/1"}],"replies":[{"embeddable":true,"href":"https:\/\/www.notebook.hu\/blog\/wp-json\/wp\/v2\/comments?post=1779"}],"version-history":[{"count":1,"href":"https:\/\/www.notebook.hu\/blog\/wp-json\/wp\/v2\/posts\/1779\/revisions"}],"predecessor-version":[{"id":1781,"href":"https:\/\/www.notebook.hu\/blog\/wp-json\/wp\/v2\/posts\/1779\/revisions\/1781"}],"wp:featuredmedia":[{"embeddable":true,"href":"https:\/\/www.notebook.hu\/blog\/wp-json\/wp\/v2\/media\/1780"}],"wp:attachment":[{"href":"https:\/\/www.notebook.hu\/blog\/wp-json\/wp\/v2\/media?parent=1779"}],"wp:term":[{"taxonomy":"category","embeddable":true,"href":"https:\/\/www.notebook.hu\/blog\/wp-json\/wp\/v2\/categories?post=1779"},{"taxonomy":"post_tag","embeddable":true,"href":"https:\/\/www.notebook.hu\/blog\/wp-json\/wp\/v2\/tags?post=1779"}],"curies":[{"name":"wp","href":"https:\/\/api.w.org\/{rel}","templated":true}]}}