{"id":1745,"date":"2017-03-24T10:00:23","date_gmt":"2017-03-24T09:00:23","guid":{"rendered":"http:\/\/www.notebook.hu\/blog\/?p=1745"},"modified":"2017-03-22T17:02:36","modified_gmt":"2017-03-22T16:02:36","slug":"kulso-akkumulator-a-laptopokhoz-a-razernek-jo-otlete-tamadt","status":"publish","type":"post","link":"https:\/\/www.notebook.hu\/blog\/kulso-akkumulator-a-laptopokhoz-a-razernek-jo-otlete-tamadt\/","title":{"rendered":"K\u00fcls\u0151 akkumul\u00e1tor a laptopokhoz? &#8211; A Razernek j\u00f3 \u00f6tlete t\u00e1madt"},"content":{"rendered":"<p><strong>A k\u00fcls\u0151 akkumul\u00e1torok nem is jelentek meg olyan r\u00e9gen, ma viszont m\u00e9gis azt mondhatjuk, hogy az okostelefonok elengedhetetlen tartoz\u00e9kaiv\u00e1 v\u00e1ltak. Tal\u00e1lsz mindenf\u00e9le m\u00e9retben, sz\u00ednben, form\u00e1ban, de \u00e9rdekes, hogy eddig nem sokat hallottunk olyan k\u00fcls\u0151 aksikr\u00f3l, melyek kifejezetten a laptopokhoz k\u00e9sz\u00fcltek volna.<\/strong><\/p>\n<p>Ugye veled is megesett m\u00e1r, hogy pont a legkellemetlenebb pillanatban mer\u00fclt le a telefonod? Ekkor egyszer\u0171 a dolgod (persze csak akkor, ha van k\u00fcls\u0151 akkumul\u00e1torod a mobilodhoz). De mi van, ha valamilyen s\u00fcrg\u0151s dokumentumon dolgozol, mondjuk a vonaton, \u00e9s a g\u00e9ped aksija egyszer csak azt mondja, elf\u00e1radt?<\/p>\n<p>A Razer, k\u00fcl\u00f6nf\u00e9le tartoz\u00e9kokat gy\u00e1rt\u00f3 c\u00e9g, alkotott egy \u00faj term\u00e9ket. Olyan laptophoz k\u00e9sz\u00fclt k\u00fcls\u0151 akkumul\u00e1torr\u00f3l van sz\u00f3, melyet sz\u00e1mos \u00e9rdekes funkci\u00f3val l\u00e1ttak el a tervez\u0151k.<\/p>\n<p><strong>Razer Power Bank: USB-C \u00e9s Quick Charge 3.0<\/strong><\/p>\n<p>A term\u00e9k f\u0151k\u00e9nt a Blade Stealth g\u00e9pekhez k\u00e9sz\u00fclt, de a j\u00f3 h\u00edr az, hogy a k\u00fcls\u0151 akkumul\u00e1tor egy\u00e9b USB-C-vel ell\u00e1tott laptopokkal is kompatibilis. Ez azt jelenti, hogy ak\u00e1r MacBookod t\u00f6lt\u00e9s\u00e9re is haszn\u00e1lhatod.<\/p>\n<p>A t\u00f6lt\u0151 fekete alum\u00edniumb\u00f3l k\u00e9sz\u00fclt \u00e9s k\u00f6veti a Razer kieg\u00e9sz\u00edt\u0151k st\u00edlus\u00e1t, \u00e1m ebben az esetben nem l\u00e1tunk f\u00e9nyes log\u00f3kat, sem extravag\u00e1ns sz\u00edneket. Ami a m\u00e9reteit illeti, 126 x 78 x 34 milis dimenzi\u00f3j\u00e1val kicsinek nem mondhat\u00f3, \u00e9s \u00f6sszesen 336 grammot nyom.<\/p>\n<p>Mivel a t\u00f6lt\u0151 k\u00e9t USB-A porttal sz\u00e1mol, nem csup\u00e1n g\u00e9p\u00fcnket, hanem egy\u00e9b eszk\u00f6zeinket is t\u00f6lthetj\u00fck vele.<\/p>\n<p>A tartoz\u00e9k teljes kapacit\u00e1sa el\u00e9ri a 12800 mAh-t \u00e9s ahogy a Razer eml\u00edti, a Qualcomm Quick Charge 3.0-j\u00e1val is kompatibilis. Ez seg\u00edt beazonos\u00edtani a t\u00f6lteni k\u00edv\u00e1nt k\u00e9sz\u00fcl\u00e9k t\u00edpus\u00e1t \u00e9s aszerint optimaliz\u00e1lja a t\u00f6lt\u00e9st. A Razer Power Bankot m\u00e1rciusban 150 doll\u00e1r\u00e9rt lehet majd kapni.<\/p>\n","protected":false},"excerpt":{"rendered":"<p>A k\u00fcls\u0151 akkumul\u00e1torok nem is jelentek meg olyan r\u00e9gen, ma viszont m\u00e9gis azt mondhatjuk, hogy az okostelefonok elengedhetetlen tartoz\u00e9kaiv\u00e1 v\u00e1ltak. Tal\u00e1lsz mindenf\u00e9le m\u00e9retben, sz\u00ednben, form\u00e1ban, de \u00e9rdekes, hogy eddig nem sokat hallottunk olyan k\u00fcls\u0151 aksikr\u00f3l, melyek kifejezetten a laptopokhoz k\u00e9sz\u00fcltek volna. Ugye veled is megesett m\u00e1r, hogy pont a legkellemetlenebb pillanatban mer\u00fclt le a telefonod? &hellip;<\/p>\n","protected":false},"author":1,"featured_media":1746,"comment_status":"closed","ping_status":"open","sticky":false,"template":"","format":"standard","meta":{"_jetpack_memberships_contains_paid_content":false,"footnotes":""},"categories":[42],"tags":[44],"class_list":["post-1745","post","type-post","status-publish","format-standard","has-post-thumbnail","","category-cikkek","tag-notebook-laptop"],"jetpack_featured_media_url":"https:\/\/www.notebook.hu\/blog\/wp-content\/uploads\/2017\/03\/08_2.jpg","jetpack_shortlink":"https:\/\/wp.me\/p9xSLL-s9","jetpack_sharing_enabled":true,"_links":{"self":[{"href":"https:\/\/www.notebook.hu\/blog\/wp-json\/wp\/v2\/posts\/1745","targetHints":{"allow":["GET"]}}],"collection":[{"href":"https:\/\/www.notebook.hu\/blog\/wp-json\/wp\/v2\/posts"}],"about":[{"href":"https:\/\/www.notebook.hu\/blog\/wp-json\/wp\/v2\/types\/post"}],"author":[{"embeddable":true,"href":"https:\/\/www.notebook.hu\/blog\/wp-json\/wp\/v2\/users\/1"}],"replies":[{"embeddable":true,"href":"https:\/\/www.notebook.hu\/blog\/wp-json\/wp\/v2\/comments?post=1745"}],"version-history":[{"count":1,"href":"https:\/\/www.notebook.hu\/blog\/wp-json\/wp\/v2\/posts\/1745\/revisions"}],"predecessor-version":[{"id":1747,"href":"https:\/\/www.notebook.hu\/blog\/wp-json\/wp\/v2\/posts\/1745\/revisions\/1747"}],"wp:featuredmedia":[{"embeddable":true,"href":"https:\/\/www.notebook.hu\/blog\/wp-json\/wp\/v2\/media\/1746"}],"wp:attachment":[{"href":"https:\/\/www.notebook.hu\/blog\/wp-json\/wp\/v2\/media?parent=1745"}],"wp:term":[{"taxonomy":"category","embeddable":true,"href":"https:\/\/www.notebook.hu\/blog\/wp-json\/wp\/v2\/categories?post=1745"},{"taxonomy":"post_tag","embeddable":true,"href":"https:\/\/www.notebook.hu\/blog\/wp-json\/wp\/v2\/tags?post=1745"}],"curies":[{"name":"wp","href":"https:\/\/api.w.org\/{rel}","templated":true}]}}