{"id":1732,"date":"2017-03-16T09:00:23","date_gmt":"2017-03-16T08:00:23","guid":{"rendered":"http:\/\/www.notebook.hu\/blog\/?p=1732"},"modified":"2017-03-13T09:02:02","modified_gmt":"2017-03-13T08:02:02","slug":"igy-hasznalod-ki-a-technologia-lehetosegeit-ii-meg-8-teny-a-nagyvilagbol","status":"publish","type":"post","link":"https:\/\/www.notebook.hu\/blog\/igy-hasznalod-ki-a-technologia-lehetosegeit-ii-meg-8-teny-a-nagyvilagbol\/","title":{"rendered":"\u00cdgy haszn\u00e1lod ki a technol\u00f3gia lehet\u0151s\u00e9geit II. &#8211; M\u00e9g 8 t\u00e9ny a nagyvil\u00e1gb\u00f3l"},"content":{"rendered":"<p>&nbsp;<\/p>\n<p><strong>Tudni szeretn\u00e9d, milyen m\u00e9rt\u00e9kben van jelen a technol\u00f3gia mindennapi \u00e9letedben? Sokkal nagyobb szerepet j\u00e1tszik a h\u00e9tk\u00f6znapjaidban, mint gondoln\u00e1d. El\u0151z\u0151 \u00edr\u00e1sunkban m\u00e1r ismertett\u00fcnk n\u00e9h\u00e1ny megh\u00f6kkent\u0151 sz\u00e1madatot, de m\u00e9g mindig van egy-k\u00e9t dolog a tarsolyunkban.<\/strong><\/p>\n<ol>\n<li><strong>Mennyi id\u0151t t\u00f6lt\u00fcnk netez\u00e9ssel?<\/strong><\/li>\n<\/ol>\n<p>Egy spanyolorsz\u00e1gi kutat\u00e1s kider\u00edtette, hogy 5-b\u0151l 2 spanyol (azaz 13 milli\u00f3 felhaszn\u00e1l\u00f3) napi 3 \u00f3r\u00e1t netezik nem szakmai okok miatt.<\/p>\n<p>Enn\u00e9l m\u00e9g meglep\u0151bb az, hogy a spanyol netez\u0151k 14%-a (4,7 milli\u00f3an) szem\u00e9lyes, esetleg szabadid\u0151s okokb\u00f3l 5 \u00f3r\u00e1t is elt\u00f6ltenek a vil\u00e1gh\u00e1l\u00f3n.<\/p>\n<ol start=\"2\">\n<li><strong>Amikor k\u00e9tjegy\u0171 az \u00e9letkorod, j\u00e1r az okostelefon.<\/strong><\/li>\n<\/ol>\n<p>A gyermekek k\u00f6r\u00e9ben is egyre n\u00e9pszer\u0171bbek az okostelefonok, \u00edgy a technol\u00f3gia v\u00edvm\u00e1nyai. \u00c1ltal\u00e1ban elmondhat\u00f3, hogy a cs\u00f6pps\u00e9gek az els\u0151 mobiljukat 11-12 \u00e9ves korukban kapj\u00e1k.<\/p>\n<ol start=\"3\">\n<li><strong>Alkalmaz\u00e1sgy\u0171jt\u00e9s<\/strong><\/li>\n<\/ol>\n<p>A felhaszn\u00e1l\u00f3k 49%-a hetente legal\u00e1bb egyszer haszn\u00e1lja a telefonj\u00e1ra telep\u00edtett 6-10 alkalmaz\u00e1st. Egy 2015. novemberi jelent\u00e9s szerint a mobiltelefon tulajdonosok 30%-a 1-10, m\u00edg a 32%-a 11-20 alkalmaz\u00e1st t\u00f6lt\u00f6tt le k\u00e9sz\u00fcl\u00e9k\u00e9re.<\/p>\n<ol start=\"4\">\n<li><strong>Amikor elutazol&#8230;<\/strong><\/li>\n<\/ol>\n<p>az e-mail alkalmaz\u00e1sodat \u00e9s az azonnali \u00fczenetk\u00fcld\u00e9sre haszn\u00e1latos applik\u00e1ci\u00f3idat (61%), a fot\u00f3s \u00e9s vide\u00f3s alkalmaz\u00e1sokat (50%), t\u00e9rk\u00e9peket \u00e9s navig\u00e1ci\u00f3t (47%), k\u00f6z\u00f6ss\u00e9gi h\u00e1l\u00f3zatokat (45%) \u00e9s id\u0151j\u00e1r\u00e1s-el\u0151rejelz\u00e9seket (38%) b\u00f6ng\u00e9szel.<\/p>\n<ol start=\"5\">\n<li><strong>Nem is f\u00e9r el ennyi k\u00e9sz\u00fcl\u00e9k a kezedben!<\/strong><\/li>\n<\/ol>\n<p>Okostelefonok, laptopok, tabletek, e-book olvas\u00f3k&#8230; egy \u00e1tlagos felhaszn\u00e1l\u00f3 t\u00f6bb mint 3-mat birtokol ezek k\u00f6z\u00fcl.<\/p>\n<ol start=\"6\">\n<li><strong>K\u00f6z\u00f6ss\u00e9gi h\u00e1l\u00f3zatok<\/strong><\/li>\n<\/ol>\n<p>H\u00e1ny k\u00f6z\u00f6ss\u00e9gi oldalon regisztr\u00e1lt\u00e1l? Az internet felhaszn\u00e1l\u00f3i \u00e1tlagosan 5,54 k\u00f6z\u00f6ss\u00e9gi oldalakhoz tartoz\u00f3 profillal rendelkeznek.<\/p>\n<ol start=\"7\">\n<li><strong>Mennyit blogolunk?<\/strong><\/li>\n<\/ol>\n<p>Csak a WordPress-en 73,9 milli\u00f3 \u00faj bejegyz\u00e9s k\u00e9sz\u00fcl havonta.<\/p>\n<ol start=\"8\">\n<li><strong>Te mit keresel a neten?<\/strong><\/li>\n<\/ol>\n<p>A Google kb. 100 milli\u00e1rd keres\u00e9st regisztr\u00e1l havonta. Ez azt jelenti, hogy minden egyes m\u00e1sodpercben 40 ezer keres\u00e9st hajtunk v\u00e9gre.<\/p>\n","protected":false},"excerpt":{"rendered":"<p>&nbsp; Tudni szeretn\u00e9d, milyen m\u00e9rt\u00e9kben van jelen a technol\u00f3gia mindennapi \u00e9letedben? Sokkal nagyobb szerepet j\u00e1tszik a h\u00e9tk\u00f6znapjaidban, mint gondoln\u00e1d. El\u0151z\u0151 \u00edr\u00e1sunkban m\u00e1r ismertett\u00fcnk n\u00e9h\u00e1ny megh\u00f6kkent\u0151 sz\u00e1madatot, de m\u00e9g mindig van egy-k\u00e9t dolog a tarsolyunkban. Mennyi id\u0151t t\u00f6lt\u00fcnk netez\u00e9ssel? Egy spanyolorsz\u00e1gi kutat\u00e1s kider\u00edtette, hogy 5-b\u0151l 2 spanyol (azaz 13 milli\u00f3 felhaszn\u00e1l\u00f3) napi 3 \u00f3r\u00e1t netezik nem &hellip;<\/p>\n","protected":false},"author":1,"featured_media":1733,"comment_status":"closed","ping_status":"open","sticky":false,"template":"","format":"standard","meta":{"_jetpack_memberships_contains_paid_content":false,"footnotes":""},"categories":[42],"tags":[47],"class_list":["post-1732","post","type-post","status-publish","format-standard","has-post-thumbnail","","category-cikkek","tag-okostelefon-mobiltelefon"],"jetpack_featured_media_url":"https:\/\/www.notebook.hu\/blog\/wp-content\/uploads\/2017\/03\/07_2.jpg","jetpack_shortlink":"https:\/\/wp.me\/p9xSLL-rW","jetpack_sharing_enabled":true,"_links":{"self":[{"href":"https:\/\/www.notebook.hu\/blog\/wp-json\/wp\/v2\/posts\/1732","targetHints":{"allow":["GET"]}}],"collection":[{"href":"https:\/\/www.notebook.hu\/blog\/wp-json\/wp\/v2\/posts"}],"about":[{"href":"https:\/\/www.notebook.hu\/blog\/wp-json\/wp\/v2\/types\/post"}],"author":[{"embeddable":true,"href":"https:\/\/www.notebook.hu\/blog\/wp-json\/wp\/v2\/users\/1"}],"replies":[{"embeddable":true,"href":"https:\/\/www.notebook.hu\/blog\/wp-json\/wp\/v2\/comments?post=1732"}],"version-history":[{"count":1,"href":"https:\/\/www.notebook.hu\/blog\/wp-json\/wp\/v2\/posts\/1732\/revisions"}],"predecessor-version":[{"id":1734,"href":"https:\/\/www.notebook.hu\/blog\/wp-json\/wp\/v2\/posts\/1732\/revisions\/1734"}],"wp:featuredmedia":[{"embeddable":true,"href":"https:\/\/www.notebook.hu\/blog\/wp-json\/wp\/v2\/media\/1733"}],"wp:attachment":[{"href":"https:\/\/www.notebook.hu\/blog\/wp-json\/wp\/v2\/media?parent=1732"}],"wp:term":[{"taxonomy":"category","embeddable":true,"href":"https:\/\/www.notebook.hu\/blog\/wp-json\/wp\/v2\/categories?post=1732"},{"taxonomy":"post_tag","embeddable":true,"href":"https:\/\/www.notebook.hu\/blog\/wp-json\/wp\/v2\/tags?post=1732"}],"curies":[{"name":"wp","href":"https:\/\/api.w.org\/{rel}","templated":true}]}}